{"id":55533,"date":"2025-06-21T18:28:44","date_gmt":"2025-06-21T21:28:44","guid":{"rendered":"https:\/\/radiorevelacionfm.cl\/?p=55533"},"modified":"2025-06-21T18:28:44","modified_gmt":"2025-06-21T21:28:44","slug":"edelaysen-realizo-webinar-sobre-el-impacto-del-cambio-climatico-en-la-continuidad-del-servicio-electrico","status":"publish","type":"post","link":"https:\/\/radiorevelacionfm.cl\/?p=55533","title":{"rendered":"Edelaysen realiz\u00f3 webinar sobre el impacto del cambio clim\u00e1tico en la continuidad del servicio el\u00e9ctrico"},"content":{"rendered":"<div class=\"flex_column av_one_full  flex_column_div av-zero-column-padding first  avia-builder-el-0  el_before_av_one_full  avia-builder-el-first  \" style='border-radius:0px; '><div  class='avia-image-container  av-styling-    avia-builder-el-1  avia-builder-el-no-sibling  avia-align-center '  itemprop=\"image\" itemscope=\"itemscope\" itemtype=\"https:\/\/schema.org\/ImageObject\"  ><div class='avia-image-container-inner'><div class='avia-image-overlay-wrap'><img decoding=\"async\" class='wp-image-55534 avia-img-lazy-loading-not-55534 avia_image' src=\"https:\/\/radiorevelacionfm.cl\/wp-content\/uploads\/2025\/06\/17.05.2025-Sistema-Frontal-2-1-1-1.jpeg\" alt='' title='17.05.2025 Sistema Frontal (2) (1) (1) (1)' height=\"600\" width=\"800\"  itemprop=\"thumbnailUrl\" srcset=\"https:\/\/radiorevelacionfm.cl\/wp-content\/uploads\/2025\/06\/17.05.2025-Sistema-Frontal-2-1-1-1.jpeg 800w, https:\/\/radiorevelacionfm.cl\/wp-content\/uploads\/2025\/06\/17.05.2025-Sistema-Frontal-2-1-1-1-300x225.jpeg 300w, https:\/\/radiorevelacionfm.cl\/wp-content\/uploads\/2025\/06\/17.05.2025-Sistema-Frontal-2-1-1-1-768x576.jpeg 768w, https:\/\/radiorevelacionfm.cl\/wp-content\/uploads\/2025\/06\/17.05.2025-Sistema-Frontal-2-1-1-1-705x529.jpeg 705w, https:\/\/radiorevelacionfm.cl\/wp-content\/uploads\/2025\/06\/17.05.2025-Sistema-Frontal-2-1-1-1-450x338.jpeg 450w, https:\/\/radiorevelacionfm.cl\/wp-content\/uploads\/2025\/06\/17.05.2025-Sistema-Frontal-2-1-1-1-600x450.jpeg 600w\" sizes=\"(max-width: 800px) 100vw, 800px\" \/><\/div><\/div><\/div><\/div><div class=\"flex_column av_one_full  flex_column_div av-zero-column-padding first  avia-builder-el-2  el_after_av_one_full  el_before_av_one_full  column-top-margin\" style='border-radius:0px; '><section class=\"av_textblock_section \"  itemscope=\"itemscope\" itemtype=\"https:\/\/schema.org\/BlogPosting\" itemprop=\"blogPost\" ><div class='avia_textblock  '   itemprop=\"text\" ><p style=\"text-align: center;\"><strong><span style=\"font-size: 18pt;\">Edelaysen realiz\u00f3 webinar sobre el impacto del cambio clim\u00e1tico en la continuidad del servicio el\u00e9ctrico<\/span><\/strong><\/p>\n<div id=\"gtx-trans\" style=\"position: absolute; left: -50px; top: 4.31534px;\">\n<div class=\"gtx-trans-icon\"><\/div>\n<\/div>\n<\/div><\/section><\/div><div class=\"flex_column av_one_full  flex_column_div av-zero-column-padding first  avia-builder-el-4  el_after_av_one_full  el_before_av_hr  column-top-margin\" style='border-radius:0px; '><section class=\"av_textblock_section \"  itemscope=\"itemscope\" itemtype=\"https:\/\/schema.org\/BlogPosting\" itemprop=\"blogPost\" ><div class='avia_textblock  '   itemprop=\"text\" ><p style=\"text-align: justify;\"><em>El encuentro virtual y presencial abord\u00f3 esta tem\u00e1tica junto a autoridades regionales, SEC, comunidad y representantes de emergencia de las distintas regiones de la zona sur del pa\u00eds.<\/em><\/p>\n<p style=\"text-align: justify;\">Liderado por el experto en meteorolog\u00eda, Phd. Jos\u00e9 Vergara y con la presencia tanto virtual como presencial por autoridades, este webinar gener\u00f3 gran inter\u00e9s para los asistentes invitados, al dejar de manifiesto el gran efecto que tiene el clima sobre la infraestructura urbana y el\u00e9ctrica.<\/p>\n<p style=\"text-align: justify;\">\u201cDebemos estar preparados para inviernos m\u00e1s fr\u00edos y lluviosos y veranos m\u00e1s secos y esa es responsabilidad es de cada uno de los integrantes de la sociedad\u201d, destac\u00f3 el meteor\u00f3logo.<\/p>\n<p style=\"text-align: justify;\">Durante la jornada, tambi\u00e9n se dieron a conocer los planes de continuidad de la empresa el\u00e9ctrica para enfrentar temporales de gran envergadura, y las acciones especiales que se realizan para mantener monitoreados a los clientes cr\u00edticos, como los pacientes electrodependientes.<\/p>\n<p style=\"text-align: justify;\">Desde la distribuidora expusieron Alex Salas, subgerente de Operaciones de Distribuci\u00f3n y Pablo Jaramillo, jefe de Viaje de Clientes, de Grupo Saesa. Adem\u00e1s, la jornada cont\u00f3 con la presencia de diversas autoridades desde la regi\u00f3n de Los R\u00edos hasta Ays\u00e9n.<\/p>\n<p style=\"text-align: justify;\">En la instancia, adem\u00e1s, los expositores destacaron la importancia de generar estos espacios de conversaci\u00f3n, porque \u201cestamos en una sociedad cada vez m\u00e1s dependiente de la energ\u00eda el\u00e9ctrica y la falta de suministro el\u00e9ctrico genera un tremendo impacto en la comunidad\u201d, indic\u00f3 Leonel Mart\u00ednez, gerente de Distribuci\u00f3n de Grupo Saesa.<\/p>\n<p style=\"text-align: justify;\">En Edelaysen insistieron en que el desaf\u00edo trasciende lo t\u00e9cnico: demanda voluntad pol\u00edtica, visi\u00f3n de largo plazo y alianzas p\u00fablico-privadas m\u00e1s activas. La coordinaci\u00f3n entre autoridades, empresas y comunidades ser\u00e1 clave para anticiparnos, proteger la infraestructura el\u00e9ctrica y asegurar un servicio continuo y seguro en un escenario clim\u00e1tico que ya cambi\u00f3.<\/p>\n<p style=\"text-align: justify;\">Mar\u00eda de los \u00c1ngeles Gajardo, jefa de Servicio al Cliente de Edelaysen se\u00f1al\u00f3 \u201cEste tipo de instancias nos permiten reflexionar sobre lo que ya hemos vivido como regi\u00f3n: temporales intensos, vientos prolongados y nieve que han puesto a prueba no solo la infraestructura, sino tambi\u00e9n nuestra capacidad de respuesta. Como Edelaysen, junto a Grupo Saesa hemos fortalecido la coordinaci\u00f3n interna, robusteciendo nuestras l\u00edneas el\u00e9ctricas y adaptando nuestros procesos para ser cada vez m\u00e1s resilientes. En tal sentido, agradecemos la convocatoria a esta jornada tanto de autoridades de toda la zona sur del pa\u00eds, as\u00ed como tambi\u00e9n de los medios de comunicaci\u00f3n por asistir a este evento\u201d.<\/p>\n<p style=\"text-align: justify;\">En tanto, el Seremi de Energ\u00eda Tom\u00e1s Laibe destaco sobre la actividad qu\u00e9 \u201cEn un territorio extenso y desafiante como Ays\u00e9n ya estamos viendo como la mayor intensidad de los fen\u00f3menos clim\u00e1ticos pone a prueba la continuidad del suministro el\u00e9ctrico. Estos espacios nos permiten anticiparnos, mejorar los planes de prevenci\u00f3n, compartir experiencias y avanzar hacia un sistema que sea m\u00e1s resiliente y seguro para nuestras comunidades\u201d.<\/p>\n<p style=\"text-align: justify;\">Es as\u00ed como estas transformaciones no solo fortalecen las redes el\u00e9ctricas, sino que tambi\u00e9n protegen a las familias, negocios y comunidades, minimizando las interrupciones y mejorando la calidad de vida de todos quienes dependen de un suministro estable y seguro, ahora y en el futuro.<\/p>\n<p style=\"text-align: justify;\"><strong>\u00a0<\/strong><\/p>\n<p style=\"text-align: justify;\"><strong>\u00a0<\/strong><\/p>\n<p style=\"text-align: justify;\"><strong>\u00a0<\/strong><\/p>\n<\/div><\/section><\/div><div  style='height:50px' class='hr hr-invisible   avia-builder-el-6  el_after_av_one_full  el_before_av_social_share '><span class='hr-inner ' ><span class='hr-inner-style'><\/span><\/span><\/div><\/p>\n<div  class='av-social-sharing-box  avia-builder-el-7  el_after_av_hr  el_before_av_hr  '><div class='av-share-box'><h5 class='av-share-link-description av-no-toc '>Compartir esta noticia<\/h5><ul class='av-share-box-list noLightbox'><li class='av-share-link av-social-link-facebook' ><a target=\"_blank\" aria-label=\"Compartir en Facebook\" href='https:\/\/www.facebook.com\/sharer.php?u=https:\/\/radiorevelacionfm.cl\/?p=55533&#038;t=Edelaysen%20realiz%C3%B3%20webinar%20sobre%20el%20impacto%20del%20cambio%20clim%C3%A1tico%20en%20la%20continuidad%20del%20servicio%20el%C3%A9ctrico' aria-hidden='false' data-av_icon='\ue8f3' data-av_iconfont='entypo-fontello' title='' data-avia-related-tooltip='Compartir en Facebook' rel=\"noopener\"><span class='avia_hidden_link_text'>Compartir en Facebook<\/span><\/a><\/li><li class='av-share-link av-social-link-twitter' ><a target=\"_blank\" aria-label=\"Compartir en Twitter\" href='https:\/\/twitter.com\/share?text=Edelaysen%20realiz%C3%B3%20webinar%20sobre%20el%20impacto%20del%20cambio%20clim%C3%A1tico%20en%20la%20continuidad%20del%20servicio%20el%C3%A9ctrico&#038;url=https:\/\/radiorevelacionfm.cl\/?p=55533' aria-hidden='false' data-av_icon='\ue8f1' data-av_iconfont='entypo-fontello' title='' data-avia-related-tooltip='Compartir en Twitter' rel=\"noopener\"><span class='avia_hidden_link_text'>Compartir en Twitter<\/span><\/a><\/li><li class='av-share-link av-social-link-whatsapp' ><a target=\"_blank\" aria-label=\"Compartir en Whatsapp\" href='https:\/\/api.whatsapp.com\/send?text=https:\/\/radiorevelacionfm.cl\/?p=55533' aria-hidden='false' data-av_icon='\uf232' data-av_iconfont='entypo-fontello' title='' data-avia-related-tooltip='Compartir en Whatsapp' rel=\"noopener\"><span class='avia_hidden_link_text'>Compartir en Whatsapp<\/span><\/a><\/li><li class='av-share-link av-social-link-linkedin' ><a target=\"_blank\" aria-label=\"Compartir en LinkedIn\" href='https:\/\/linkedin.com\/shareArticle?mini=true&#038;title=Edelaysen%20realiz%C3%B3%20webinar%20sobre%20el%20impacto%20del%20cambio%20clim%C3%A1tico%20en%20la%20continuidad%20del%20servicio%20el%C3%A9ctrico&#038;url=https:\/\/radiorevelacionfm.cl\/?p=55533' aria-hidden='false' data-av_icon='\ue8fc' data-av_iconfont='entypo-fontello' title='' data-avia-related-tooltip='Compartir en LinkedIn' rel=\"noopener\"><span class='avia_hidden_link_text'>Compartir en LinkedIn<\/span><\/a><\/li><li class='av-share-link av-social-link-mail' ><a  aria-label=\"Compartir por correo\" href='mailto:?subject=Edelaysen%20realiz%C3%B3%20webinar%20sobre%20el%20impacto%20del%20cambio%20clim%C3%A1tico%20en%20la%20continuidad%20del%20servicio%20el%C3%A9ctrico&#038;body=https:\/\/radiorevelacionfm.cl\/?p=55533' aria-hidden='false' data-av_icon='\ue805' data-av_iconfont='entypo-fontello' title='' data-avia-related-tooltip='Compartir por correo'><span class='avia_hidden_link_text'>Compartir por correo<\/span><\/a><\/li><\/ul><\/div><\/div>\n<div  style='height:50px' class='hr hr-invisible   avia-builder-el-8  el_after_av_social_share  el_before_av_comments_list '><span class='hr-inner ' ><span class='hr-inner-style'><\/span><\/span><\/div>\n<div  class='av-buildercomment  av-blog-meta-html-info-disabled av-blog-meta-tag-disabled  '><\/div>\n","protected":false},"excerpt":{"rendered":"","protected":false},"author":1,"featured_media":55534,"comment_status":"closed","ping_status":"closed","sticky":false,"template":"","format":"standard","meta":{"footnotes":""},"categories":[38],"tags":[],"class_list":["post-55533","post","type-post","status-publish","format-standard","has-post-thumbnail","hentry","category-regional"],"jetpack_featured_media_url":"https:\/\/radiorevelacionfm.cl\/wp-content\/uploads\/2025\/06\/17.05.2025-Sistema-Frontal-2-1-1-1.jpeg","_links":{"self":[{"href":"https:\/\/radiorevelacionfm.cl\/index.php?rest_route=\/wp\/v2\/posts\/55533","targetHints":{"allow":["GET"]}}],"collection":[{"href":"https:\/\/radiorevelacionfm.cl\/index.php?rest_route=\/wp\/v2\/posts"}],"about":[{"href":"https:\/\/radiorevelacionfm.cl\/index.php?rest_route=\/wp\/v2\/types\/post"}],"author":[{"embeddable":true,"href":"https:\/\/radiorevelacionfm.cl\/index.php?rest_route=\/wp\/v2\/users\/1"}],"replies":[{"embeddable":true,"href":"https:\/\/radiorevelacionfm.cl\/index.php?rest_route=%2Fwp%2Fv2%2Fcomments&post=55533"}],"version-history":[{"count":2,"href":"https:\/\/radiorevelacionfm.cl\/index.php?rest_route=\/wp\/v2\/posts\/55533\/revisions"}],"predecessor-version":[{"id":55536,"href":"https:\/\/radiorevelacionfm.cl\/index.php?rest_route=\/wp\/v2\/posts\/55533\/revisions\/55536"}],"wp:featuredmedia":[{"embeddable":true,"href":"https:\/\/radiorevelacionfm.cl\/index.php?rest_route=\/wp\/v2\/media\/55534"}],"wp:attachment":[{"href":"https:\/\/radiorevelacionfm.cl\/index.php?rest_route=%2Fwp%2Fv2%2Fmedia&parent=55533"}],"wp:term":[{"taxonomy":"category","embeddable":true,"href":"https:\/\/radiorevelacionfm.cl\/index.php?rest_route=%2Fwp%2Fv2%2Fcategories&post=55533"},{"taxonomy":"post_tag","embeddable":true,"href":"https:\/\/radiorevelacionfm.cl\/index.php?rest_route=%2Fwp%2Fv2%2Ftags&post=55533"}],"curies":[{"name":"wp","href":"https:\/\/api.w.org\/{rel}","templated":true}]}}