{"id":55524,"date":"2025-06-21T15:05:13","date_gmt":"2025-06-21T18:05:13","guid":{"rendered":"https:\/\/radiorevelacionfm.cl\/?p=55524"},"modified":"2025-06-21T15:05:13","modified_gmt":"2025-06-21T18:05:13","slug":"ministra-de-salud-inaugura-nuevo-cosam-de-puerto-aysen","status":"publish","type":"post","link":"https:\/\/radiorevelacionfm.cl\/?p=55524","title":{"rendered":"Ministra de Salud inaugura nuevo COSAM de Puerto Ays\u00e9n"},"content":{"rendered":"<div class=\"flex_column av_one_full  flex_column_div av-zero-column-padding first  avia-builder-el-0  el_before_av_one_full  avia-builder-el-first  \" style='border-radius:0px; '><div  class='avia-image-container  av-styling-    avia-builder-el-1  avia-builder-el-no-sibling  avia-align-center '  itemprop=\"image\" itemscope=\"itemscope\" itemtype=\"https:\/\/schema.org\/ImageObject\"  ><div class='avia-image-container-inner'><div class='avia-image-overlay-wrap'><img decoding=\"async\" class='wp-image-55525 avia-img-lazy-loading-not-55525 avia_image' src=\"https:\/\/radiorevelacionfm.cl\/wp-content\/uploads\/2025\/06\/cosam-3-1_optimized.jpeg\" alt='' title='cosam-3-(1)_optimized' height=\"600\" width=\"1067\"  itemprop=\"thumbnailUrl\" srcset=\"https:\/\/radiorevelacionfm.cl\/wp-content\/uploads\/2025\/06\/cosam-3-1_optimized.jpeg 1067w, https:\/\/radiorevelacionfm.cl\/wp-content\/uploads\/2025\/06\/cosam-3-1_optimized-300x169.jpeg 300w, https:\/\/radiorevelacionfm.cl\/wp-content\/uploads\/2025\/06\/cosam-3-1_optimized-1030x579.jpeg 1030w, https:\/\/radiorevelacionfm.cl\/wp-content\/uploads\/2025\/06\/cosam-3-1_optimized-768x432.jpeg 768w, https:\/\/radiorevelacionfm.cl\/wp-content\/uploads\/2025\/06\/cosam-3-1_optimized-705x396.jpeg 705w, https:\/\/radiorevelacionfm.cl\/wp-content\/uploads\/2025\/06\/cosam-3-1_optimized-450x253.jpeg 450w, https:\/\/radiorevelacionfm.cl\/wp-content\/uploads\/2025\/06\/cosam-3-1_optimized-600x337.jpeg 600w\" sizes=\"(max-width: 1067px) 100vw, 1067px\" \/><\/div><\/div><\/div><\/div><div class=\"flex_column av_one_full  flex_column_div av-zero-column-padding first  avia-builder-el-2  el_after_av_one_full  el_before_av_one_full  column-top-margin\" style='border-radius:0px; '><section class=\"av_textblock_section \"  itemscope=\"itemscope\" itemtype=\"https:\/\/schema.org\/BlogPosting\" itemprop=\"blogPost\" ><div class='avia_textblock  '   itemprop=\"text\" ><p style=\"text-align: center;\"><span style=\"font-size: 18pt;\"><b>Ministra de Salud inaugura nuevo COSAM de Puerto Ays\u00e9n<\/b><\/span><\/p>\n<div id=\"gtx-trans\" style=\"position: absolute; left: -50px; top: 4.31534px;\">\n<div class=\"gtx-trans-icon\"><\/div>\n<\/div>\n<\/div><\/section><\/div><div class=\"flex_column av_one_full  flex_column_div av-zero-column-padding first  avia-builder-el-4  el_after_av_one_full  el_before_av_hr  column-top-margin\" style='border-radius:0px; '><section class=\"av_textblock_section \"  itemscope=\"itemscope\" itemtype=\"https:\/\/schema.org\/BlogPosting\" itemprop=\"blogPost\" ><div class='avia_textblock  '   itemprop=\"text\" ><p class=\"v1gmail-MsoListParagraph\" style=\"text-align: justify;\"><i>La obra forma parte del compromiso presidencial para fortalecer la red de salud mental comunitaria en los territorios.<\/i><\/p>\n<p class=\"v1gmail-p1\" style=\"text-align: justify;\"><span class=\"v1gmail-s1\">El nuevo Centro de Salud Mental Comunitaria (COSAM) de Puerto Ays\u00e9n fue inaugurado este jueves en una ceremonia encabezada por la ministra de Salud,\u00a0<\/span><span class=\"v1gmail-s2\">Dra. Ximena Aguilera Sanhueza<\/span><span class=\"v1gmail-s1\">, junto a autoridades regionales, equipos de salud y representantes de la comunidad.<\/span><\/p>\n<p class=\"v1gmail-p1\" style=\"text-align: justify;\"><span class=\"v1gmail-s1\">La obra considera una superficie total de\u00a0<\/span><span class=\"v1gmail-s2\">208,7 m\u00b2<\/span><span class=\"v1gmail-s1\">, y fue ejecutada en el terreno de la ex Delegaci\u00f3n Provincial con una inversi\u00f3n superior a los\u00a0<\/span><span class=\"v1gmail-s2\">350 millones de pesos<\/span><span class=\"v1gmail-s1\">\u00a0por parte del Ministerio de Salud. En su interior alberga box de atenci\u00f3n cl\u00ednica, multiprop\u00f3sito, salas de procedimientos, de entrevistas, de espera, \u00e1reas de apoyo administrativo y servicios higi\u00e9nicos con acceso universal.<\/span><\/p>\n<p class=\"v1gmail-p1\" style=\"text-align: justify;\">\u00ab<span class=\"v1gmail-s1\">Estoy muy satisfecha de haber tenido la posibilidad de recibir las llaves y de realizar el corte de cinta de este Centro Comunitaria de Salud Mental. Fue muy gratificante ver a los equipos entusiasmados, trabajando con la comunidad, y tambi\u00e9n escuchar los testimonios de pacientes que sienten que hoy cuentan con mejores condiciones para atender sus afecciones y seguir luchando por una sociedad m\u00e1s saludable, de todo punto de vista, tambi\u00e9n en lo mental. Adem\u00e1s, este avance contribuye a reducir el estigma asociado a los problemas de salud mental\u00bb,\u00a0<\/span>se\u00f1al\u00f3 la Dra. Ximena Aguilera Sanhueza, ministra de Salud.<\/p>\n<p class=\"v1gmail-p1\" style=\"text-align: justify;\"><span class=\"v1gmail-s1\">El centro est\u00e1 orientado a la atenci\u00f3n de personas\u00a0<\/span><span class=\"v1gmail-s2\">del ciclo vital adulto<\/span><span class=\"v1gmail-s1\">\u00a0y forma parte de un conjunto de infraestructuras de salud mental comunitaria que opera en la comuna de Puerto Ays\u00e9n, junto al dispositivo infantojuvenil y los programas de tratamiento ambulatorio para poblaci\u00f3n adolescente y adulta.<\/span><\/p>\n<p class=\"v1gmail-p1\" style=\"text-align: justify;\"><span class=\"v1gmail-s1\">Con esta obra se da respuesta a una necesidad prioritaria en salud mental en la zona norte de la regi\u00f3n, beneficiando directamente a comunidades como\u00a0<\/span><span class=\"v1gmail-s2\">La Junta, Ra\u00fal Mar\u00edn Balmaceda, Puyuhuapi, Lago Verde, Ma\u00f1ihuales, Melinka, Islas Huichas, Puerto Ays\u00e9n<\/span><span class=\"v1gmail-s1\">, entre otras.<\/span><\/p>\n<p class=\"v1MsoNormal\" style=\"text-align: justify;\"><span class=\"v1gmail-s1\">\u00abPara el Gobierno del Presidente Boric, concretar este proyecto nos llena de satisfacci\u00f3n, porque significa formar parte de la soluci\u00f3n. Ays\u00e9n tiene muchos problemas, pero hay que ponerse del lado de la soluci\u00f3n.<\/span>\u00a0<span class=\"v1gmail-s1\">Creo que en esta oportunidad el Ministerio del Interior tambi\u00e9n contribuy\u00f3 poni\u00e9ndose del lado de la gente de Ays\u00e9n, con una necesidad que era muy sentida. El traspaso de esta propiedad, de estas instalaciones, fue fundamental para poder concretar este proyecto. Por lo tanto, como Gobierno y como Ministerio del Interior, a trav\u00e9s de la Delegaci\u00f3n Provincial, fue clave lograr que esto se materializara. Estamos muy contentos por la gente de Ays\u00e9n\u00bb, manifest\u00f3\u00a0<\/span>Jorge D\u00edaz Guzm\u00e1n, delegado presidencial regional Ays\u00e9n.<\/p>\n<p class=\"v1gmail-p1\" style=\"text-align: justify;\"><span class=\"v1gmail-s1\">Posteriormente, la ministra se traslad\u00f3 hasta el\u00a0<\/span><span class=\"v1gmail-s2\">Hospital Regional de Coyhaique<\/span><span class=\"v1gmail-s1\">, donde recorri\u00f3 junto al equipo directivo, la directora (s) del recinto,\u00a0<\/span><span class=\"v1gmail-s2\">Victoria Pinto<\/span><span class=\"v1gmail-s1\">, y el director del Servicio de Salud Ays\u00e9n,\u00a0<\/span><span class=\"v1gmail-s2\">Juan Pablo Bravo Quintana<\/span><span class=\"v1gmail-s1\">, distintas unidades cl\u00ednicas como Farmacia, Unidad Hospitalaria de Corta Estad\u00eda (UHCE), Unidad de Tratamientos Intermedios (UTI), Unidad de Cuidados Intensivos (UCI) y Cirug\u00eda Mayor Ambulatoria (CMA).<\/span><\/p>\n<p class=\"v1gmail-p1\" style=\"text-align: justify;\"><span class=\"v1gmail-s1\">En terreno, pudo conocer los avances del proyecto de\u00a0<\/span><span class=\"v1gmail-s2\">angi\u00f3grafo, la futura UPC pedi\u00e1trica<\/span><span class=\"v1gmail-s1\">, as\u00ed como la\u00a0<\/span><span class=\"v1gmail-s2\">regularizaci\u00f3n de los servicios de Oncolog\u00eda y Hematolog\u00eda<\/span><span class=\"v1gmail-s1\">.<\/span><\/p>\n<p class=\"v1gmail-p1\" style=\"text-align: justify;\"><span class=\"v1gmail-s1\">\u00abEste a\u00f1o se va a cerrar el estudio preinversional del Hospital Regional Coyhaique, y esperamos cumplir con los plazos que compromet\u00ed al asumir: entre 8 a 10 a\u00f1os para contar con un nuevo hospital para la regi\u00f3n. Esta tambi\u00e9n es una necesidad muy sentida por nuestra poblaci\u00f3n y por las y los funcionarios. Hay que recordar que este a\u00f1o se cumplieron 10 a\u00f1os desde que surgi\u00f3 la primera idea y se obtuvo la primera Recomendaci\u00f3n Satisfactoria (RS), para el hospital regional, as\u00ed que tenemos que cumplir y trabajar con seriedad para que ese nuevo hospital sea una realidad.\u00bb, acot\u00f3 el director del Servicio de Salud Ays\u00e9n.<\/span><\/p>\n<p class=\"v1gmail-p1\" style=\"text-align: justify;\"><span class=\"v1gmail-s1\">Durante la jornada, organizaciones sociales, gremios de la salud y representantes del Consejo de la Sociedad Civil (COSOC) entregaron cartas a la ministra de Salud, expresando demandas relacionadas con la infraestructura, tiempos de atenci\u00f3n y condiciones laborales en la red asistencial.<\/span><\/p>\n<\/div><\/section><\/div><div  style='height:50px' class='hr hr-invisible   avia-builder-el-6  el_after_av_one_full  el_before_av_social_share '><span class='hr-inner ' ><span class='hr-inner-style'><\/span><\/span><\/div><\/p>\n<div  class='av-social-sharing-box  avia-builder-el-7  el_after_av_hr  el_before_av_hr  '><div class='av-share-box'><h5 class='av-share-link-description av-no-toc '>Compartir esta noticia<\/h5><ul class='av-share-box-list noLightbox'><li class='av-share-link av-social-link-facebook' ><a target=\"_blank\" aria-label=\"Compartir en Facebook\" href='https:\/\/www.facebook.com\/sharer.php?u=https:\/\/radiorevelacionfm.cl\/?p=55524&#038;t=Ministra%20de%20Salud%20inaugura%20nuevo%20COSAM%20de%20Puerto%20Ays%C3%A9n' aria-hidden='false' data-av_icon='\ue8f3' data-av_iconfont='entypo-fontello' title='' data-avia-related-tooltip='Compartir en Facebook' rel=\"noopener\"><span class='avia_hidden_link_text'>Compartir en Facebook<\/span><\/a><\/li><li class='av-share-link av-social-link-twitter' ><a target=\"_blank\" aria-label=\"Compartir en Twitter\" href='https:\/\/twitter.com\/share?text=Ministra%20de%20Salud%20inaugura%20nuevo%20COSAM%20de%20Puerto%20Ays%C3%A9n&#038;url=https:\/\/radiorevelacionfm.cl\/?p=55524' aria-hidden='false' data-av_icon='\ue8f1' data-av_iconfont='entypo-fontello' title='' data-avia-related-tooltip='Compartir en Twitter' rel=\"noopener\"><span class='avia_hidden_link_text'>Compartir en Twitter<\/span><\/a><\/li><li class='av-share-link av-social-link-whatsapp' ><a target=\"_blank\" aria-label=\"Compartir en Whatsapp\" href='https:\/\/api.whatsapp.com\/send?text=https:\/\/radiorevelacionfm.cl\/?p=55524' aria-hidden='false' data-av_icon='\uf232' data-av_iconfont='entypo-fontello' title='' data-avia-related-tooltip='Compartir en Whatsapp' rel=\"noopener\"><span class='avia_hidden_link_text'>Compartir en Whatsapp<\/span><\/a><\/li><li class='av-share-link av-social-link-linkedin' ><a target=\"_blank\" aria-label=\"Compartir en LinkedIn\" href='https:\/\/linkedin.com\/shareArticle?mini=true&#038;title=Ministra%20de%20Salud%20inaugura%20nuevo%20COSAM%20de%20Puerto%20Ays%C3%A9n&#038;url=https:\/\/radiorevelacionfm.cl\/?p=55524' aria-hidden='false' data-av_icon='\ue8fc' data-av_iconfont='entypo-fontello' title='' data-avia-related-tooltip='Compartir en LinkedIn' rel=\"noopener\"><span class='avia_hidden_link_text'>Compartir en LinkedIn<\/span><\/a><\/li><li class='av-share-link av-social-link-mail' ><a  aria-label=\"Compartir por correo\" href='mailto:?subject=Ministra%20de%20Salud%20inaugura%20nuevo%20COSAM%20de%20Puerto%20Ays%C3%A9n&#038;body=https:\/\/radiorevelacionfm.cl\/?p=55524' aria-hidden='false' data-av_icon='\ue805' data-av_iconfont='entypo-fontello' title='' data-avia-related-tooltip='Compartir por correo'><span class='avia_hidden_link_text'>Compartir por correo<\/span><\/a><\/li><\/ul><\/div><\/div>\n<div  style='height:50px' class='hr hr-invisible   avia-builder-el-8  el_after_av_social_share  el_before_av_comments_list '><span class='hr-inner ' ><span class='hr-inner-style'><\/span><\/span><\/div>\n<div  class='av-buildercomment  av-blog-meta-html-info-disabled av-blog-meta-tag-disabled  '><\/div>\n","protected":false},"excerpt":{"rendered":"","protected":false},"author":1,"featured_media":55525,"comment_status":"closed","ping_status":"closed","sticky":false,"template":"","format":"standard","meta":{"footnotes":""},"categories":[46],"tags":[],"class_list":["post-55524","post","type-post","status-publish","format-standard","has-post-thumbnail","hentry","category-salud"],"jetpack_featured_media_url":"https:\/\/radiorevelacionfm.cl\/wp-content\/uploads\/2025\/06\/cosam-3-1_optimized.jpeg","_links":{"self":[{"href":"https:\/\/radiorevelacionfm.cl\/index.php?rest_route=\/wp\/v2\/posts\/55524","targetHints":{"allow":["GET"]}}],"collection":[{"href":"https:\/\/radiorevelacionfm.cl\/index.php?rest_route=\/wp\/v2\/posts"}],"about":[{"href":"https:\/\/radiorevelacionfm.cl\/index.php?rest_route=\/wp\/v2\/types\/post"}],"author":[{"embeddable":true,"href":"https:\/\/radiorevelacionfm.cl\/index.php?rest_route=\/wp\/v2\/users\/1"}],"replies":[{"embeddable":true,"href":"https:\/\/radiorevelacionfm.cl\/index.php?rest_route=%2Fwp%2Fv2%2Fcomments&post=55524"}],"version-history":[{"count":2,"href":"https:\/\/radiorevelacionfm.cl\/index.php?rest_route=\/wp\/v2\/posts\/55524\/revisions"}],"predecessor-version":[{"id":55527,"href":"https:\/\/radiorevelacionfm.cl\/index.php?rest_route=\/wp\/v2\/posts\/55524\/revisions\/55527"}],"wp:featuredmedia":[{"embeddable":true,"href":"https:\/\/radiorevelacionfm.cl\/index.php?rest_route=\/wp\/v2\/media\/55525"}],"wp:attachment":[{"href":"https:\/\/radiorevelacionfm.cl\/index.php?rest_route=%2Fwp%2Fv2%2Fmedia&parent=55524"}],"wp:term":[{"taxonomy":"category","embeddable":true,"href":"https:\/\/radiorevelacionfm.cl\/index.php?rest_route=%2Fwp%2Fv2%2Fcategories&post=55524"},{"taxonomy":"post_tag","embeddable":true,"href":"https:\/\/radiorevelacionfm.cl\/index.php?rest_route=%2Fwp%2Fv2%2Ftags&post=55524"}],"curies":[{"name":"wp","href":"https:\/\/api.w.org\/{rel}","templated":true}]}}