{"id":55521,"date":"2025-06-21T15:10:36","date_gmt":"2025-06-21T18:10:36","guid":{"rendered":"https:\/\/radiorevelacionfm.cl\/?p=55521"},"modified":"2025-06-21T15:10:36","modified_gmt":"2025-06-21T18:10:36","slug":"en-minera-el-toqui-ponen-en-funcionamiento-biodigestor-para-tratamiento-de-desechos-organicos","status":"publish","type":"post","link":"https:\/\/radiorevelacionfm.cl\/?p=55521","title":{"rendered":"En Minera El Toqui ponen en funcionamiento biodigestor para tratamiento de desechos org\u00e1nicos"},"content":{"rendered":"<div class=\"flex_column av_one_full  flex_column_div av-zero-column-padding first  avia-builder-el-0  el_before_av_one_full  avia-builder-el-first  \" style='border-radius:0px; '><div  class='avia-image-container  av-styling-    avia-builder-el-1  avia-builder-el-no-sibling  avia-align-center '  itemprop=\"image\" itemscope=\"itemscope\" itemtype=\"https:\/\/schema.org\/ImageObject\"  ><div class='avia-image-container-inner'><div class='avia-image-overlay-wrap'><img decoding=\"async\" class='wp-image-55522 avia-img-lazy-loading-not-55522 avia_image' src=\"https:\/\/radiorevelacionfm.cl\/wp-content\/uploads\/2025\/06\/img_8067-1_optimized.jpg\" alt='' title='img_8067-(1)_optimized' height=\"600\" width=\"800\"  itemprop=\"thumbnailUrl\" srcset=\"https:\/\/radiorevelacionfm.cl\/wp-content\/uploads\/2025\/06\/img_8067-1_optimized.jpg 800w, https:\/\/radiorevelacionfm.cl\/wp-content\/uploads\/2025\/06\/img_8067-1_optimized-300x225.jpg 300w, https:\/\/radiorevelacionfm.cl\/wp-content\/uploads\/2025\/06\/img_8067-1_optimized-768x576.jpg 768w, https:\/\/radiorevelacionfm.cl\/wp-content\/uploads\/2025\/06\/img_8067-1_optimized-705x529.jpg 705w, https:\/\/radiorevelacionfm.cl\/wp-content\/uploads\/2025\/06\/img_8067-1_optimized-450x338.jpg 450w, https:\/\/radiorevelacionfm.cl\/wp-content\/uploads\/2025\/06\/img_8067-1_optimized-600x450.jpg 600w\" sizes=\"(max-width: 800px) 100vw, 800px\" \/><\/div><\/div><\/div><\/div><div class=\"flex_column av_one_full  flex_column_div av-zero-column-padding first  avia-builder-el-2  el_after_av_one_full  el_before_av_one_full  column-top-margin\" style='border-radius:0px; '><section class=\"av_textblock_section \"  itemscope=\"itemscope\" itemtype=\"https:\/\/schema.org\/BlogPosting\" itemprop=\"blogPost\" ><div class='avia_textblock  '   itemprop=\"text\" ><p style=\"text-align: center;\"><strong><span style=\"font-size: 18pt;\">En Minera El Toqui ponen en funcionamiento biodigestor para tratamiento de desechos org\u00e1nicos<\/span><\/strong><\/p>\n<div id=\"gtx-trans\" style=\"position: absolute; left: -50px; top: 4.31534px;\">\n<div class=\"gtx-trans-icon\"><\/div>\n<\/div>\n<\/div><\/section><\/div><div class=\"flex_column av_one_full  flex_column_div av-zero-column-padding first  avia-builder-el-4  el_after_av_one_full  el_before_av_hr  column-top-margin\" style='border-radius:0px; '><section class=\"av_textblock_section \"  itemscope=\"itemscope\" itemtype=\"https:\/\/schema.org\/BlogPosting\" itemprop=\"blogPost\" ><div class='avia_textblock  '   itemprop=\"text\" ><p style=\"text-align: justify;\">Como parte de una pol\u00edtica de gesti\u00f3n ambiental, Minera Pac\u00edfico del Sur puso en funcionamiento un biodigestor, que es una estructura dise\u00f1ada para la descomposici\u00f3n de desechos org\u00e1nicos. En este caso todos los desechos del casino que se generan por parte de la alimentaci\u00f3n de los 350 trabajadores son ingresados a esta estructura donde se genera el proceso de digesti\u00f3n obteniendo finalmente un fertilizante de alto poder nutritivo.<\/p>\n<p style=\"text-align: justify;\">Este importante producto es utilizado en la remediaci\u00f3n de suelos y as\u00ed tambi\u00e9n en una iniciativa de reforestaci\u00f3n en los alrededores de la minera que permiten embellecer y aportar al medio ambiente.<\/p>\n<p style=\"text-align: justify;\">Para el asesor en gesti\u00f3n ambiental de la minera Ricardo Inostroza, esta iniciativa ha demostrado tener muy buenos resultados.\u00a0\u00abCuando planteamos a nuestra gerencia desarrollar este proyecto no dudamos en ponerla en funcionamiento, ya que con ello nos hacemos cargo de los desechos que nosotros mismos generamos y as\u00ed tambi\u00e9n convertimos estos desechos en un producto \u00fatil para diversas iniciativas vinculadas al medio ambiente. Hoy recuperamos \u00e1rboles, los abonamos, les hacemos un seguimiento de crecimiento y luego los plantamos en zonas claves de nuestra empresa\u00bb.<\/p>\n<p style=\"text-align: justify;\">Los \u00e1rboles que han sido producidos gracias al abono del\u00a0biodigestor y posteriormente plantados son:\u00a0Lengas, Coigues, Ciruelillos, \u00c1lamos entre otros.<\/p>\n<p style=\"text-align: justify;\">El proyecto contempla seguir procesando los desechos org\u00e1nicos buscando con ello lograr seguir aportando desde la responsabilidad ambiental y contar con \u00e1rboles que puedan ser utilizados para reforestaci\u00f3n.<\/p>\n<\/div><\/section><\/div><div  style='height:50px' class='hr hr-invisible   avia-builder-el-6  el_after_av_one_full  el_before_av_social_share '><span class='hr-inner ' ><span class='hr-inner-style'><\/span><\/span><\/div><\/p>\n<div  class='av-social-sharing-box  avia-builder-el-7  el_after_av_hr  el_before_av_hr  '><div class='av-share-box'><h5 class='av-share-link-description av-no-toc '>Compartir esta noticia<\/h5><ul class='av-share-box-list noLightbox'><li class='av-share-link av-social-link-facebook' ><a target=\"_blank\" aria-label=\"Compartir en Facebook\" href='https:\/\/www.facebook.com\/sharer.php?u=https:\/\/radiorevelacionfm.cl\/?p=55521&#038;t=En%20Minera%20El%20Toqui%20ponen%20en%20funcionamiento%20biodigestor%20para%20tratamiento%20de%20desechos%20org%C3%A1nicos' aria-hidden='false' data-av_icon='\ue8f3' data-av_iconfont='entypo-fontello' title='' data-avia-related-tooltip='Compartir en Facebook' rel=\"noopener\"><span class='avia_hidden_link_text'>Compartir en Facebook<\/span><\/a><\/li><li class='av-share-link av-social-link-twitter' ><a target=\"_blank\" aria-label=\"Compartir en Twitter\" href='https:\/\/twitter.com\/share?text=En%20Minera%20El%20Toqui%20ponen%20en%20funcionamiento%20biodigestor%20para%20tratamiento%20de%20desechos%20org%C3%A1nicos&#038;url=https:\/\/radiorevelacionfm.cl\/?p=55521' aria-hidden='false' data-av_icon='\ue8f1' data-av_iconfont='entypo-fontello' title='' data-avia-related-tooltip='Compartir en Twitter' rel=\"noopener\"><span class='avia_hidden_link_text'>Compartir en Twitter<\/span><\/a><\/li><li class='av-share-link av-social-link-whatsapp' ><a target=\"_blank\" aria-label=\"Compartir en Whatsapp\" href='https:\/\/api.whatsapp.com\/send?text=https:\/\/radiorevelacionfm.cl\/?p=55521' aria-hidden='false' data-av_icon='\uf232' data-av_iconfont='entypo-fontello' title='' data-avia-related-tooltip='Compartir en Whatsapp' rel=\"noopener\"><span class='avia_hidden_link_text'>Compartir en Whatsapp<\/span><\/a><\/li><li class='av-share-link av-social-link-linkedin' ><a target=\"_blank\" aria-label=\"Compartir en LinkedIn\" href='https:\/\/linkedin.com\/shareArticle?mini=true&#038;title=En%20Minera%20El%20Toqui%20ponen%20en%20funcionamiento%20biodigestor%20para%20tratamiento%20de%20desechos%20org%C3%A1nicos&#038;url=https:\/\/radiorevelacionfm.cl\/?p=55521' aria-hidden='false' data-av_icon='\ue8fc' data-av_iconfont='entypo-fontello' title='' data-avia-related-tooltip='Compartir en LinkedIn' rel=\"noopener\"><span class='avia_hidden_link_text'>Compartir en LinkedIn<\/span><\/a><\/li><li class='av-share-link av-social-link-mail' ><a  aria-label=\"Compartir por correo\" href='mailto:?subject=En%20Minera%20El%20Toqui%20ponen%20en%20funcionamiento%20biodigestor%20para%20tratamiento%20de%20desechos%20org%C3%A1nicos&#038;body=https:\/\/radiorevelacionfm.cl\/?p=55521' aria-hidden='false' data-av_icon='\ue805' data-av_iconfont='entypo-fontello' title='' data-avia-related-tooltip='Compartir por correo'><span class='avia_hidden_link_text'>Compartir por correo<\/span><\/a><\/li><\/ul><\/div><\/div>\n<div  style='height:50px' class='hr hr-invisible   avia-builder-el-8  el_after_av_social_share  el_before_av_comments_list '><span class='hr-inner ' ><span class='hr-inner-style'><\/span><\/span><\/div>\n<div  class='av-buildercomment  av-blog-meta-html-info-disabled av-blog-meta-tag-disabled  '><\/div>\n","protected":false},"excerpt":{"rendered":"","protected":false},"author":1,"featured_media":55522,"comment_status":"closed","ping_status":"closed","sticky":false,"template":"","format":"standard","meta":{"footnotes":""},"categories":[38],"tags":[],"class_list":["post-55521","post","type-post","status-publish","format-standard","has-post-thumbnail","hentry","category-regional"],"jetpack_featured_media_url":"https:\/\/radiorevelacionfm.cl\/wp-content\/uploads\/2025\/06\/img_8067-1_optimized.jpg","_links":{"self":[{"href":"https:\/\/radiorevelacionfm.cl\/index.php?rest_route=\/wp\/v2\/posts\/55521","targetHints":{"allow":["GET"]}}],"collection":[{"href":"https:\/\/radiorevelacionfm.cl\/index.php?rest_route=\/wp\/v2\/posts"}],"about":[{"href":"https:\/\/radiorevelacionfm.cl\/index.php?rest_route=\/wp\/v2\/types\/post"}],"author":[{"embeddable":true,"href":"https:\/\/radiorevelacionfm.cl\/index.php?rest_route=\/wp\/v2\/users\/1"}],"replies":[{"embeddable":true,"href":"https:\/\/radiorevelacionfm.cl\/index.php?rest_route=%2Fwp%2Fv2%2Fcomments&post=55521"}],"version-history":[{"count":2,"href":"https:\/\/radiorevelacionfm.cl\/index.php?rest_route=\/wp\/v2\/posts\/55521\/revisions"}],"predecessor-version":[{"id":55528,"href":"https:\/\/radiorevelacionfm.cl\/index.php?rest_route=\/wp\/v2\/posts\/55521\/revisions\/55528"}],"wp:featuredmedia":[{"embeddable":true,"href":"https:\/\/radiorevelacionfm.cl\/index.php?rest_route=\/wp\/v2\/media\/55522"}],"wp:attachment":[{"href":"https:\/\/radiorevelacionfm.cl\/index.php?rest_route=%2Fwp%2Fv2%2Fmedia&parent=55521"}],"wp:term":[{"taxonomy":"category","embeddable":true,"href":"https:\/\/radiorevelacionfm.cl\/index.php?rest_route=%2Fwp%2Fv2%2Fcategories&post=55521"},{"taxonomy":"post_tag","embeddable":true,"href":"https:\/\/radiorevelacionfm.cl\/index.php?rest_route=%2Fwp%2Fv2%2Ftags&post=55521"}],"curies":[{"name":"wp","href":"https:\/\/api.w.org\/{rel}","templated":true}]}}