{"id":55516,"date":"2025-06-20T18:34:38","date_gmt":"2025-06-20T21:34:38","guid":{"rendered":"https:\/\/radiorevelacionfm.cl\/?p=55516"},"modified":"2025-06-20T18:38:09","modified_gmt":"2025-06-20T21:38:09","slug":"llega-el-invierno-hasta-6-grados-se-registrarian-los-proximos-dias-en-la-region-de-aysen","status":"publish","type":"post","link":"https:\/\/radiorevelacionfm.cl\/?p=55516","title":{"rendered":"Lleg\u00f3 el invierno: Hasta -6 grados se registrar\u00edan los pr\u00f3ximos d\u00edas en la regi\u00f3n de Ays\u00e9n"},"content":{"rendered":"<div class=\"flex_column av_one_full  flex_column_div av-zero-column-padding first  avia-builder-el-0  el_before_av_one_full  avia-builder-el-first  \" style='border-radius:0px; '><div  class='avia-image-container  av-styling-    avia-builder-el-1  avia-builder-el-no-sibling  avia-align-center '  itemprop=\"image\" itemscope=\"itemscope\" itemtype=\"https:\/\/schema.org\/ImageObject\"  ><div class='avia-image-container-inner'><div class='avia-image-overlay-wrap'><img decoding=\"async\" class='wp-image-45218 avia-img-lazy-loading-not-45218 avia_image' src=\"https:\/\/radiorevelacionfm.cl\/wp-content\/uploads\/2024\/08\/escarcha-2-1_optimized-1.jpg\" alt='' title='escarcha-(2)-(1)_optimized (1)' height=\"600\" width=\"800\"  itemprop=\"thumbnailUrl\" srcset=\"https:\/\/radiorevelacionfm.cl\/wp-content\/uploads\/2024\/08\/escarcha-2-1_optimized-1.jpg 800w, https:\/\/radiorevelacionfm.cl\/wp-content\/uploads\/2024\/08\/escarcha-2-1_optimized-1-300x225.jpg 300w, https:\/\/radiorevelacionfm.cl\/wp-content\/uploads\/2024\/08\/escarcha-2-1_optimized-1-768x576.jpg 768w, https:\/\/radiorevelacionfm.cl\/wp-content\/uploads\/2024\/08\/escarcha-2-1_optimized-1-705x529.jpg 705w, https:\/\/radiorevelacionfm.cl\/wp-content\/uploads\/2024\/08\/escarcha-2-1_optimized-1-450x338.jpg 450w, https:\/\/radiorevelacionfm.cl\/wp-content\/uploads\/2024\/08\/escarcha-2-1_optimized-1-600x450.jpg 600w\" sizes=\"(max-width: 800px) 100vw, 800px\" \/><\/div><\/div><\/div><\/div>\n<div class=\"flex_column av_one_full  flex_column_div av-zero-column-padding first  avia-builder-el-2  el_after_av_one_full  el_before_av_one_full  column-top-margin\" style='border-radius:0px; '><section class=\"av_textblock_section \"  itemscope=\"itemscope\" itemtype=\"https:\/\/schema.org\/BlogPosting\" itemprop=\"blogPost\" ><div class='avia_textblock  '   itemprop=\"text\" ><p style=\"text-align: center;\"><strong><span style=\"font-size: 18pt;\">Lleg\u00f3 el invierno: Hasta -6 grados se registrar\u00edan los pr\u00f3ximos d\u00edas en la regi\u00f3n de Ays\u00e9n<\/span><\/strong><\/p>\n<div id=\"gtx-trans\" style=\"position: absolute; left: -50px; top: 4.31534px;\">\n<div class=\"gtx-trans-icon\"><\/div>\n<\/div>\n<\/div><\/section><\/div><div class=\"flex_column av_one_full  flex_column_div av-zero-column-padding first  avia-builder-el-4  el_after_av_one_full  el_before_av_hr  column-top-margin\" style='border-radius:0px; '><section class=\"av_textblock_section \"  itemscope=\"itemscope\" itemtype=\"https:\/\/schema.org\/BlogPosting\" itemprop=\"blogPost\" ><div class='avia_textblock  '   itemprop=\"text\" ><p style=\"text-align: justify;\">Entre el viernes 20 y martes 24 de junio, se espera para la regi\u00f3n de Ays\u00e9n: precipitaciones muy d\u00e9biles du- rante el d\u00eda viernes, principalmente a partir de la tarde en torno al litoral interior, y en general con ausencia de \u00e9stas en torno a la frontera; <strong>precipitaciones<\/strong> <strong>moderadas <\/strong><strong>en torno al litoral interior norte durante el d\u00eda s\u00e1bado<\/strong>, con precipitaciones d\u00e9biles a muy d\u00e9biles en el resto de la regi\u00f3n; ausencia de precipitaciones en la mayor parte de la regi\u00f3n durante el d\u00eda domingo, a excepci\u00f3n de chubascos aislados en algunas localidades; precipitaciones normales a d\u00e9biles en torno al litoral interior durante el d\u00eda lunes, con chubascos aislados en torno a la frontera; precipitaciones normales a d\u00e9biles en la regi\u00f3n durante el d\u00eda martes.<\/p>\n<p style=\"text-align: justify;\">Los montos m\u00e1ximos de precipitaci\u00f3n diaria pronosticados est\u00e1n entre los 50-60 mm, esperados para el litoral interior norte de la regi\u00f3n (Puerto Ra\u00fal Mar\u00edn-Puyuhuapi) durante el d\u00eda s\u00e1bado 21. Las precipitaciones esperadas para los pr\u00f3ximos d\u00edas se deber\u00e1n a la llegada de un frente fr\u00edo y un r\u00edo atmosf\u00e9rico entre viernes y s\u00e1bado, seguidos de una interrupci\u00f3n por una alta presi\u00f3n migratoria el domingo, antes de un nuevo episodio de precipitaciones asociado a otro frente fr\u00edo y r\u00edo atmosf\u00e9rico a partir del lunes.<\/p>\n<p style=\"text-align: justify;\">En cu\u00e1nto a las temperaturas, la m\u00ednima se mantendr\u00e1 relativamente baja durante los pr\u00f3ximos d\u00edas, en general por debajo de los 2\u00b0C en la mayor\u00eda de localidades, a excepci\u00f3n de aquellas m\u00e1s costeras. Las temperaturas m\u00ednimas m\u00e1s bajas a nivel regional estar\u00edan entre los -6\u00b0C a -4\u00b0C en algunas localidades del centro y sur de la regi\u00f3n durante los pr\u00f3ximos d\u00edas.<\/p>\n<p style=\"text-align: justify;\">Por otro lado, la temperatura m\u00e1xima se mantendr\u00eda por debajo de los 7\u00b0C en la mayor\u00eda de localidades durante el periodo analizado. Debido a las bajas temperaturas la altura promedio de la isoterma 0\u00b0C tambi\u00e9n se mantendr\u00e1 relativamente baja, a excepci\u00f3n del d\u00eda lunes, en general por debajo de los 1000 m.s.n.m y manteni\u00e9ndose muy cerca de la superficie en el centro y sur de la regi\u00f3n. Por esta raz\u00f3n, durante los pr\u00f3ximos d\u00edas se esperan precipitaciones s\u00f3lidas (nieve\/aguanieve) en zonas de mayor elevaci\u00f3n del centro y sur de la regi\u00f3n, principalmente durante los d\u00edas s\u00e1bado, lunes y martes.<\/p>\n<p style=\"text-align: justify;\">Respecto al viento, su magnitud promedio diaria se espera que var\u00ede entre los 15-30 km\/h en varias localidades costeras y en torno a la frontera durante los pr\u00f3ximos d\u00edas. Las r\u00e1fagas m\u00e1ximas esperadas estar\u00edan entre los 80-90 km\/h en torno a Balmaceda y Chile Chico durante el d\u00eda lunes 23. Adem\u00e1s, el d\u00eda s\u00e1bado estar\u00edan en torno a los 60-70 km\/h en la mayor parte de la regi\u00f3n. La direcci\u00f3n predominante del viento ser\u00e1 del oeste\/noroeste en la mayor parte de la regi\u00f3n durante los pr\u00f3ximos d\u00edas.<\/p>\n<p><em>Fuente: Laboratorio Eco-Clim\u00e1tico CIEP-UACh <\/em><\/p>\n<\/div><\/section><\/div><div  style='height:50px' class='hr hr-invisible   avia-builder-el-6  el_after_av_one_full  el_before_av_social_share '><span class='hr-inner ' ><span class='hr-inner-style'><\/span><\/span><\/div><\/p>\n<div  class='av-social-sharing-box  avia-builder-el-7  el_after_av_hr  el_before_av_hr  '><div class='av-share-box'><h5 class='av-share-link-description av-no-toc '>Compartir esta noticia<\/h5><ul class='av-share-box-list noLightbox'><li class='av-share-link av-social-link-facebook' ><a target=\"_blank\" aria-label=\"Compartir en Facebook\" href='https:\/\/www.facebook.com\/sharer.php?u=https:\/\/radiorevelacionfm.cl\/?p=55516&#038;t=Lleg%C3%B3%20el%20invierno%3A%20Hasta%20-6%20grados%20se%20registrar%C3%ADan%20los%20pr%C3%B3ximos%20d%C3%ADas%20en%20la%20regi%C3%B3n%20de%20Ays%C3%A9n' aria-hidden='false' data-av_icon='\ue8f3' data-av_iconfont='entypo-fontello' title='' data-avia-related-tooltip='Compartir en Facebook' rel=\"noopener\"><span class='avia_hidden_link_text'>Compartir en Facebook<\/span><\/a><\/li><li class='av-share-link av-social-link-twitter' ><a target=\"_blank\" aria-label=\"Compartir en Twitter\" href='https:\/\/twitter.com\/share?text=Lleg%C3%B3%20el%20invierno%3A%20Hasta%20-6%20grados%20se%20registrar%C3%ADan%20los%20pr%C3%B3ximos%20d%C3%ADas%20en%20la%20regi%C3%B3n%20de%20Ays%C3%A9n&#038;url=https:\/\/radiorevelacionfm.cl\/?p=55516' aria-hidden='false' data-av_icon='\ue8f1' data-av_iconfont='entypo-fontello' title='' data-avia-related-tooltip='Compartir en Twitter' rel=\"noopener\"><span class='avia_hidden_link_text'>Compartir en Twitter<\/span><\/a><\/li><li class='av-share-link av-social-link-whatsapp' ><a target=\"_blank\" aria-label=\"Compartir en Whatsapp\" href='https:\/\/api.whatsapp.com\/send?text=https:\/\/radiorevelacionfm.cl\/?p=55516' aria-hidden='false' data-av_icon='\uf232' data-av_iconfont='entypo-fontello' title='' data-avia-related-tooltip='Compartir en Whatsapp' rel=\"noopener\"><span class='avia_hidden_link_text'>Compartir en Whatsapp<\/span><\/a><\/li><li class='av-share-link av-social-link-linkedin' ><a target=\"_blank\" aria-label=\"Compartir en LinkedIn\" href='https:\/\/linkedin.com\/shareArticle?mini=true&#038;title=Lleg%C3%B3%20el%20invierno%3A%20Hasta%20-6%20grados%20se%20registrar%C3%ADan%20los%20pr%C3%B3ximos%20d%C3%ADas%20en%20la%20regi%C3%B3n%20de%20Ays%C3%A9n&#038;url=https:\/\/radiorevelacionfm.cl\/?p=55516' aria-hidden='false' data-av_icon='\ue8fc' data-av_iconfont='entypo-fontello' title='' data-avia-related-tooltip='Compartir en LinkedIn' rel=\"noopener\"><span class='avia_hidden_link_text'>Compartir en LinkedIn<\/span><\/a><\/li><li class='av-share-link av-social-link-mail' ><a  aria-label=\"Compartir por correo\" href='mailto:?subject=Lleg%C3%B3%20el%20invierno%3A%20Hasta%20-6%20grados%20se%20registrar%C3%ADan%20los%20pr%C3%B3ximos%20d%C3%ADas%20en%20la%20regi%C3%B3n%20de%20Ays%C3%A9n&#038;body=https:\/\/radiorevelacionfm.cl\/?p=55516' aria-hidden='false' data-av_icon='\ue805' data-av_iconfont='entypo-fontello' title='' data-avia-related-tooltip='Compartir por correo'><span class='avia_hidden_link_text'>Compartir por correo<\/span><\/a><\/li><\/ul><\/div><\/div>\n<div  style='height:50px' class='hr hr-invisible   avia-builder-el-8  el_after_av_social_share  el_before_av_comments_list '><span class='hr-inner ' ><span class='hr-inner-style'><\/span><\/span><\/div>\n<div  class='av-buildercomment  av-blog-meta-html-info-disabled av-blog-meta-tag-disabled  '><\/div>\n","protected":false},"excerpt":{"rendered":"","protected":false},"author":1,"featured_media":45218,"comment_status":"closed","ping_status":"closed","sticky":false,"template":"","format":"standard","meta":{"footnotes":""},"categories":[38],"tags":[],"class_list":["post-55516","post","type-post","status-publish","format-standard","has-post-thumbnail","hentry","category-regional"],"jetpack_featured_media_url":"https:\/\/radiorevelacionfm.cl\/wp-content\/uploads\/2024\/08\/escarcha-2-1_optimized-1.jpg","_links":{"self":[{"href":"https:\/\/radiorevelacionfm.cl\/index.php?rest_route=\/wp\/v2\/posts\/55516","targetHints":{"allow":["GET"]}}],"collection":[{"href":"https:\/\/radiorevelacionfm.cl\/index.php?rest_route=\/wp\/v2\/posts"}],"about":[{"href":"https:\/\/radiorevelacionfm.cl\/index.php?rest_route=\/wp\/v2\/types\/post"}],"author":[{"embeddable":true,"href":"https:\/\/radiorevelacionfm.cl\/index.php?rest_route=\/wp\/v2\/users\/1"}],"replies":[{"embeddable":true,"href":"https:\/\/radiorevelacionfm.cl\/index.php?rest_route=%2Fwp%2Fv2%2Fcomments&post=55516"}],"version-history":[{"count":3,"href":"https:\/\/radiorevelacionfm.cl\/index.php?rest_route=\/wp\/v2\/posts\/55516\/revisions"}],"predecessor-version":[{"id":55518,"href":"https:\/\/radiorevelacionfm.cl\/index.php?rest_route=\/wp\/v2\/posts\/55516\/revisions\/55518"}],"wp:featuredmedia":[{"embeddable":true,"href":"https:\/\/radiorevelacionfm.cl\/index.php?rest_route=\/wp\/v2\/media\/45218"}],"wp:attachment":[{"href":"https:\/\/radiorevelacionfm.cl\/index.php?rest_route=%2Fwp%2Fv2%2Fmedia&parent=55516"}],"wp:term":[{"taxonomy":"category","embeddable":true,"href":"https:\/\/radiorevelacionfm.cl\/index.php?rest_route=%2Fwp%2Fv2%2Fcategories&post=55516"},{"taxonomy":"post_tag","embeddable":true,"href":"https:\/\/radiorevelacionfm.cl\/index.php?rest_route=%2Fwp%2Fv2%2Ftags&post=55516"}],"curies":[{"name":"wp","href":"https:\/\/api.w.org\/{rel}","templated":true}]}}