{"id":5551,"date":"2021-06-23T14:34:36","date_gmt":"2021-06-23T17:34:36","guid":{"rendered":"https:\/\/radiorevelacionfm.cl\/?p=5551"},"modified":"2021-06-23T14:34:36","modified_gmt":"2021-06-23T17:34:36","slug":"confirman-pena-de-3-anos-y-un-dia-de-presidio-para-autor-del-delito-de-robo-con-fuerza-en-la-carretera-austral","status":"publish","type":"post","link":"https:\/\/radiorevelacionfm.cl\/?p=5551","title":{"rendered":"Confirman pena de 3 a\u00f1os y un d\u00eda de presidio para autor del delito de robo con fuerza en la Carretera Austral"},"content":{"rendered":"<div class=\"flex_column av_one_full  flex_column_div av-zero-column-padding first  avia-builder-el-0  el_before_av_one_full  avia-builder-el-first  \" style='border-radius:0px; '><div  class='avia-image-container  av-styling-    avia-builder-el-1  avia-builder-el-no-sibling  avia-align-center '  itemprop=\"image\" itemscope=\"itemscope\" itemtype=\"https:\/\/schema.org\/ImageObject\"  ><div class='avia-image-container-inner'><div class='avia-image-overlay-wrap'><img decoding=\"async\" class='wp-image-5552 avia-img-lazy-loading-not-5552 avia_image' src=\"https:\/\/radiorevelacionfm.cl\/wp-content\/uploads\/2021\/06\/Foto-10-Corte-COYHAIQUE-1-1-1.jpg\" alt='' title='Foto 10 Corte COYHAIQUE (1) (1) (1)' height=\"600\" width=\"1169\"  itemprop=\"thumbnailUrl\" srcset=\"https:\/\/radiorevelacionfm.cl\/wp-content\/uploads\/2021\/06\/Foto-10-Corte-COYHAIQUE-1-1-1.jpg 1169w, https:\/\/radiorevelacionfm.cl\/wp-content\/uploads\/2021\/06\/Foto-10-Corte-COYHAIQUE-1-1-1-300x154.jpg 300w, https:\/\/radiorevelacionfm.cl\/wp-content\/uploads\/2021\/06\/Foto-10-Corte-COYHAIQUE-1-1-1-1030x529.jpg 1030w, https:\/\/radiorevelacionfm.cl\/wp-content\/uploads\/2021\/06\/Foto-10-Corte-COYHAIQUE-1-1-1-768x394.jpg 768w, https:\/\/radiorevelacionfm.cl\/wp-content\/uploads\/2021\/06\/Foto-10-Corte-COYHAIQUE-1-1-1-705x362.jpg 705w, https:\/\/radiorevelacionfm.cl\/wp-content\/uploads\/2021\/06\/Foto-10-Corte-COYHAIQUE-1-1-1-600x308.jpg 600w\" sizes=\"(max-width: 1169px) 100vw, 1169px\" \/><\/div><\/div><\/div><\/div><div class=\"flex_column av_one_full  flex_column_div av-zero-column-padding first  avia-builder-el-2  el_after_av_one_full  el_before_av_one_full  column-top-margin\" style='border-radius:0px; '><section class=\"av_textblock_section \"  itemscope=\"itemscope\" itemtype=\"https:\/\/schema.org\/BlogPosting\" itemprop=\"blogPost\" ><div class='avia_textblock  '   itemprop=\"text\" ><p style=\"text-align: center;\"><strong><span style=\"font-size: 18pt;\">Confirman pena de 3 a\u00f1os y un d\u00eda de presidio para autor del delito de robo con fuerza en la Carretera Austral <\/span><\/strong><\/p>\n<div id=\"gtx-trans\" style=\"position: absolute; left: -50px; top: 4.31534px;\">\n<div class=\"gtx-trans-icon\"><\/div>\n<\/div>\n<\/div><\/section><\/div><div class=\"flex_column av_one_full  flex_column_div av-zero-column-padding first  avia-builder-el-4  el_after_av_one_full  el_before_av_hr  column-top-margin\" style='border-radius:0px; '><section class=\"av_textblock_section \"  itemscope=\"itemscope\" itemtype=\"https:\/\/schema.org\/BlogPosting\" itemprop=\"blogPost\" ><div class='avia_textblock  '   itemprop=\"text\" ><p style=\"font-weight: 400; text-align: justify;\">La Corte de Apelaciones de Coyhaique confirm\u00f3 la sentencia que conden\u00f3 a Fabi\u00e1n Gonzalo Pacheco Baeza a la pena efectiva de 3 a\u00f1os y un d\u00eda de presidio, en calidad de autor del delito consumado de robo con fuerza en las cosas en lugar destinado a la habitaci\u00f3n. Il\u00edcito perpetrado en abril del a\u00f1o pasado,\u00a0en un inmueble ubicado en la Ruta 7 de la Carretera Austral.<\/p>\n<p style=\"font-weight: 400; text-align: justify;\">En fallo un\u00e1nime (causa rol 135-2021), la Primera Sala del tribunal de alzada \u2013integrada por los ministros Natalia Rencoret, Sergio Mora, Pedro Castro y Jos\u00e9 Ignacio Mora\u2013 descart\u00f3 error de derecho en la sentencia impugnada, dictada por el Tribunal de Juicio Oral en lo Penal de Coyhaique.<\/p>\n<p style=\"font-weight: 400; text-align: justify;\">\u201c(\u2026) resulta evidente, que los jueces del Tribunal de Juicio Oral en lo Penal de Coyhaique, lejos de infringir la ley que se supone quebrantada, le han dado el alcance jur\u00eddico que hace la correspondencia con los hechos demostrados en el debate respectivo y, por ende, no han incurrido en el motivo de nulidad previsto en la letra b) del art\u00edculo 373 del C\u00f3digo Procesal Penal, toda vez que han hecho una valoraci\u00f3n jur\u00eddica de los elementos del tipo penal materia de autos, e impusieron una correcta regulaci\u00f3n de la pena que finalmente aplicaron al sentenciado (\u2026)\u201d, afirma el fallo.<\/p>\n<p style=\"font-weight: 400; text-align: justify;\">La resoluci\u00f3n agrega que: \u201c(\u2026) atendido lo razonado precedentemente, no se vislumbra la infracci\u00f3n denunciada que traiga aparejado un perjuicio para el sentenciado, ya que se le impuso una pena privativa correspondiente al delito acreditado\u201d.<\/p>\n<p style=\"font-weight: 400; text-align: justify;\">Por tanto, se resuelve: \u201cQue\u00a0<strong>SE RECHAZA<\/strong>\u00a0sin costas, el recurso de nulidad interpuesto por Oriana Sof\u00eda Mac\u00edas Correa, abogado, en representaci\u00f3n de Fabi\u00e1n Pacheco Baeza, en contra de la sentencia definitiva de fecha 17 de abril de 2021, dictada por el Tribunal de Juicio Oral en lo Penal de Coyhaique, por la cual se conden\u00f3 a dicho sentenciado a la pena efectiva de tres a\u00f1os y un d\u00eda de presidio menor en su grado m\u00e1ximo, como autor del delito de robo con fuerza en las cosas cometido en lugar destinado a la habitaci\u00f3n en grado de consumado el 23 de abril de 2020 en la Ruta 7, Kil\u00f3metro 7, Carretera Austral; por lo que en consecuencia, la sentencia dictada en este juicio, no es nula\u201d.<\/p>\n<\/div><\/section><\/div><div  style='height:50px' class='hr hr-invisible   avia-builder-el-6  el_after_av_one_full  el_before_av_social_share '><span class='hr-inner ' ><span class='hr-inner-style'><\/span><\/span><\/div><\/p>\n<div  class='av-social-sharing-box  avia-builder-el-7  el_after_av_hr  el_before_av_hr  '><div class='av-share-box'><h5 class='av-share-link-description av-no-toc '>Compartir esta noticia<\/h5><ul class='av-share-box-list noLightbox'><li class='av-share-link av-social-link-facebook' ><a target=\"_blank\" aria-label=\"Compartir en Facebook\" href='https:\/\/www.facebook.com\/sharer.php?u=https:\/\/radiorevelacionfm.cl\/?p=5551&#038;t=Confirman%20pena%20de%203%20a%C3%B1os%20y%20un%20d%C3%ADa%20de%20presidio%20para%20autor%20del%20delito%20de%20robo%20con%20fuerza%20en%20la%20Carretera%20Austral' aria-hidden='false' data-av_icon='\ue8f3' data-av_iconfont='entypo-fontello' title='' data-avia-related-tooltip='Compartir en Facebook' rel=\"noopener\"><span class='avia_hidden_link_text'>Compartir en Facebook<\/span><\/a><\/li><li class='av-share-link av-social-link-twitter' ><a target=\"_blank\" aria-label=\"Compartir en Twitter\" href='https:\/\/twitter.com\/share?text=Confirman%20pena%20de%203%20a%C3%B1os%20y%20un%20d%C3%ADa%20de%20presidio%20para%20autor%20del%20delito%20de%20robo%20con%20fuerza%20en%20la%20Carretera%20Austral&#038;url=https:\/\/radiorevelacionfm.cl\/?p=5551' aria-hidden='false' data-av_icon='\ue8f1' data-av_iconfont='entypo-fontello' title='' data-avia-related-tooltip='Compartir en Twitter' rel=\"noopener\"><span class='avia_hidden_link_text'>Compartir en Twitter<\/span><\/a><\/li><li class='av-share-link av-social-link-whatsapp' ><a target=\"_blank\" aria-label=\"Compartir en Whatsapp\" href='https:\/\/api.whatsapp.com\/send?text=https:\/\/radiorevelacionfm.cl\/?p=5551' aria-hidden='false' data-av_icon='\uf232' data-av_iconfont='entypo-fontello' title='' data-avia-related-tooltip='Compartir en Whatsapp' rel=\"noopener\"><span class='avia_hidden_link_text'>Compartir en Whatsapp<\/span><\/a><\/li><li class='av-share-link av-social-link-linkedin' ><a target=\"_blank\" aria-label=\"Compartir en LinkedIn\" href='https:\/\/linkedin.com\/shareArticle?mini=true&#038;title=Confirman%20pena%20de%203%20a%C3%B1os%20y%20un%20d%C3%ADa%20de%20presidio%20para%20autor%20del%20delito%20de%20robo%20con%20fuerza%20en%20la%20Carretera%20Austral&#038;url=https:\/\/radiorevelacionfm.cl\/?p=5551' aria-hidden='false' data-av_icon='\ue8fc' data-av_iconfont='entypo-fontello' title='' data-avia-related-tooltip='Compartir en LinkedIn' rel=\"noopener\"><span class='avia_hidden_link_text'>Compartir en LinkedIn<\/span><\/a><\/li><li class='av-share-link av-social-link-mail' ><a  aria-label=\"Compartir por correo\" href='mailto:?subject=Confirman%20pena%20de%203%20a%C3%B1os%20y%20un%20d%C3%ADa%20de%20presidio%20para%20autor%20del%20delito%20de%20robo%20con%20fuerza%20en%20la%20Carretera%20Austral&#038;body=https:\/\/radiorevelacionfm.cl\/?p=5551' aria-hidden='false' data-av_icon='\ue805' data-av_iconfont='entypo-fontello' title='' data-avia-related-tooltip='Compartir por correo'><span class='avia_hidden_link_text'>Compartir por correo<\/span><\/a><\/li><\/ul><\/div><\/div>\n<div  style='height:50px' class='hr hr-invisible   avia-builder-el-8  el_after_av_social_share  el_before_av_comments_list '><span class='hr-inner ' ><span class='hr-inner-style'><\/span><\/span><\/div>\n<div  class='av-buildercomment  av-blog-meta-html-info-disabled av-blog-meta-tag-disabled  '><\/div>\n","protected":false},"excerpt":{"rendered":"","protected":false},"author":1,"featured_media":5552,"comment_status":"open","ping_status":"open","sticky":false,"template":"","format":"standard","meta":{"footnotes":""},"categories":[55],"tags":[],"class_list":["post-5551","post","type-post","status-publish","format-standard","has-post-thumbnail","hentry","category-justicia"],"jetpack_featured_media_url":"https:\/\/radiorevelacionfm.cl\/wp-content\/uploads\/2021\/06\/Foto-10-Corte-COYHAIQUE-1-1-1.jpg","_links":{"self":[{"href":"https:\/\/radiorevelacionfm.cl\/index.php?rest_route=\/wp\/v2\/posts\/5551","targetHints":{"allow":["GET"]}}],"collection":[{"href":"https:\/\/radiorevelacionfm.cl\/index.php?rest_route=\/wp\/v2\/posts"}],"about":[{"href":"https:\/\/radiorevelacionfm.cl\/index.php?rest_route=\/wp\/v2\/types\/post"}],"author":[{"embeddable":true,"href":"https:\/\/radiorevelacionfm.cl\/index.php?rest_route=\/wp\/v2\/users\/1"}],"replies":[{"embeddable":true,"href":"https:\/\/radiorevelacionfm.cl\/index.php?rest_route=%2Fwp%2Fv2%2Fcomments&post=5551"}],"version-history":[{"count":1,"href":"https:\/\/radiorevelacionfm.cl\/index.php?rest_route=\/wp\/v2\/posts\/5551\/revisions"}],"predecessor-version":[{"id":5553,"href":"https:\/\/radiorevelacionfm.cl\/index.php?rest_route=\/wp\/v2\/posts\/5551\/revisions\/5553"}],"wp:featuredmedia":[{"embeddable":true,"href":"https:\/\/radiorevelacionfm.cl\/index.php?rest_route=\/wp\/v2\/media\/5552"}],"wp:attachment":[{"href":"https:\/\/radiorevelacionfm.cl\/index.php?rest_route=%2Fwp%2Fv2%2Fmedia&parent=5551"}],"wp:term":[{"taxonomy":"category","embeddable":true,"href":"https:\/\/radiorevelacionfm.cl\/index.php?rest_route=%2Fwp%2Fv2%2Fcategories&post=5551"},{"taxonomy":"post_tag","embeddable":true,"href":"https:\/\/radiorevelacionfm.cl\/index.php?rest_route=%2Fwp%2Fv2%2Ftags&post=5551"}],"curies":[{"name":"wp","href":"https:\/\/api.w.org\/{rel}","templated":true}]}}