{"id":55506,"date":"2025-06-19T20:26:19","date_gmt":"2025-06-19T23:26:19","guid":{"rendered":"https:\/\/radiorevelacionfm.cl\/?p=55506"},"modified":"2025-06-19T20:26:19","modified_gmt":"2025-06-19T23:26:19","slug":"fiscalia-logra-condena-de-6-anos-para-imputado-por-trafico-de-cocaina-y-marihuana-que-fue-interceptado-en-puerto-cisnes","status":"publish","type":"post","link":"https:\/\/radiorevelacionfm.cl\/?p=55506","title":{"rendered":"Fiscal\u00eda logra condena de 6 a\u00f1os para imputado por tr\u00e1fico de coca\u00edna y marihuana que fue interceptado en Puerto Cisnes"},"content":{"rendered":"<div class=\"flex_column av_one_full  flex_column_div av-zero-column-padding first  avia-builder-el-0  el_before_av_one_full  avia-builder-el-first  \" style='border-radius:0px; '><div  class='avia-image-container  av-styling-    avia-builder-el-1  avia-builder-el-no-sibling  avia-align-center '  itemprop=\"image\" itemscope=\"itemscope\" itemtype=\"https:\/\/schema.org\/ImageObject\"  ><div class='avia-image-container-inner'><div class='avia-image-overlay-wrap'><img decoding=\"async\" class='wp-image-38114 avia-img-lazy-loading-not-38114 avia_image' src=\"https:\/\/radiorevelacionfm.cl\/wp-content\/uploads\/2023\/12\/Fiscalia3-1-1.jpeg\" alt='' title='Fiscalia3 (1) (1)' height=\"600\" width=\"942\"  itemprop=\"thumbnailUrl\" srcset=\"https:\/\/radiorevelacionfm.cl\/wp-content\/uploads\/2023\/12\/Fiscalia3-1-1.jpeg 942w, https:\/\/radiorevelacionfm.cl\/wp-content\/uploads\/2023\/12\/Fiscalia3-1-1-300x191.jpeg 300w, https:\/\/radiorevelacionfm.cl\/wp-content\/uploads\/2023\/12\/Fiscalia3-1-1-768x489.jpeg 768w, https:\/\/radiorevelacionfm.cl\/wp-content\/uploads\/2023\/12\/Fiscalia3-1-1-705x449.jpeg 705w, https:\/\/radiorevelacionfm.cl\/wp-content\/uploads\/2023\/12\/Fiscalia3-1-1-450x287.jpeg 450w, https:\/\/radiorevelacionfm.cl\/wp-content\/uploads\/2023\/12\/Fiscalia3-1-1-600x382.jpeg 600w\" sizes=\"(max-width: 942px) 100vw, 942px\" \/><\/div><\/div><\/div><\/div><div class=\"flex_column av_one_full  flex_column_div av-zero-column-padding first  avia-builder-el-2  el_after_av_one_full  el_before_av_one_full  column-top-margin\" style='border-radius:0px; '><section class=\"av_textblock_section \"  itemscope=\"itemscope\" itemtype=\"https:\/\/schema.org\/BlogPosting\" itemprop=\"blogPost\" ><div class='avia_textblock  '   itemprop=\"text\" ><p style=\"text-align: center;\"><strong><span style=\"font-size: 18pt;\">Fiscal\u00eda logra condena de 6 a\u00f1os para imputado por tr\u00e1fico de coca\u00edna y marihuana que fue interceptado en Puerto Cisnes<\/span><\/strong><\/p>\n<div id=\"gtx-trans\" style=\"position: absolute; left: -50px; top: 4.31534px;\">\n<div class=\"gtx-trans-icon\"><\/div>\n<\/div>\n<\/div><\/section><\/div><div class=\"flex_column av_one_full  flex_column_div av-zero-column-padding first  avia-builder-el-4  el_after_av_one_full  el_before_av_hr  column-top-margin\" style='border-radius:0px; '><section class=\"av_textblock_section \"  itemscope=\"itemscope\" itemtype=\"https:\/\/schema.org\/BlogPosting\" itemprop=\"blogPost\" ><div class='avia_textblock  '   itemprop=\"text\" ><p style=\"font-weight: 400; text-align: justify;\">Fue descubierto por la Armada y Aduanas al llegar a Puerto Cisnes en una barcaza.<\/p>\n<p style=\"font-weight: 400; text-align: justify;\">Transportaba y pose\u00eda un contenedor con 808.55 gramos de cannabis sativa y otro contenedor con 997.32 gramos de clorhidrato de coca\u00edna.<\/p>\n<p style=\"font-weight: 400; text-align: justify;\">La Fiscal\u00eda en la Regi\u00f3n de Ays\u00e9n obtuvo una condena de 6 a\u00f1os de presidio mayor en su grado m\u00ednimo y una multa de 24 UTM, es decir cerca de un mill\u00f3n 650 mil pesos, en contra de un imputado extranjero de 33 a\u00f1os, quien fue acusado por el delito de tr\u00e1fico de drogas, previsto y sancionado en los art\u00edculos 1 y 3 de la ley 20.000.<\/p>\n<p style=\"font-weight: 400; text-align: justify;\">En la investigaci\u00f3n, dirigida por la Fiscal Adjunto de la Unidad de Drogas del Ministerio P\u00fablico, Mar\u00eda In\u00e9s N\u00fa\u00f1ez, particip\u00f3 activamente personal de la Armada, Aduanas y la Brigada Antinarc\u00f3ticos y Contra el Crimen Organizado de Coyhaique (BRIANCO) de la PDI, quienes efectuaron el decomiso en el sitio del suceso.<\/p>\n<p style=\"font-weight: 400; text-align: justify;\">PUERTO CISNES<\/p>\n<p style=\"font-weight: 400; text-align: justify;\">De acuerdo a lo expuesto en el juicio oral por la Fiscal Adjunto, Mar\u00eda In\u00e9s N\u00fa\u00f1ez, el 9 de octubre del 2024, alrededor de las 11.30 horas, el imputado se encontraba haciendo arribo a la comuna de Cisnes utilizando para ello la barcaza Yacaf.<\/p>\n<p style=\"font-weight: 400; text-align: justify;\">Mientras permanec\u00eda en el muelle, fue sorprendido por personal de la Armada y de Aduanas portando una mochila en la cual transportaba y pose\u00eda un contenedor con 808.55 gramos de cannabis sativa y otro contenedor con 997.32 gramos de clorhidrato de coca\u00edna. Adem\u00e1s, el imputado ten\u00eda un tel\u00e9fono celular utilizado para coordinar la actividad il\u00edcita.<\/p>\n<p style=\"font-weight: 400; text-align: justify;\">El sujeto se encuentra actualmente recluido en el Centro Penitenciario de Gendarmer\u00eda en Puerto Ays\u00e9n.<\/p>\n<p style=\"font-weight: 400; text-align: justify;\">Esta nueva condena por tr\u00e1fico de drogas reafirma el compromiso del Ministerio P\u00fablico y de las instituciones que participan en la investigaci\u00f3n de los delitos, en la persecuci\u00f3n penal del narcotr\u00e1fico en nuestra regi\u00f3n.<\/p>\n<\/div><\/section><\/div><div  style='height:50px' class='hr hr-invisible   avia-builder-el-6  el_after_av_one_full  el_before_av_social_share '><span class='hr-inner ' ><span class='hr-inner-style'><\/span><\/span><\/div><\/p>\n<div  class='av-social-sharing-box  avia-builder-el-7  el_after_av_hr  el_before_av_hr  '><div class='av-share-box'><h5 class='av-share-link-description av-no-toc '>Compartir esta noticia<\/h5><ul class='av-share-box-list noLightbox'><li class='av-share-link av-social-link-facebook' ><a target=\"_blank\" aria-label=\"Compartir en Facebook\" href='https:\/\/www.facebook.com\/sharer.php?u=https:\/\/radiorevelacionfm.cl\/?p=55506&#038;t=Fiscal%C3%ADa%20logra%20condena%20de%206%20a%C3%B1os%20para%20imputado%20por%20tr%C3%A1fico%20de%20coca%C3%ADna%20y%20marihuana%20que%20fue%20interceptado%20en%20Puerto%20Cisnes' aria-hidden='false' data-av_icon='\ue8f3' data-av_iconfont='entypo-fontello' title='' data-avia-related-tooltip='Compartir en Facebook' rel=\"noopener\"><span class='avia_hidden_link_text'>Compartir en Facebook<\/span><\/a><\/li><li class='av-share-link av-social-link-twitter' ><a target=\"_blank\" aria-label=\"Compartir en Twitter\" href='https:\/\/twitter.com\/share?text=Fiscal%C3%ADa%20logra%20condena%20de%206%20a%C3%B1os%20para%20imputado%20por%20tr%C3%A1fico%20de%20coca%C3%ADna%20y%20marihuana%20que%20fue%20interceptado%20en%20Puerto%20Cisnes&#038;url=https:\/\/radiorevelacionfm.cl\/?p=55506' aria-hidden='false' data-av_icon='\ue8f1' data-av_iconfont='entypo-fontello' title='' data-avia-related-tooltip='Compartir en Twitter' rel=\"noopener\"><span class='avia_hidden_link_text'>Compartir en Twitter<\/span><\/a><\/li><li class='av-share-link av-social-link-whatsapp' ><a target=\"_blank\" aria-label=\"Compartir en Whatsapp\" href='https:\/\/api.whatsapp.com\/send?text=https:\/\/radiorevelacionfm.cl\/?p=55506' aria-hidden='false' data-av_icon='\uf232' data-av_iconfont='entypo-fontello' title='' data-avia-related-tooltip='Compartir en Whatsapp' rel=\"noopener\"><span class='avia_hidden_link_text'>Compartir en Whatsapp<\/span><\/a><\/li><li class='av-share-link av-social-link-linkedin' ><a target=\"_blank\" aria-label=\"Compartir en LinkedIn\" href='https:\/\/linkedin.com\/shareArticle?mini=true&#038;title=Fiscal%C3%ADa%20logra%20condena%20de%206%20a%C3%B1os%20para%20imputado%20por%20tr%C3%A1fico%20de%20coca%C3%ADna%20y%20marihuana%20que%20fue%20interceptado%20en%20Puerto%20Cisnes&#038;url=https:\/\/radiorevelacionfm.cl\/?p=55506' aria-hidden='false' data-av_icon='\ue8fc' data-av_iconfont='entypo-fontello' title='' data-avia-related-tooltip='Compartir en LinkedIn' rel=\"noopener\"><span class='avia_hidden_link_text'>Compartir en LinkedIn<\/span><\/a><\/li><li class='av-share-link av-social-link-mail' ><a  aria-label=\"Compartir por correo\" href='mailto:?subject=Fiscal%C3%ADa%20logra%20condena%20de%206%20a%C3%B1os%20para%20imputado%20por%20tr%C3%A1fico%20de%20coca%C3%ADna%20y%20marihuana%20que%20fue%20interceptado%20en%20Puerto%20Cisnes&#038;body=https:\/\/radiorevelacionfm.cl\/?p=55506' aria-hidden='false' data-av_icon='\ue805' data-av_iconfont='entypo-fontello' title='' data-avia-related-tooltip='Compartir por correo'><span class='avia_hidden_link_text'>Compartir por correo<\/span><\/a><\/li><\/ul><\/div><\/div>\n<div  style='height:50px' class='hr hr-invisible   avia-builder-el-8  el_after_av_social_share  el_before_av_comments_list '><span class='hr-inner ' ><span class='hr-inner-style'><\/span><\/span><\/div>\n<div  class='av-buildercomment  av-blog-meta-html-info-disabled av-blog-meta-tag-disabled  '><\/div>\n","protected":false},"excerpt":{"rendered":"","protected":false},"author":1,"featured_media":38114,"comment_status":"closed","ping_status":"closed","sticky":false,"template":"","format":"standard","meta":{"footnotes":""},"categories":[55],"tags":[],"class_list":["post-55506","post","type-post","status-publish","format-standard","has-post-thumbnail","hentry","category-justicia"],"jetpack_featured_media_url":"https:\/\/radiorevelacionfm.cl\/wp-content\/uploads\/2023\/12\/Fiscalia3-1-1.jpeg","_links":{"self":[{"href":"https:\/\/radiorevelacionfm.cl\/index.php?rest_route=\/wp\/v2\/posts\/55506","targetHints":{"allow":["GET"]}}],"collection":[{"href":"https:\/\/radiorevelacionfm.cl\/index.php?rest_route=\/wp\/v2\/posts"}],"about":[{"href":"https:\/\/radiorevelacionfm.cl\/index.php?rest_route=\/wp\/v2\/types\/post"}],"author":[{"embeddable":true,"href":"https:\/\/radiorevelacionfm.cl\/index.php?rest_route=\/wp\/v2\/users\/1"}],"replies":[{"embeddable":true,"href":"https:\/\/radiorevelacionfm.cl\/index.php?rest_route=%2Fwp%2Fv2%2Fcomments&post=55506"}],"version-history":[{"count":2,"href":"https:\/\/radiorevelacionfm.cl\/index.php?rest_route=\/wp\/v2\/posts\/55506\/revisions"}],"predecessor-version":[{"id":55508,"href":"https:\/\/radiorevelacionfm.cl\/index.php?rest_route=\/wp\/v2\/posts\/55506\/revisions\/55508"}],"wp:featuredmedia":[{"embeddable":true,"href":"https:\/\/radiorevelacionfm.cl\/index.php?rest_route=\/wp\/v2\/media\/38114"}],"wp:attachment":[{"href":"https:\/\/radiorevelacionfm.cl\/index.php?rest_route=%2Fwp%2Fv2%2Fmedia&parent=55506"}],"wp:term":[{"taxonomy":"category","embeddable":true,"href":"https:\/\/radiorevelacionfm.cl\/index.php?rest_route=%2Fwp%2Fv2%2Fcategories&post=55506"},{"taxonomy":"post_tag","embeddable":true,"href":"https:\/\/radiorevelacionfm.cl\/index.php?rest_route=%2Fwp%2Fv2%2Ftags&post=55506"}],"curies":[{"name":"wp","href":"https:\/\/api.w.org\/{rel}","templated":true}]}}