{"id":55503,"date":"2025-06-20T15:51:12","date_gmt":"2025-06-20T18:51:12","guid":{"rendered":"https:\/\/radiorevelacionfm.cl\/?p=55503"},"modified":"2025-06-20T15:51:12","modified_gmt":"2025-06-20T18:51:12","slug":"destacan-aprobacion-y-despacho-a-ley-por-parte-del-senado-del-reajuste-del-salario-minimo-a-529-000","status":"publish","type":"post","link":"https:\/\/radiorevelacionfm.cl\/?p=55503","title":{"rendered":"Destacan aprobaci\u00f3n y despacho a ley por parte del Senado del reajuste del salario m\u00ednimo a $529.000"},"content":{"rendered":"<div class=\"flex_column av_one_full  flex_column_div av-zero-column-padding first  avia-builder-el-0  el_before_av_one_full  avia-builder-el-first  \" style='border-radius:0px; '><div  class='avia-image-container  av-styling-    avia-builder-el-1  avia-builder-el-no-sibling  avia-align-center '  itemprop=\"image\" itemscope=\"itemscope\" itemtype=\"https:\/\/schema.org\/ImageObject\"  ><div class='avia-image-container-inner'><div class='avia-image-overlay-wrap'><img decoding=\"async\" class='wp-image-55504 avia-img-lazy-loading-not-55504 avia_image' src=\"https:\/\/radiorevelacionfm.cl\/wp-content\/uploads\/2025\/06\/seremistrabysegegob-1_optimized.jpeg\" alt='' title='seremi(s)trabysegegob-(1)_optimized' height=\"640\" width=\"799\"  itemprop=\"thumbnailUrl\" srcset=\"https:\/\/radiorevelacionfm.cl\/wp-content\/uploads\/2025\/06\/seremistrabysegegob-1_optimized.jpeg 799w, https:\/\/radiorevelacionfm.cl\/wp-content\/uploads\/2025\/06\/seremistrabysegegob-1_optimized-300x240.jpeg 300w, https:\/\/radiorevelacionfm.cl\/wp-content\/uploads\/2025\/06\/seremistrabysegegob-1_optimized-768x615.jpeg 768w, https:\/\/radiorevelacionfm.cl\/wp-content\/uploads\/2025\/06\/seremistrabysegegob-1_optimized-705x565.jpeg 705w, https:\/\/radiorevelacionfm.cl\/wp-content\/uploads\/2025\/06\/seremistrabysegegob-1_optimized-450x360.jpeg 450w, https:\/\/radiorevelacionfm.cl\/wp-content\/uploads\/2025\/06\/seremistrabysegegob-1_optimized-600x481.jpeg 600w\" sizes=\"(max-width: 799px) 100vw, 799px\" \/><\/div><\/div><\/div><\/div><div class=\"flex_column av_one_full  flex_column_div av-zero-column-padding first  avia-builder-el-2  el_after_av_one_full  el_before_av_one_full  column-top-margin\" style='border-radius:0px; '><section class=\"av_textblock_section \"  itemscope=\"itemscope\" itemtype=\"https:\/\/schema.org\/BlogPosting\" itemprop=\"blogPost\" ><div class='avia_textblock  '   itemprop=\"text\" ><p style=\"text-align: center;\"><strong><span style=\"font-size: 18pt;\">Destacan aprobaci\u00f3n y despacho a ley por parte del Senado del reajuste del salario m\u00ednimo a $529.000<\/span><\/strong><\/p>\n<div id=\"gtx-trans\" style=\"position: absolute; left: -50px; top: 4.31534px;\">\n<div class=\"gtx-trans-icon\"><\/div>\n<\/div>\n<\/div><\/section><\/div><div class=\"flex_column av_one_full  flex_column_div av-zero-column-padding first  avia-builder-el-4  el_after_av_one_full  el_before_av_hr  column-top-margin\" style='border-radius:0px; '><section class=\"av_textblock_section \"  itemscope=\"itemscope\" itemtype=\"https:\/\/schema.org\/BlogPosting\" itemprop=\"blogPost\" ><div class='avia_textblock  '   itemprop=\"text\" ><p class=\"v1gmail-MsoListParagraph\" style=\"text-align: justify;\"><em><span lang=\"ES\">El alza se pagar\u00e1 retroactivamente al mes de mayo, destacando que con esta \u00abalza hist\u00f3rica\u00bb el Gobierno cumple con el compromiso de superar el umbral de $500.000 y que ning\u00fan trabajador o trabajadora, que perciba el salario m\u00ednimo, quedar\u00e1 por debajo de la l\u00ednea de la pobreza.<\/span><\/em><b><\/b><\/p>\n<p class=\"v1MsoNormal\" style=\"text-align: justify;\">Luego de ser aprobado en ambas c\u00e1maras, el Senado despach\u00f3 a ley el proyecto que reajusta el salario m\u00ednimo y otros beneficios, lo que fue valorado por las autoridades regionales.<\/p>\n<p class=\"v1MsoNormal\" style=\"text-align: justify;\">La Seremi de Gobierno, \u00darsula Mix, destac\u00f3 el acuerdo con la Central Unitaria de Trabajadores, CUT, y el compromiso del Gobierno, \u00abFruto del di\u00e1logo social, se puede despachar ya en parlamento este gran acuerdo de nuevo aumento del sueldo m\u00ednimo. Ya como Gobierno hab\u00edamos tenido una cifra hist\u00f3rica y gracias a un acuerdo con la CUT y con gran respaldo tambi\u00e9n por parte del parlamento, podemos informar de este nuevo aumento del sueldo m\u00ednimo y vemos adem\u00e1s que se hace de manera seria, sin poner en peligro la econom\u00eda del pa\u00eds y con gran respaldo de la comunidad.\u00bb<\/p>\n<p class=\"v1MsoNormal\" style=\"text-align: justify;\">Este aumento de sueldo ser\u00e1 retroactivo a mayo, como lo explic\u00f3 el Seremi(s) de Trabajo y Previsi\u00f3n Social, Christian Aros, \u00abEn el Congreso se acaba de despachar el proyecto de ley de reajuste al salario m\u00ednimo, el cual contempla un alza gradual desde los actuales $510. $510.636 a $529.000 a contar del 1 de mayo de este a\u00f1o. Adem\u00e1s, a partir de enero del pr\u00f3ximo a\u00f1o esta cifra aumentar\u00e1 a $539 mil. \u00bfQu\u00e9 quiere decir esto? Que a los trabajadores y trabajadoras se les deber\u00e1 pagar retroactivamente al mes de mayo la diferencia que se haya generado desde el 1 de mayo a la fecha, para llegar a los actuales $529.000. Este es un gran avance que se logr\u00f3 con el compromiso del Gobierno y con di\u00e1logo social. A nivel nacional se estima que son cerca de 900 mil las y los trabajadores que se ver\u00e1n beneficiados. En los pr\u00f3ximos d\u00edas se promulgar\u00e1 esta ley y se publicar\u00e1 en el Diario Oficial\u00bb, detall\u00f3.<\/p>\n<p class=\"v1MsoNormal\" style=\"text-align: justify;\">Superar la l\u00ednea de la pobreza, fue uno de los puntos que destac\u00f3 el ministro de Trabajo y Previsi\u00f3n Social, Giorgio Boccardo, \u00abEstamos muy contentos porque se aprob\u00f3 el \u00faltimo paso de esta alza hist\u00f3rica a $539.000. As\u00ed cumplimos con dos compromisos del Gobierno del Presidente Boric. En primer lugar, avanzar por sobre los 500.000 pesos, en donde los trabajadores y trabajadoras no pierdan capacidad adquisitiva y, en segundo lugar, nos permite decir despu\u00e9s de cuatro a\u00f1os de negociaciones muy exitosas con la CUT, junto con un amplio apoyo de parlamentarios y parlamentarias, que contamos con un salario m\u00ednimo que a una familia promedio le permite estar por sobre el umbral de la pobreza, que era un horizonte normativo al cual nos hab\u00edamos comprometido como Gobierno\u00bb, se\u00f1al\u00f3.<\/p>\n<p class=\"v1MsoNormal\" style=\"text-align: justify;\">Por su parte, desde Hacienda, el ministro Mario Marcel, valor\u00f3 la aprobaci\u00f3n del informe de la Mixta pues \u00abdestraba un proyecto de ley tan importante para los trabajadores y trabajadoras del pa\u00eds, no solo porque reajusta el salario m\u00ednimo, sino porque tambi\u00e9n hace lo suyo con el Subsidio \u00danico Familiar y la Asignaci\u00f3n Familiar, que son beneficios muy valorados por una parte de la ciudadan\u00eda. Lo m\u00e1s importante es que con estas proporciones de reajuste, se mantiene el poder adquisitivo de los trabajadores y al mismo tiempo, se protege a las pymes\u00bb.<\/p>\n<p class=\"v1MsoNormal\" style=\"text-align: justify;\">La iniciativa contempla un alza gradual desde los actuales $510.000 a $529.000 a contar del 1 de mayo, y a partir de enero del pr\u00f3ximo a\u00f1o a $539 mil. Se estima que son cerca de 900 mil las y los trabajadores que se ver\u00e1n beneficiados y 3.840 en la Regi\u00f3n de Ays\u00e9n, seg\u00fan cifras a enero de 2025, de los trabajadores que cotizan el seguro de cesant\u00eda. Adem\u00e1s, se incrementan los beneficios sociales como el Subsidio \u00danico Familiar (SUF) y la Asignaci\u00f3n Familiar (AF), y considera aportes al Fondo de Estabilizaci\u00f3n de Precios del Petr\u00f3leo (FEPP) para mantener el precio de la parafina bajo los $1.050 por litro.<\/p>\n<p class=\"v1MsoNormal\" style=\"text-align: justify;\">Respecto a las MiPymes, el proyecto contempla un subsidio para las personas jur\u00eddicas sin fines de lucro, comunidades y personas naturales y jur\u00eddicas que tengan el car\u00e1cter de micro, peque\u00f1as y medianas empresas, para el caso en que la variaci\u00f3n en el monto del salario m\u00ednimo, a partir de enero de 2026, sea superior a la inflaci\u00f3n efectiva del a\u00f1o 2025.<\/p>\n<p class=\"v1MsoNormal\" style=\"text-align: justify;\">El ministro Boccardo tambi\u00e9n explic\u00f3 una de las divergencias que hubo en la discusi\u00f3n de la normativa, la que se refiera a la creaci\u00f3n del Observatorio de Ingresos y Costo de Vida de los Trabajadores, que con anterioridad se creaba como una instancia paralela, ahora se constituir\u00e1 como una comisi\u00f3n permanente del Consejo Superior Laboral (CSL).<\/p>\n<p class=\"v1MsoNormal\" style=\"text-align: justify;\">\u00abEn su momento se dijo que est\u00e1bamos creando un nuevo servicio o est\u00e1bamos solicitando m\u00e1s funcionarios p\u00fablicos, pero no es as\u00ed. Lo que hace este observatorio, bajo el alero del Consejo Superior Laboral, organismo tripartito donde participan los representantes de la CUT, CPC, las pymes y el Gobierno, son estimaciones de cu\u00e1les son los costos, el nivel de deuda, las necesidades que tienen las familias chilenas, con el objetivo de ir avanzando en par\u00e1metros claros y objetivos para poder ir dando las discusiones futuras de salario m\u00ednimo\u00bb, enfatiz\u00f3 Boccardo.<\/p>\n<p class=\"v1MsoNormal\" style=\"text-align: justify;\">Respecto a los beneficios sociales, como el Subsidio \u00danico Familiar (SUF) y la Asignaci\u00f3n Familiar (AF), aumentar\u00e1n, seg\u00fan el tramo, a $22.007, $13.505 y $4.267.<\/p>\n<\/div><\/section><\/div><div  style='height:50px' class='hr hr-invisible   avia-builder-el-6  el_after_av_one_full  el_before_av_social_share '><span class='hr-inner ' ><span class='hr-inner-style'><\/span><\/span><\/div><\/p>\n<div  class='av-social-sharing-box  avia-builder-el-7  el_after_av_hr  el_before_av_hr  '><div class='av-share-box'><h5 class='av-share-link-description av-no-toc '>Compartir esta noticia<\/h5><ul class='av-share-box-list noLightbox'><li class='av-share-link av-social-link-facebook' ><a target=\"_blank\" aria-label=\"Compartir en Facebook\" href='https:\/\/www.facebook.com\/sharer.php?u=https:\/\/radiorevelacionfm.cl\/?p=55503&#038;t=Destacan%20aprobaci%C3%B3n%20y%20despacho%20a%20ley%20por%20parte%20del%20Senado%20del%20reajuste%20del%20salario%20m%C3%ADnimo%20a%20%24529.000' aria-hidden='false' data-av_icon='\ue8f3' data-av_iconfont='entypo-fontello' title='' data-avia-related-tooltip='Compartir en Facebook' rel=\"noopener\"><span class='avia_hidden_link_text'>Compartir en Facebook<\/span><\/a><\/li><li class='av-share-link av-social-link-twitter' ><a target=\"_blank\" aria-label=\"Compartir en Twitter\" href='https:\/\/twitter.com\/share?text=Destacan%20aprobaci%C3%B3n%20y%20despacho%20a%20ley%20por%20parte%20del%20Senado%20del%20reajuste%20del%20salario%20m%C3%ADnimo%20a%20%24529.000&#038;url=https:\/\/radiorevelacionfm.cl\/?p=55503' aria-hidden='false' data-av_icon='\ue8f1' data-av_iconfont='entypo-fontello' title='' data-avia-related-tooltip='Compartir en Twitter' rel=\"noopener\"><span class='avia_hidden_link_text'>Compartir en Twitter<\/span><\/a><\/li><li class='av-share-link av-social-link-whatsapp' ><a target=\"_blank\" aria-label=\"Compartir en Whatsapp\" href='https:\/\/api.whatsapp.com\/send?text=https:\/\/radiorevelacionfm.cl\/?p=55503' aria-hidden='false' data-av_icon='\uf232' data-av_iconfont='entypo-fontello' title='' data-avia-related-tooltip='Compartir en Whatsapp' rel=\"noopener\"><span class='avia_hidden_link_text'>Compartir en Whatsapp<\/span><\/a><\/li><li class='av-share-link av-social-link-linkedin' ><a target=\"_blank\" aria-label=\"Compartir en LinkedIn\" href='https:\/\/linkedin.com\/shareArticle?mini=true&#038;title=Destacan%20aprobaci%C3%B3n%20y%20despacho%20a%20ley%20por%20parte%20del%20Senado%20del%20reajuste%20del%20salario%20m%C3%ADnimo%20a%20%24529.000&#038;url=https:\/\/radiorevelacionfm.cl\/?p=55503' aria-hidden='false' data-av_icon='\ue8fc' data-av_iconfont='entypo-fontello' title='' data-avia-related-tooltip='Compartir en LinkedIn' rel=\"noopener\"><span class='avia_hidden_link_text'>Compartir en LinkedIn<\/span><\/a><\/li><li class='av-share-link av-social-link-mail' ><a  aria-label=\"Compartir por correo\" href='mailto:?subject=Destacan%20aprobaci%C3%B3n%20y%20despacho%20a%20ley%20por%20parte%20del%20Senado%20del%20reajuste%20del%20salario%20m%C3%ADnimo%20a%20%24529.000&#038;body=https:\/\/radiorevelacionfm.cl\/?p=55503' aria-hidden='false' data-av_icon='\ue805' data-av_iconfont='entypo-fontello' title='' data-avia-related-tooltip='Compartir por correo'><span class='avia_hidden_link_text'>Compartir por correo<\/span><\/a><\/li><\/ul><\/div><\/div>\n<div  style='height:50px' class='hr hr-invisible   avia-builder-el-8  el_after_av_social_share  el_before_av_comments_list '><span class='hr-inner ' ><span class='hr-inner-style'><\/span><\/span><\/div>\n<div  class='av-buildercomment  av-blog-meta-html-info-disabled av-blog-meta-tag-disabled  '><\/div>\n","protected":false},"excerpt":{"rendered":"","protected":false},"author":1,"featured_media":55504,"comment_status":"closed","ping_status":"closed","sticky":false,"template":"","format":"standard","meta":{"footnotes":""},"categories":[56],"tags":[],"class_list":["post-55503","post","type-post","status-publish","format-standard","has-post-thumbnail","hentry","category-trabajo"],"jetpack_featured_media_url":"https:\/\/radiorevelacionfm.cl\/wp-content\/uploads\/2025\/06\/seremistrabysegegob-1_optimized.jpeg","_links":{"self":[{"href":"https:\/\/radiorevelacionfm.cl\/index.php?rest_route=\/wp\/v2\/posts\/55503","targetHints":{"allow":["GET"]}}],"collection":[{"href":"https:\/\/radiorevelacionfm.cl\/index.php?rest_route=\/wp\/v2\/posts"}],"about":[{"href":"https:\/\/radiorevelacionfm.cl\/index.php?rest_route=\/wp\/v2\/types\/post"}],"author":[{"embeddable":true,"href":"https:\/\/radiorevelacionfm.cl\/index.php?rest_route=\/wp\/v2\/users\/1"}],"replies":[{"embeddable":true,"href":"https:\/\/radiorevelacionfm.cl\/index.php?rest_route=%2Fwp%2Fv2%2Fcomments&post=55503"}],"version-history":[{"count":2,"href":"https:\/\/radiorevelacionfm.cl\/index.php?rest_route=\/wp\/v2\/posts\/55503\/revisions"}],"predecessor-version":[{"id":55511,"href":"https:\/\/radiorevelacionfm.cl\/index.php?rest_route=\/wp\/v2\/posts\/55503\/revisions\/55511"}],"wp:featuredmedia":[{"embeddable":true,"href":"https:\/\/radiorevelacionfm.cl\/index.php?rest_route=\/wp\/v2\/media\/55504"}],"wp:attachment":[{"href":"https:\/\/radiorevelacionfm.cl\/index.php?rest_route=%2Fwp%2Fv2%2Fmedia&parent=55503"}],"wp:term":[{"taxonomy":"category","embeddable":true,"href":"https:\/\/radiorevelacionfm.cl\/index.php?rest_route=%2Fwp%2Fv2%2Fcategories&post=55503"},{"taxonomy":"post_tag","embeddable":true,"href":"https:\/\/radiorevelacionfm.cl\/index.php?rest_route=%2Fwp%2Fv2%2Ftags&post=55503"}],"curies":[{"name":"wp","href":"https:\/\/api.w.org\/{rel}","templated":true}]}}