{"id":55496,"date":"2025-06-19T19:25:20","date_gmt":"2025-06-19T22:25:20","guid":{"rendered":"https:\/\/radiorevelacionfm.cl\/?p=55496"},"modified":"2025-06-19T19:25:20","modified_gmt":"2025-06-19T22:25:20","slug":"sernapesca-aysen-inicia-proceso-de-postulacion-para-la-asignacion-amerb-bahia-eugenia","status":"publish","type":"post","link":"https:\/\/radiorevelacionfm.cl\/?p=55496","title":{"rendered":"Sernapesca Ays\u00e9n inicia proceso de postulaci\u00f3n para la asignaci\u00f3n AMERB Bah\u00eda Eugenia"},"content":{"rendered":"<div class=\"flex_column av_one_full  flex_column_div av-zero-column-padding first  avia-builder-el-0  el_before_av_one_full  avia-builder-el-first  \" style='border-radius:0px; '><div  class='avia-image-container  av-styling-    avia-builder-el-1  avia-builder-el-no-sibling  avia-align-center '  itemprop=\"image\" itemscope=\"itemscope\" itemtype=\"https:\/\/schema.org\/ImageObject\"  ><div class='avia-image-container-inner'><div class='avia-image-overlay-wrap'><img decoding=\"async\" class='wp-image-55497 avia-img-lazy-loading-not-55497 avia_image' src=\"https:\/\/radiorevelacionfm.cl\/wp-content\/uploads\/2025\/06\/pxl_20240711_163058486-1_optimized-1.jpg\" alt='' title='pxl_20240711_163058486-(1)_optimized (1)' height=\"605\" width=\"804\"  itemprop=\"thumbnailUrl\" srcset=\"https:\/\/radiorevelacionfm.cl\/wp-content\/uploads\/2025\/06\/pxl_20240711_163058486-1_optimized-1.jpg 804w, https:\/\/radiorevelacionfm.cl\/wp-content\/uploads\/2025\/06\/pxl_20240711_163058486-1_optimized-1-300x226.jpg 300w, https:\/\/radiorevelacionfm.cl\/wp-content\/uploads\/2025\/06\/pxl_20240711_163058486-1_optimized-1-768x578.jpg 768w, https:\/\/radiorevelacionfm.cl\/wp-content\/uploads\/2025\/06\/pxl_20240711_163058486-1_optimized-1-705x531.jpg 705w, https:\/\/radiorevelacionfm.cl\/wp-content\/uploads\/2025\/06\/pxl_20240711_163058486-1_optimized-1-450x339.jpg 450w, https:\/\/radiorevelacionfm.cl\/wp-content\/uploads\/2025\/06\/pxl_20240711_163058486-1_optimized-1-600x451.jpg 600w\" sizes=\"(max-width: 804px) 100vw, 804px\" \/><\/div><\/div><\/div><\/div><div class=\"flex_column av_one_full  flex_column_div av-zero-column-padding first  avia-builder-el-2  el_after_av_one_full  el_before_av_one_full  column-top-margin\" style='border-radius:0px; '><section class=\"av_textblock_section \"  itemscope=\"itemscope\" itemtype=\"https:\/\/schema.org\/BlogPosting\" itemprop=\"blogPost\" ><div class='avia_textblock  '   itemprop=\"text\" ><p style=\"text-align: center;\"><span style=\"font-size: 18pt;\"><b>Sernapesca Ays\u00e9n inicia proceso de postulaci\u00f3n para la asignaci\u00f3n AMERB Bah\u00eda Eugenia<\/b><\/span><\/p>\n<div id=\"gtx-trans\" style=\"position: absolute; left: -50px; top: 4.31534px;\">\n<div class=\"gtx-trans-icon\"><\/div>\n<\/div>\n<\/div><\/section><\/div><div class=\"flex_column av_one_full  flex_column_div av-zero-column-padding first  avia-builder-el-4  el_after_av_one_full  el_before_av_hr  column-top-margin\" style='border-radius:0px; '><section class=\"av_textblock_section \"  itemscope=\"itemscope\" itemtype=\"https:\/\/schema.org\/BlogPosting\" itemprop=\"blogPost\" ><div class='avia_textblock  '   itemprop=\"text\" ><p style=\"font-weight: 400; text-align: justify;\">El Servicio Nacional de Pesca y Acuicultura (Sernapesca) de la regi\u00f3n de Ays\u00e9n recibi\u00f3 por parte de la Armada de Chile la destinaci\u00f3n mar\u00edtima del \u00c1rea de Manejo de Recursos Bent\u00f3nicos (AMERB) Bah\u00eda Eugenia, sector A. Con lo que se dio inicio al proceso de difusi\u00f3n para informar a todas las organizaciones de pescadores y pescadoras artesanales interesadas en ser asignatarias de dicha \u00e1rea.<\/p>\n<p style=\"font-weight: 400; text-align: justify;\">Daniela Leiva, directora regional de Sernapesca en Ays\u00e9n invit\u00f3 a las organizaciones del sector a postular: \u201cHacemos un llamado a todas las organizaciones a que se acerquen a nuestras oficinas en la regi\u00f3n de Ays\u00e9n y postulen. Como Sernapesca verificaremos el cumplimiento de cada uno de los antecedentes exigidos por ley y derivaremos a la Subsecretar\u00eda para su pronunciamiento\u201d.<\/p>\n<p style=\"font-weight: 400; text-align: justify;\">Finalizado este proceso, la organizaci\u00f3n deber\u00e1 presentar un plan de manejo y explotaci\u00f3n, el cual deber\u00e1 ser aprobado por la Subsecretar\u00eda de Pesca y Acuicultura. Posteriormente, Sernapesca firmar\u00e1 un Convenio de Uso con la organizaci\u00f3n asignataria del \u00e1rea de manejo. En la regi\u00f3n, estas \u00e1reas han sido utilizadas principalmente para la cosecha de locos y erizos, recursos que se desarrollan favorablemente en la zona.<\/p>\n<p style=\"font-weight: 400; text-align: justify;\">Para mayor informaci\u00f3n, las organizaciones interesadas pueden escribir al Whatsapp +569 82034289 de atenci\u00f3n de usuarios de Sernapesca o se pueden dirigir a la oficina m\u00e1s cercana.<\/p>\n<\/div><\/section><\/div><div  style='height:50px' class='hr hr-invisible   avia-builder-el-6  el_after_av_one_full  el_before_av_social_share '><span class='hr-inner ' ><span class='hr-inner-style'><\/span><\/span><\/div><\/p>\n<div  class='av-social-sharing-box  avia-builder-el-7  el_after_av_hr  el_before_av_hr  '><div class='av-share-box'><h5 class='av-share-link-description av-no-toc '>Compartir esta noticia<\/h5><ul class='av-share-box-list noLightbox'><li class='av-share-link av-social-link-facebook' ><a target=\"_blank\" aria-label=\"Compartir en Facebook\" href='https:\/\/www.facebook.com\/sharer.php?u=https:\/\/radiorevelacionfm.cl\/?p=55496&#038;t=Sernapesca%20Ays%C3%A9n%20inicia%20proceso%20de%20postulaci%C3%B3n%20para%20la%20asignaci%C3%B3n%20AMERB%20Bah%C3%ADa%20Eugenia' aria-hidden='false' data-av_icon='\ue8f3' data-av_iconfont='entypo-fontello' title='' data-avia-related-tooltip='Compartir en Facebook' rel=\"noopener\"><span class='avia_hidden_link_text'>Compartir en Facebook<\/span><\/a><\/li><li class='av-share-link av-social-link-twitter' ><a target=\"_blank\" aria-label=\"Compartir en Twitter\" href='https:\/\/twitter.com\/share?text=Sernapesca%20Ays%C3%A9n%20inicia%20proceso%20de%20postulaci%C3%B3n%20para%20la%20asignaci%C3%B3n%20AMERB%20Bah%C3%ADa%20Eugenia&#038;url=https:\/\/radiorevelacionfm.cl\/?p=55496' aria-hidden='false' data-av_icon='\ue8f1' data-av_iconfont='entypo-fontello' title='' data-avia-related-tooltip='Compartir en Twitter' rel=\"noopener\"><span class='avia_hidden_link_text'>Compartir en Twitter<\/span><\/a><\/li><li class='av-share-link av-social-link-whatsapp' ><a target=\"_blank\" aria-label=\"Compartir en Whatsapp\" href='https:\/\/api.whatsapp.com\/send?text=https:\/\/radiorevelacionfm.cl\/?p=55496' aria-hidden='false' data-av_icon='\uf232' data-av_iconfont='entypo-fontello' title='' data-avia-related-tooltip='Compartir en Whatsapp' rel=\"noopener\"><span class='avia_hidden_link_text'>Compartir en Whatsapp<\/span><\/a><\/li><li class='av-share-link av-social-link-linkedin' ><a target=\"_blank\" aria-label=\"Compartir en LinkedIn\" href='https:\/\/linkedin.com\/shareArticle?mini=true&#038;title=Sernapesca%20Ays%C3%A9n%20inicia%20proceso%20de%20postulaci%C3%B3n%20para%20la%20asignaci%C3%B3n%20AMERB%20Bah%C3%ADa%20Eugenia&#038;url=https:\/\/radiorevelacionfm.cl\/?p=55496' aria-hidden='false' data-av_icon='\ue8fc' data-av_iconfont='entypo-fontello' title='' data-avia-related-tooltip='Compartir en LinkedIn' rel=\"noopener\"><span class='avia_hidden_link_text'>Compartir en LinkedIn<\/span><\/a><\/li><li class='av-share-link av-social-link-mail' ><a  aria-label=\"Compartir por correo\" href='mailto:?subject=Sernapesca%20Ays%C3%A9n%20inicia%20proceso%20de%20postulaci%C3%B3n%20para%20la%20asignaci%C3%B3n%20AMERB%20Bah%C3%ADa%20Eugenia&#038;body=https:\/\/radiorevelacionfm.cl\/?p=55496' aria-hidden='false' data-av_icon='\ue805' data-av_iconfont='entypo-fontello' title='' data-avia-related-tooltip='Compartir por correo'><span class='avia_hidden_link_text'>Compartir por correo<\/span><\/a><\/li><\/ul><\/div><\/div>\n<div  style='height:50px' class='hr hr-invisible   avia-builder-el-8  el_after_av_social_share  el_before_av_comments_list '><span class='hr-inner ' ><span class='hr-inner-style'><\/span><\/span><\/div>\n<div  class='av-buildercomment  av-blog-meta-html-info-disabled av-blog-meta-tag-disabled  '><\/div>\n","protected":false},"excerpt":{"rendered":"","protected":false},"author":1,"featured_media":55497,"comment_status":"closed","ping_status":"closed","sticky":false,"template":"","format":"standard","meta":{"footnotes":""},"categories":[60],"tags":[],"class_list":["post-55496","post","type-post","status-publish","format-standard","has-post-thumbnail","hentry","category-pesca"],"jetpack_featured_media_url":"https:\/\/radiorevelacionfm.cl\/wp-content\/uploads\/2025\/06\/pxl_20240711_163058486-1_optimized-1.jpg","_links":{"self":[{"href":"https:\/\/radiorevelacionfm.cl\/index.php?rest_route=\/wp\/v2\/posts\/55496","targetHints":{"allow":["GET"]}}],"collection":[{"href":"https:\/\/radiorevelacionfm.cl\/index.php?rest_route=\/wp\/v2\/posts"}],"about":[{"href":"https:\/\/radiorevelacionfm.cl\/index.php?rest_route=\/wp\/v2\/types\/post"}],"author":[{"embeddable":true,"href":"https:\/\/radiorevelacionfm.cl\/index.php?rest_route=\/wp\/v2\/users\/1"}],"replies":[{"embeddable":true,"href":"https:\/\/radiorevelacionfm.cl\/index.php?rest_route=%2Fwp%2Fv2%2Fcomments&post=55496"}],"version-history":[{"count":2,"href":"https:\/\/radiorevelacionfm.cl\/index.php?rest_route=\/wp\/v2\/posts\/55496\/revisions"}],"predecessor-version":[{"id":55499,"href":"https:\/\/radiorevelacionfm.cl\/index.php?rest_route=\/wp\/v2\/posts\/55496\/revisions\/55499"}],"wp:featuredmedia":[{"embeddable":true,"href":"https:\/\/radiorevelacionfm.cl\/index.php?rest_route=\/wp\/v2\/media\/55497"}],"wp:attachment":[{"href":"https:\/\/radiorevelacionfm.cl\/index.php?rest_route=%2Fwp%2Fv2%2Fmedia&parent=55496"}],"wp:term":[{"taxonomy":"category","embeddable":true,"href":"https:\/\/radiorevelacionfm.cl\/index.php?rest_route=%2Fwp%2Fv2%2Fcategories&post=55496"},{"taxonomy":"post_tag","embeddable":true,"href":"https:\/\/radiorevelacionfm.cl\/index.php?rest_route=%2Fwp%2Fv2%2Ftags&post=55496"}],"curies":[{"name":"wp","href":"https:\/\/api.w.org\/{rel}","templated":true}]}}