{"id":55486,"date":"2025-06-19T21:03:10","date_gmt":"2025-06-20T00:03:10","guid":{"rendered":"https:\/\/radiorevelacionfm.cl\/?p=55486"},"modified":"2025-06-19T21:03:10","modified_gmt":"2025-06-20T00:03:10","slug":"gobierno-regional-impulsa-avances-en-salud-para-la-region","status":"publish","type":"post","link":"https:\/\/radiorevelacionfm.cl\/?p=55486","title":{"rendered":"Gobierno Regional impulsa avances en salud para la Regi\u00f3n"},"content":{"rendered":"<div class=\"flex_column av_one_full  flex_column_div av-zero-column-padding first  avia-builder-el-0  el_before_av_one_full  avia-builder-el-first  \" style='border-radius:0px; '><div  class='avia-image-container  av-styling-    avia-builder-el-1  avia-builder-el-no-sibling  avia-align-center '  itemprop=\"image\" itemscope=\"itemscope\" itemtype=\"https:\/\/schema.org\/ImageObject\"  ><div class='avia-image-container-inner'><div class='avia-image-overlay-wrap'><img decoding=\"async\" class='wp-image-55487 avia-img-lazy-loading-not-55487 avia_image' src=\"https:\/\/radiorevelacionfm.cl\/wp-content\/uploads\/2025\/06\/ministra-y-equipo-gobierno-regional_optimized.jpg\" alt='' title='ministra-y-equipo-gobierno-regional_optimized' height=\"600\" width=\"1095\"  itemprop=\"thumbnailUrl\" srcset=\"https:\/\/radiorevelacionfm.cl\/wp-content\/uploads\/2025\/06\/ministra-y-equipo-gobierno-regional_optimized.jpg 1095w, https:\/\/radiorevelacionfm.cl\/wp-content\/uploads\/2025\/06\/ministra-y-equipo-gobierno-regional_optimized-300x164.jpg 300w, https:\/\/radiorevelacionfm.cl\/wp-content\/uploads\/2025\/06\/ministra-y-equipo-gobierno-regional_optimized-1030x564.jpg 1030w, https:\/\/radiorevelacionfm.cl\/wp-content\/uploads\/2025\/06\/ministra-y-equipo-gobierno-regional_optimized-768x421.jpg 768w, https:\/\/radiorevelacionfm.cl\/wp-content\/uploads\/2025\/06\/ministra-y-equipo-gobierno-regional_optimized-705x386.jpg 705w, https:\/\/radiorevelacionfm.cl\/wp-content\/uploads\/2025\/06\/ministra-y-equipo-gobierno-regional_optimized-450x247.jpg 450w, https:\/\/radiorevelacionfm.cl\/wp-content\/uploads\/2025\/06\/ministra-y-equipo-gobierno-regional_optimized-600x329.jpg 600w\" sizes=\"(max-width: 1095px) 100vw, 1095px\" \/><\/div><\/div><\/div><\/div><div class=\"flex_column av_one_full  flex_column_div av-zero-column-padding first  avia-builder-el-2  el_after_av_one_full  el_before_av_one_full  column-top-margin\" style='border-radius:0px; '><section class=\"av_textblock_section \"  itemscope=\"itemscope\" itemtype=\"https:\/\/schema.org\/BlogPosting\" itemprop=\"blogPost\" ><div class='avia_textblock  '   itemprop=\"text\" ><p style=\"text-align: center;\"><span style=\"font-size: 18pt;\"><strong>Gobierno Regional impulsa avances en salud para la Regi\u00f3n <\/strong><\/span><\/p>\n<div id=\"gtx-trans\" style=\"position: absolute; left: -50px; top: 4.31534px;\">\n<div class=\"gtx-trans-icon\"><\/div>\n<\/div>\n<\/div><\/section><\/div><div class=\"flex_column av_one_full  flex_column_div av-zero-column-padding first  avia-builder-el-4  el_after_av_one_full  el_before_av_hr  column-top-margin\" style='border-radius:0px; '><section class=\"av_textblock_section \"  itemscope=\"itemscope\" itemtype=\"https:\/\/schema.org\/BlogPosting\" itemprop=\"blogPost\" ><div class='avia_textblock  '   itemprop=\"text\" ><p style=\"text-align: justify;\"><em>En un encuentro con la ministra de Salud, Ximena Aguilera, el Gobierno Regional comprometi\u00f3 apoyo econ\u00f3mico para avanzar en la licitaci\u00f3n del tercer CESFAM de Coyhaique, proceso que ha fallado en diversas oportunidades desde el a\u00f1o 2023.<\/em><\/p>\n<p style=\"text-align: justify;\">Una inyecci\u00f3n de recursos por parte del Gobierno Regional podr\u00eda salvar la cuarta licitaci\u00f3n para la construcci\u00f3n del Centro de Salud Familiar CESFAM Coyhaique. Este fue uno de los compromisos adquiridos en un encuentro con la ministra de Salud, Ximena Aguilera, que tuvo lugar en el Gobierno Regional de Ays\u00e9n este mi\u00e9rcoles 18 de junio.<\/p>\n<p style=\"text-align: justify;\">\u201cSe requiere soluciones r\u00e1pidas para mejorar la atenci\u00f3n primaria de salud para casi 60 mil personas que hoy d\u00eda dependen del V\u00edctor Domingo Silva y del consultorio Alejandro Guti\u00e9rrez. Por lo tanto, la visita de la ministra de Salud a la Regi\u00f3n de Ays\u00e9n nos permite avanzar en estas conversaciones\u201d, declar\u00f3 el gobernador regional, Marcelo Santana, desde la Regi\u00f3n de Magallanes, donde particip\u00f3 en un encuentro suprarregional.<\/p>\n<p style=\"text-align: justify;\">En la misma l\u00ednea, el administrador regional N\u00e9stor Mera, destac\u00f3 los resultados de la reuni\u00f3n: \u201cHemos ofrecido nuestro aporte y apoyo econ\u00f3mico con los recursos adicionales que necesiten, porque queremos, y es parte de lo que hemos planteado como Gobierno Regional, que el tercer CESFAM de Coyhaique sea una realidad en el m\u00e1s breve plazo\u201d,<\/p>\n<p style=\"text-align: justify;\">La ministra de Salud, Ximena Aguilera, agradeci\u00f3 la voluntad e inter\u00e9s del Gobierno Regional y sus consejeros de invertir en salud: \u201cYo s\u00e9 que es una prioridad aqu\u00ed en la regi\u00f3n, pero uno agradece que efectivamente se le d\u00e9 importancia al sector, porque aqu\u00ed es relevante. Es relevante desde el punto de vista de que apoya al desarrollo en una regi\u00f3n que se est\u00e1 desarrollando y donde es importante tener una mucho mayor capacidad resolutiva, de manera que la gente pueda satisfacer sus necesidades lo m\u00e1s cerca del lugar donde ellos viven\u201d.<\/p>\n<p style=\"text-align: justify;\">Durante el encuentro, tambi\u00e9n se abord\u00f3 la necesidad de un convenio de programaci\u00f3n, que opere como hoja de ruta para la inversi\u00f3n en salud durante los pr\u00f3ximos diez a\u00f1os. El equipo t\u00e9cnico del Gobierno Regional y sus consejeros regionales plantearon la necesidad de mejoras en la resolutividad de todos los hospitales de la regi\u00f3n (Chile Chico, Ays\u00e9n, Coyhaique, Cisnes, Cochrane) y consultorios en materia de equipamiento y especialistas.<\/p>\n<p style=\"text-align: justify;\">Durante el encuentro tambi\u00e9n participaron los consejeros regionales Rosa Gonz\u00e1lez, Marisol Mart\u00ednez, Ximena Novoa, Andrea Ponce y Pablo Guglielmi.<\/p>\n<p style=\"text-align: justify;\">La consejera regional Marisol Mart\u00ednez enfatiz\u00f3 el compromiso de los consejeros de apoyar el financiamiento en salud y que se abordaron varios temas positivos para la comunidad, tales como el CESFAM, los estudios de prefactibilidad para el Hospital de Coyhaique y los Centros Comunitarios de Salud Mental Familiar (COSAM):. \u201cHablamos de la necesidad de atender la salud mental de nuestros vecinos y vecinas de Coyhaique y efectivamente hay un compromiso. Acaban de llegar dos psiquiatras y viene uno m\u00e1s que ha sido algo tambi\u00e9n muy demandado por la comunidad\u201d, agreg\u00f3.<\/p>\n<p style=\"text-align: justify;\">En tanto, la consejera regional Ximena Novoa manifest\u00f3 su satisfacci\u00f3n y esperanza en que se va a concretar un convenio de programaci\u00f3n: Este \u201cva a permitir equipar el Hospital de Ays\u00e9n, contar con esc\u00e1ner, contar con ec\u00f3grafo, contar con el equipamiento para cardi\u00f3logo. Una de las falencias que tenemos es que contamos con especialistas pero no con equipamiento\u201d.<\/p>\n<\/div><\/section><\/div><div  style='height:50px' class='hr hr-invisible   avia-builder-el-6  el_after_av_one_full  el_before_av_social_share '><span class='hr-inner ' ><span class='hr-inner-style'><\/span><\/span><\/div><\/p>\n<div  class='av-social-sharing-box  avia-builder-el-7  el_after_av_hr  el_before_av_hr  '><div class='av-share-box'><h5 class='av-share-link-description av-no-toc '>Compartir esta noticia<\/h5><ul class='av-share-box-list noLightbox'><li class='av-share-link av-social-link-facebook' ><a target=\"_blank\" aria-label=\"Compartir en Facebook\" href='https:\/\/www.facebook.com\/sharer.php?u=https:\/\/radiorevelacionfm.cl\/?p=55486&#038;t=Gobierno%20Regional%20impulsa%20avances%20en%20salud%20para%20la%20Regi%C3%B3n' aria-hidden='false' data-av_icon='\ue8f3' data-av_iconfont='entypo-fontello' title='' data-avia-related-tooltip='Compartir en Facebook' rel=\"noopener\"><span class='avia_hidden_link_text'>Compartir en Facebook<\/span><\/a><\/li><li class='av-share-link av-social-link-twitter' ><a target=\"_blank\" aria-label=\"Compartir en Twitter\" href='https:\/\/twitter.com\/share?text=Gobierno%20Regional%20impulsa%20avances%20en%20salud%20para%20la%20Regi%C3%B3n&#038;url=https:\/\/radiorevelacionfm.cl\/?p=55486' aria-hidden='false' data-av_icon='\ue8f1' data-av_iconfont='entypo-fontello' title='' data-avia-related-tooltip='Compartir en Twitter' rel=\"noopener\"><span class='avia_hidden_link_text'>Compartir en Twitter<\/span><\/a><\/li><li class='av-share-link av-social-link-whatsapp' ><a target=\"_blank\" aria-label=\"Compartir en Whatsapp\" href='https:\/\/api.whatsapp.com\/send?text=https:\/\/radiorevelacionfm.cl\/?p=55486' aria-hidden='false' data-av_icon='\uf232' data-av_iconfont='entypo-fontello' title='' data-avia-related-tooltip='Compartir en Whatsapp' rel=\"noopener\"><span class='avia_hidden_link_text'>Compartir en Whatsapp<\/span><\/a><\/li><li class='av-share-link av-social-link-linkedin' ><a target=\"_blank\" aria-label=\"Compartir en LinkedIn\" href='https:\/\/linkedin.com\/shareArticle?mini=true&#038;title=Gobierno%20Regional%20impulsa%20avances%20en%20salud%20para%20la%20Regi%C3%B3n&#038;url=https:\/\/radiorevelacionfm.cl\/?p=55486' aria-hidden='false' data-av_icon='\ue8fc' data-av_iconfont='entypo-fontello' title='' data-avia-related-tooltip='Compartir en LinkedIn' rel=\"noopener\"><span class='avia_hidden_link_text'>Compartir en LinkedIn<\/span><\/a><\/li><li class='av-share-link av-social-link-mail' ><a  aria-label=\"Compartir por correo\" href='mailto:?subject=Gobierno%20Regional%20impulsa%20avances%20en%20salud%20para%20la%20Regi%C3%B3n&#038;body=https:\/\/radiorevelacionfm.cl\/?p=55486' aria-hidden='false' data-av_icon='\ue805' data-av_iconfont='entypo-fontello' title='' data-avia-related-tooltip='Compartir por correo'><span class='avia_hidden_link_text'>Compartir por correo<\/span><\/a><\/li><\/ul><\/div><\/div>\n<div  style='height:50px' class='hr hr-invisible   avia-builder-el-8  el_after_av_social_share  el_before_av_comments_list '><span class='hr-inner ' ><span class='hr-inner-style'><\/span><\/span><\/div>\n<div  class='av-buildercomment  av-blog-meta-html-info-disabled av-blog-meta-tag-disabled  '><\/div>\n","protected":false},"excerpt":{"rendered":"","protected":false},"author":1,"featured_media":55487,"comment_status":"closed","ping_status":"closed","sticky":false,"template":"","format":"standard","meta":{"footnotes":""},"categories":[38],"tags":[],"class_list":["post-55486","post","type-post","status-publish","format-standard","has-post-thumbnail","hentry","category-regional"],"jetpack_featured_media_url":"https:\/\/radiorevelacionfm.cl\/wp-content\/uploads\/2025\/06\/ministra-y-equipo-gobierno-regional_optimized.jpg","_links":{"self":[{"href":"https:\/\/radiorevelacionfm.cl\/index.php?rest_route=\/wp\/v2\/posts\/55486","targetHints":{"allow":["GET"]}}],"collection":[{"href":"https:\/\/radiorevelacionfm.cl\/index.php?rest_route=\/wp\/v2\/posts"}],"about":[{"href":"https:\/\/radiorevelacionfm.cl\/index.php?rest_route=\/wp\/v2\/types\/post"}],"author":[{"embeddable":true,"href":"https:\/\/radiorevelacionfm.cl\/index.php?rest_route=\/wp\/v2\/users\/1"}],"replies":[{"embeddable":true,"href":"https:\/\/radiorevelacionfm.cl\/index.php?rest_route=%2Fwp%2Fv2%2Fcomments&post=55486"}],"version-history":[{"count":2,"href":"https:\/\/radiorevelacionfm.cl\/index.php?rest_route=\/wp\/v2\/posts\/55486\/revisions"}],"predecessor-version":[{"id":55509,"href":"https:\/\/radiorevelacionfm.cl\/index.php?rest_route=\/wp\/v2\/posts\/55486\/revisions\/55509"}],"wp:featuredmedia":[{"embeddable":true,"href":"https:\/\/radiorevelacionfm.cl\/index.php?rest_route=\/wp\/v2\/media\/55487"}],"wp:attachment":[{"href":"https:\/\/radiorevelacionfm.cl\/index.php?rest_route=%2Fwp%2Fv2%2Fmedia&parent=55486"}],"wp:term":[{"taxonomy":"category","embeddable":true,"href":"https:\/\/radiorevelacionfm.cl\/index.php?rest_route=%2Fwp%2Fv2%2Fcategories&post=55486"},{"taxonomy":"post_tag","embeddable":true,"href":"https:\/\/radiorevelacionfm.cl\/index.php?rest_route=%2Fwp%2Fv2%2Ftags&post=55486"}],"curies":[{"name":"wp","href":"https:\/\/api.w.org\/{rel}","templated":true}]}}