{"id":55480,"date":"2025-06-20T16:00:00","date_gmt":"2025-06-20T19:00:00","guid":{"rendered":"https:\/\/radiorevelacionfm.cl\/?p=55480"},"modified":"2025-06-20T16:00:00","modified_gmt":"2025-06-20T19:00:00","slug":"senador-sandoval-destaco-que-construccion-de-nueva-barcaza-para-lago-general-carrera-se-hara-via-trato-directo-y-estara-operativa-en-2027","status":"publish","type":"post","link":"https:\/\/radiorevelacionfm.cl\/?p=55480","title":{"rendered":"Senador Sandoval destac\u00f3 que construcci\u00f3n de nueva barcaza para Lago General Carrera se har\u00e1 v\u00eda trato directo y estar\u00e1 operativa en 2027"},"content":{"rendered":"<div class=\"flex_column av_one_full  flex_column_div av-zero-column-padding first  avia-builder-el-0  el_before_av_one_full  avia-builder-el-first  \" style='border-radius:0px; '><div  class='avia-image-container  av-styling-    avia-builder-el-1  avia-builder-el-no-sibling  avia-align-center '  itemprop=\"image\" itemscope=\"itemscope\" itemtype=\"https:\/\/schema.org\/ImageObject\"  ><div class='avia-image-container-inner'><div class='avia-image-overlay-wrap'><img decoding=\"async\" class='wp-image-55481 avia-img-lazy-loading-not-55481 avia_image' src=\"https:\/\/radiorevelacionfm.cl\/wp-content\/uploads\/2025\/06\/img_5215-1_optimized.jpg\" alt='' title='img_5215-(1)_optimized' height=\"600\" width=\"800\"  itemprop=\"thumbnailUrl\" srcset=\"https:\/\/radiorevelacionfm.cl\/wp-content\/uploads\/2025\/06\/img_5215-1_optimized.jpg 800w, https:\/\/radiorevelacionfm.cl\/wp-content\/uploads\/2025\/06\/img_5215-1_optimized-300x225.jpg 300w, https:\/\/radiorevelacionfm.cl\/wp-content\/uploads\/2025\/06\/img_5215-1_optimized-768x576.jpg 768w, https:\/\/radiorevelacionfm.cl\/wp-content\/uploads\/2025\/06\/img_5215-1_optimized-705x529.jpg 705w, https:\/\/radiorevelacionfm.cl\/wp-content\/uploads\/2025\/06\/img_5215-1_optimized-450x338.jpg 450w, https:\/\/radiorevelacionfm.cl\/wp-content\/uploads\/2025\/06\/img_5215-1_optimized-600x450.jpg 600w\" sizes=\"(max-width: 800px) 100vw, 800px\" \/><\/div><\/div><\/div><\/div><div class=\"flex_column av_one_full  flex_column_div av-zero-column-padding first  avia-builder-el-2  el_after_av_one_full  el_before_av_one_full  column-top-margin\" style='border-radius:0px; '><section class=\"av_textblock_section \"  itemscope=\"itemscope\" itemtype=\"https:\/\/schema.org\/BlogPosting\" itemprop=\"blogPost\" ><div class='avia_textblock  '   itemprop=\"text\" ><p style=\"text-align: center;\"><span style=\"font-size: 18pt;\"><strong>Senador Sandoval destac\u00f3 que construcci\u00f3n de nueva barcaza para Lago General Carrera se har\u00e1 v\u00eda trato directo y estar\u00e1 operativa en 2027 <\/strong><\/span><\/p>\n<div id=\"gtx-trans\" style=\"position: absolute; left: -50px; top: 4.31534px;\">\n<div class=\"gtx-trans-icon\"><\/div>\n<\/div>\n<\/div><\/section><\/div><div class=\"flex_column av_one_full  flex_column_div av-zero-column-padding first  avia-builder-el-4  el_after_av_one_full  el_before_av_hr  column-top-margin\" style='border-radius:0px; '><section class=\"av_textblock_section \"  itemscope=\"itemscope\" itemtype=\"https:\/\/schema.org\/BlogPosting\" itemprop=\"blogPost\" ><div class='avia_textblock  '   itemprop=\"text\" ><p style=\"text-align: justify;\"><em>Esto, tras reuni\u00f3n que sostuvo con director general de Obras P\u00fablicas, Boris Olgu\u00edn y con director nacional de Obras Portuarias, Ricardo Trigo.<\/em><\/p>\n<p style=\"text-align: justify;\">\u201cLa comunidad del Lago General Carrera desde hace mucho tiempo viene planteando la necesidad de mejorar los canales y fundamentalmente los servicios de conectividad para la cuenca\u201d. As\u00ed lo se\u00f1al\u00f3 el senador David Sandoval luego de la reuni\u00f3n que sostuvo esta semana con el director general de Obras P\u00fablicas, Boris Olgu\u00edn y con el director nacional de Obras Portuarias, Ricardo Trigo, donde se confirm\u00f3 que la nueva embarcaci\u00f3n se construir\u00e1 v\u00eda trato directo y estar\u00e1 operativa en el a\u00f1o 2027.<\/p>\n<p style=\"text-align: justify;\">Sobre el particular, Ricardo Trigo explic\u00f3 que, si bien actualmente existe una licitaci\u00f3n en curso, las empresas participantes no cumplieron con los requisitos t\u00e9cnicos y administrativos requeridos, por lo cual se iniciar\u00e1 un proceso de trato directo para poder acortar los plazos respecto al inicio del contrato. \u201cEstamos en el tema administrativo y pronto vamos a llamar a las empresas que queremos que nos coticen y con esto poder dar por cerrado el proceso ya de licitaci\u00f3n\u201d, puntualiz\u00f3.<\/p>\n<p style=\"text-align: justify;\">Trigo estima \u201cque aqu\u00ed a unos 15 d\u00edas m\u00e1s podemos tener las cotizaciones listas y esperando estar cerrando este proceso en unos 30 a 35 d\u00edas m\u00e1s\u201d.<\/p>\n<p style=\"text-align: justify;\">En ese contexto, Sandoval destac\u00f3 que \u201cel a\u00f1o 2027 esta nueva barcaza va a estar en pleno servicio en el Lago General Carrera\u201d y por lo mismo llam\u00f3 a estar atentos al calendario y a la materializaci\u00f3n de esta iniciativa. \u201cEs una obra que va a significar mejorar sustantivamente la calidad de la conectividad\u201d, subray\u00f3, a lo que se suma la generaci\u00f3n de trabajo, puesto que la nave se va a construir en el muelle de Puerto Ib\u00e1\u00f1ez.<\/p>\n<p style=\"text-align: justify;\">Junto con ello, destac\u00f3, la misma direcci\u00f3n de Obras Portuarias, se har\u00e1 cargo de la recuperaci\u00f3n integral de la barcaza Pilchero, recordando que esta entidad es la que tiene la administraci\u00f3n de dicha embarcaci\u00f3n \u201cVa a ser objeto de una recuperaci\u00f3n integral\u201d, resalt\u00f3.<\/p>\n<p style=\"text-align: justify;\">Por \u00faltimo, el legislador reiter\u00f3 que se trata de una muy buena noticia el avance de la construcci\u00f3n de la nueva embarcaci\u00f3n para la zona lacustre. \u201cNos alegramos fundamentalmente tambi\u00e9n por los requerimientos que han planteado los propios alcaldes, tanto el de Puerto Ib\u00e1\u00f1ez como el de Chile Chico, los concejales y particularmente la comunidad de tener una nueva soluci\u00f3n para el tema de su conectividad\u201d, concluy\u00f3.<\/p>\n<\/div><\/section><\/div><div  style='height:50px' class='hr hr-invisible   avia-builder-el-6  el_after_av_one_full  el_before_av_social_share '><span class='hr-inner ' ><span class='hr-inner-style'><\/span><\/span><\/div><\/p>\n<div  class='av-social-sharing-box  avia-builder-el-7  el_after_av_hr  el_before_av_hr  '><div class='av-share-box'><h5 class='av-share-link-description av-no-toc '>Compartir esta noticia<\/h5><ul class='av-share-box-list noLightbox'><li class='av-share-link av-social-link-facebook' ><a target=\"_blank\" aria-label=\"Compartir en Facebook\" href='https:\/\/www.facebook.com\/sharer.php?u=https:\/\/radiorevelacionfm.cl\/?p=55480&#038;t=Senador%20Sandoval%20destac%C3%B3%20que%20construcci%C3%B3n%20de%20nueva%20barcaza%20para%20Lago%20General%20Carrera%20se%20har%C3%A1%20v%C3%ADa%20trato%20directo%20y%20estar%C3%A1%20operativa%20en%202027' aria-hidden='false' data-av_icon='\ue8f3' data-av_iconfont='entypo-fontello' title='' data-avia-related-tooltip='Compartir en Facebook' rel=\"noopener\"><span class='avia_hidden_link_text'>Compartir en Facebook<\/span><\/a><\/li><li class='av-share-link av-social-link-twitter' ><a target=\"_blank\" aria-label=\"Compartir en Twitter\" href='https:\/\/twitter.com\/share?text=Senador%20Sandoval%20destac%C3%B3%20que%20construcci%C3%B3n%20de%20nueva%20barcaza%20para%20Lago%20General%20Carrera%20se%20har%C3%A1%20v%C3%ADa%20trato%20directo%20y%20estar%C3%A1%20operativa%20en%202027&#038;url=https:\/\/radiorevelacionfm.cl\/?p=55480' aria-hidden='false' data-av_icon='\ue8f1' data-av_iconfont='entypo-fontello' title='' data-avia-related-tooltip='Compartir en Twitter' rel=\"noopener\"><span class='avia_hidden_link_text'>Compartir en Twitter<\/span><\/a><\/li><li class='av-share-link av-social-link-whatsapp' ><a target=\"_blank\" aria-label=\"Compartir en Whatsapp\" href='https:\/\/api.whatsapp.com\/send?text=https:\/\/radiorevelacionfm.cl\/?p=55480' aria-hidden='false' data-av_icon='\uf232' data-av_iconfont='entypo-fontello' title='' data-avia-related-tooltip='Compartir en Whatsapp' rel=\"noopener\"><span class='avia_hidden_link_text'>Compartir en Whatsapp<\/span><\/a><\/li><li class='av-share-link av-social-link-linkedin' ><a target=\"_blank\" aria-label=\"Compartir en LinkedIn\" href='https:\/\/linkedin.com\/shareArticle?mini=true&#038;title=Senador%20Sandoval%20destac%C3%B3%20que%20construcci%C3%B3n%20de%20nueva%20barcaza%20para%20Lago%20General%20Carrera%20se%20har%C3%A1%20v%C3%ADa%20trato%20directo%20y%20estar%C3%A1%20operativa%20en%202027&#038;url=https:\/\/radiorevelacionfm.cl\/?p=55480' aria-hidden='false' data-av_icon='\ue8fc' data-av_iconfont='entypo-fontello' title='' data-avia-related-tooltip='Compartir en LinkedIn' rel=\"noopener\"><span class='avia_hidden_link_text'>Compartir en LinkedIn<\/span><\/a><\/li><li class='av-share-link av-social-link-mail' ><a  aria-label=\"Compartir por correo\" href='mailto:?subject=Senador%20Sandoval%20destac%C3%B3%20que%20construcci%C3%B3n%20de%20nueva%20barcaza%20para%20Lago%20General%20Carrera%20se%20har%C3%A1%20v%C3%ADa%20trato%20directo%20y%20estar%C3%A1%20operativa%20en%202027&#038;body=https:\/\/radiorevelacionfm.cl\/?p=55480' aria-hidden='false' data-av_icon='\ue805' data-av_iconfont='entypo-fontello' title='' data-avia-related-tooltip='Compartir por correo'><span class='avia_hidden_link_text'>Compartir por correo<\/span><\/a><\/li><\/ul><\/div><\/div>\n<div  style='height:50px' class='hr hr-invisible   avia-builder-el-8  el_after_av_social_share  el_before_av_comments_list '><span class='hr-inner ' ><span class='hr-inner-style'><\/span><\/span><\/div>\n<div  class='av-buildercomment  av-blog-meta-html-info-disabled av-blog-meta-tag-disabled  '><\/div>\n","protected":false},"excerpt":{"rendered":"","protected":false},"author":1,"featured_media":55481,"comment_status":"closed","ping_status":"closed","sticky":false,"template":"","format":"standard","meta":{"footnotes":""},"categories":[35],"tags":[],"class_list":["post-55480","post","type-post","status-publish","format-standard","has-post-thumbnail","hentry","category-politica"],"jetpack_featured_media_url":"https:\/\/radiorevelacionfm.cl\/wp-content\/uploads\/2025\/06\/img_5215-1_optimized.jpg","_links":{"self":[{"href":"https:\/\/radiorevelacionfm.cl\/index.php?rest_route=\/wp\/v2\/posts\/55480","targetHints":{"allow":["GET"]}}],"collection":[{"href":"https:\/\/radiorevelacionfm.cl\/index.php?rest_route=\/wp\/v2\/posts"}],"about":[{"href":"https:\/\/radiorevelacionfm.cl\/index.php?rest_route=\/wp\/v2\/types\/post"}],"author":[{"embeddable":true,"href":"https:\/\/radiorevelacionfm.cl\/index.php?rest_route=\/wp\/v2\/users\/1"}],"replies":[{"embeddable":true,"href":"https:\/\/radiorevelacionfm.cl\/index.php?rest_route=%2Fwp%2Fv2%2Fcomments&post=55480"}],"version-history":[{"count":2,"href":"https:\/\/radiorevelacionfm.cl\/index.php?rest_route=\/wp\/v2\/posts\/55480\/revisions"}],"predecessor-version":[{"id":55512,"href":"https:\/\/radiorevelacionfm.cl\/index.php?rest_route=\/wp\/v2\/posts\/55480\/revisions\/55512"}],"wp:featuredmedia":[{"embeddable":true,"href":"https:\/\/radiorevelacionfm.cl\/index.php?rest_route=\/wp\/v2\/media\/55481"}],"wp:attachment":[{"href":"https:\/\/radiorevelacionfm.cl\/index.php?rest_route=%2Fwp%2Fv2%2Fmedia&parent=55480"}],"wp:term":[{"taxonomy":"category","embeddable":true,"href":"https:\/\/radiorevelacionfm.cl\/index.php?rest_route=%2Fwp%2Fv2%2Fcategories&post=55480"},{"taxonomy":"post_tag","embeddable":true,"href":"https:\/\/radiorevelacionfm.cl\/index.php?rest_route=%2Fwp%2Fv2%2Ftags&post=55480"}],"curies":[{"name":"wp","href":"https:\/\/api.w.org\/{rel}","templated":true}]}}