{"id":5548,"date":"2021-06-23T13:48:03","date_gmt":"2021-06-23T16:48:03","guid":{"rendered":"https:\/\/radiorevelacionfm.cl\/?p=5548"},"modified":"2021-06-23T13:48:03","modified_gmt":"2021-06-23T16:48:03","slug":"incautan-9-toneladas-de-erizos-desde-embarcaciones-ilegales-operando-en-zona-contigua","status":"publish","type":"post","link":"https:\/\/radiorevelacionfm.cl\/?p=5548","title":{"rendered":"Incautan 9 toneladas de erizos desde embarcaciones ilegales operando en zona contigua"},"content":{"rendered":"<div class=\"flex_column av_one_full  flex_column_div av-zero-column-padding first  avia-builder-el-0  el_before_av_one_full  avia-builder-el-first  \" style='border-radius:0px; '><div  class='avia-image-container  av-styling-    avia-builder-el-1  avia-builder-el-no-sibling  avia-align-center '  itemprop=\"image\" itemscope=\"itemscope\" itemtype=\"https:\/\/schema.org\/ImageObject\"  ><div class='avia-image-container-inner'><div class='avia-image-overlay-wrap'><img decoding=\"async\" class='wp-image-5549 avia-img-lazy-loading-not-5549 avia_image' src=\"https:\/\/radiorevelacionfm.cl\/wp-content\/uploads\/2021\/06\/Zonas-contiguas-4-1-1.jpg\" alt='' title='Zonas contiguas 4 (1) (1)' height=\"600\" width=\"808\"  itemprop=\"thumbnailUrl\" srcset=\"https:\/\/radiorevelacionfm.cl\/wp-content\/uploads\/2021\/06\/Zonas-contiguas-4-1-1.jpg 808w, https:\/\/radiorevelacionfm.cl\/wp-content\/uploads\/2021\/06\/Zonas-contiguas-4-1-1-300x223.jpg 300w, https:\/\/radiorevelacionfm.cl\/wp-content\/uploads\/2021\/06\/Zonas-contiguas-4-1-1-768x570.jpg 768w, https:\/\/radiorevelacionfm.cl\/wp-content\/uploads\/2021\/06\/Zonas-contiguas-4-1-1-705x524.jpg 705w, https:\/\/radiorevelacionfm.cl\/wp-content\/uploads\/2021\/06\/Zonas-contiguas-4-1-1-600x446.jpg 600w\" sizes=\"(max-width: 808px) 100vw, 808px\" \/><\/div><\/div><\/div><\/div><div class=\"flex_column av_one_full  flex_column_div av-zero-column-padding first  avia-builder-el-2  el_after_av_one_full  el_before_av_one_full  column-top-margin\" style='border-radius:0px; '><section class=\"av_textblock_section \"  itemscope=\"itemscope\" itemtype=\"https:\/\/schema.org\/BlogPosting\" itemprop=\"blogPost\" ><div class='avia_textblock  '   itemprop=\"text\" ><p style=\"text-align: center;\"><strong><span style=\"font-size: 18pt;\">Incautan 9 toneladas de erizos desde embarcaciones ilegales operando en zona contigua<\/span><\/strong><\/p>\n<div id=\"gtx-trans\" style=\"position: absolute; left: -50px; top: 4.31534px;\">\n<div class=\"gtx-trans-icon\"><\/div>\n<\/div>\n<\/div><\/section><\/div><div class=\"flex_column av_one_full  flex_column_div av-zero-column-padding first  avia-builder-el-4  el_after_av_one_full  el_before_av_hr  column-top-margin\" style='border-radius:0px; '><section class=\"av_textblock_section \"  itemscope=\"itemscope\" itemtype=\"https:\/\/schema.org\/BlogPosting\" itemprop=\"blogPost\" ><div class='avia_textblock  '   itemprop=\"text\" ><div class=\"panel-col-first panel-panel\">\n<div class=\"inside\">\n<div class=\"panel-pane pane-views pane-v1-noticias\">\n<div class=\"pane-content\">\n<div class=\"view view-v1-noticias view-id-v1_noticias view-display-id-block_5 view-dom-id-a078f310c7a81b955484926582d9c47b\">\n<div class=\"view-content\">\n<div class=\"views-row views-row-1 views-row-odd views-row-first views-row-last\">\n<p style=\"text-align: justify;\">Tras un nuevo an\u00e1lisis de datos, Sernapesca junto a la Autoridad Mar\u00edtima activaron diversas acciones de fiscalizaci\u00f3n en zona de pesca durante el fin de semana en la regi\u00f3n de Ays\u00e9n.<\/p>\n<p style=\"text-align: justify;\">Las inspecciones se desarrollaron entre el 18 y 21 de junio y consistieron en sobrevuelos y operativos mar\u00edtimos a bordo de patrulleras en el \u00e1rea contigua autorizada por resoluci\u00f3n de la Subsecretar\u00eda de Pesca y Acuicultura, que permite el paso de embarcaciones inscritas en el Registro Pesquero Artesanal (RPA) de la regi\u00f3n de Los Lagos hacia la regi\u00f3n de Ays\u00e9n a realizar faenas extractivas sobre erizo, luga roja y almeja, bajo ciertas condiciones y requisitos.<\/p>\n<p style=\"text-align: justify;\">Como resultado se avistaron cerca de 15 embarcaciones artesanales inscritas en el RPA de la regi\u00f3n de Los Lagos operando en dichas zonas, dentro de las cuales 8 lanchas pesqueras no realizaron los procedimientos obligatorios de ingreso a la regi\u00f3n de Ays\u00e9n y 4 no contaban con ning\u00fan tipo de se\u00f1al\u00e9tica que permitiera identificarlas, vulnerando no s\u00f3lo la Ley General de Pesca y Acuicultura, sino que adem\u00e1s los reglamentos de navegaci\u00f3n y seguridad en el mar de la Armada de Chile.<\/p>\n<p style=\"text-align: justify;\">La fiscalizaci\u00f3n se llev\u00f3 a cabo con foco en las zonas donde hay registro de naves que operan de manera ilegal, logrando incautar 9 toneladas de erizo en poder del infractor a disposici\u00f3n de lo que determine el Magistrado, y se cursaron 4 citaciones al Juzgado de Letras y Garant\u00eda de Ays\u00e9n.<\/p>\n<p style=\"text-align: justify;\">\u201cEste incumplimiento atenta contra la conservaci\u00f3n del recurso Erizo, el cual se encuentra sometido a un fuerte esfuerzo de pesca, afectando la cuota asignada para nuestra regi\u00f3n. En este sentido, las fiscalizaciones responden a un profundo proceso de an\u00e1lisis y planificaci\u00f3n por parte de nuestro equipo de Sernapesca en Ays\u00e9n, y a los compromisos que adquirimos en torno al control de las actividades extractivas en la Zona Contigua. Como Sernapesca continuaremos realizando fiscalizaciones a\u00e9reas y mar\u00edtimas en conjunto con la Autoridad Mar\u00edtima, enmarcadas todas ellas en la Red Sustenta, con el fin de contribuir al combate de la pesca ilegal en Ays\u00e9n\u201d, asegur\u00f3 Cristian Hudson, Director Regional de Sernapesca Ays\u00e9n.<\/p>\n<\/div>\n<\/div>\n<\/div>\n<\/div>\n<\/div>\n<div class=\"panel-separator\" style=\"text-align: justify;\"><\/div>\n<section class=\"panel-pane pane-views pane-v1-noticias panel-pane\">\n<div class=\"view view-v1-noticias view-id-v1_noticias view-display-id-block_7 view-dom-id-cd66153fbf259b39d418e5b4cb05ec24\">\n<div class=\"view-content\">\n<div class=\"owlcarousel-v1-noticias-block-7 disabled\">\n<div class=\"item-0 item-odd\">\n<div class=\"views-field views-field-field-galeria\">\n<div class=\"field-content\"><\/div>\n<\/div>\n<\/div>\n<\/div>\n<\/div>\n<\/div>\n<\/section>\n<div class=\"panel-separator\" style=\"text-align: justify;\"><\/div>\n<section class=\"panel-pane pane-views pane-v1-noticias panel-pane\">\n<div class=\"view view-v1-noticias view-id-v1_noticias view-display-id-block_8 view-dom-id-e7eef70d59ed7986ce6cc984e288f6d1\">\n<div class=\"view-content\">\n<div id=\"views-bootstrap-accordion-1\" class=\"views-bootstrap-accordion-plugin-style panel-group\"><\/div>\n<\/div>\n<\/div>\n<\/section>\n<\/div>\n<\/div>\n<div class=\"panel-col-last panel-panel\">\n<div class=\"inside\">\n<div class=\"panel-pane pane-views pane-v1-noticias sidebar\" style=\"text-align: justify;\"><\/div>\n<\/div>\n<\/div>\n<\/div><\/section><\/div><div  style='height:50px' class='hr hr-invisible   avia-builder-el-6  el_after_av_one_full  el_before_av_social_share '><span class='hr-inner ' ><span class='hr-inner-style'><\/span><\/span><\/div><\/p>\n<div  class='av-social-sharing-box  avia-builder-el-7  el_after_av_hr  el_before_av_hr  '><div class='av-share-box'><h5 class='av-share-link-description av-no-toc '>Compartir esta noticia<\/h5><ul class='av-share-box-list noLightbox'><li class='av-share-link av-social-link-facebook' ><a target=\"_blank\" aria-label=\"Compartir en Facebook\" href='https:\/\/www.facebook.com\/sharer.php?u=https:\/\/radiorevelacionfm.cl\/?p=5548&#038;t=Incautan%209%20toneladas%20de%20erizos%20desde%20embarcaciones%20ilegales%20operando%20en%20zona%20contigua' aria-hidden='false' data-av_icon='\ue8f3' data-av_iconfont='entypo-fontello' title='' data-avia-related-tooltip='Compartir en Facebook' rel=\"noopener\"><span class='avia_hidden_link_text'>Compartir en Facebook<\/span><\/a><\/li><li class='av-share-link av-social-link-twitter' ><a target=\"_blank\" aria-label=\"Compartir en Twitter\" href='https:\/\/twitter.com\/share?text=Incautan%209%20toneladas%20de%20erizos%20desde%20embarcaciones%20ilegales%20operando%20en%20zona%20contigua&#038;url=https:\/\/radiorevelacionfm.cl\/?p=5548' aria-hidden='false' data-av_icon='\ue8f1' data-av_iconfont='entypo-fontello' title='' data-avia-related-tooltip='Compartir en Twitter' rel=\"noopener\"><span class='avia_hidden_link_text'>Compartir en Twitter<\/span><\/a><\/li><li class='av-share-link av-social-link-whatsapp' ><a target=\"_blank\" aria-label=\"Compartir en Whatsapp\" href='https:\/\/api.whatsapp.com\/send?text=https:\/\/radiorevelacionfm.cl\/?p=5548' aria-hidden='false' data-av_icon='\uf232' data-av_iconfont='entypo-fontello' title='' data-avia-related-tooltip='Compartir en Whatsapp' rel=\"noopener\"><span class='avia_hidden_link_text'>Compartir en Whatsapp<\/span><\/a><\/li><li class='av-share-link av-social-link-linkedin' ><a target=\"_blank\" aria-label=\"Compartir en LinkedIn\" href='https:\/\/linkedin.com\/shareArticle?mini=true&#038;title=Incautan%209%20toneladas%20de%20erizos%20desde%20embarcaciones%20ilegales%20operando%20en%20zona%20contigua&#038;url=https:\/\/radiorevelacionfm.cl\/?p=5548' aria-hidden='false' data-av_icon='\ue8fc' data-av_iconfont='entypo-fontello' title='' data-avia-related-tooltip='Compartir en LinkedIn' rel=\"noopener\"><span class='avia_hidden_link_text'>Compartir en LinkedIn<\/span><\/a><\/li><li class='av-share-link av-social-link-mail' ><a  aria-label=\"Compartir por correo\" href='mailto:?subject=Incautan%209%20toneladas%20de%20erizos%20desde%20embarcaciones%20ilegales%20operando%20en%20zona%20contigua&#038;body=https:\/\/radiorevelacionfm.cl\/?p=5548' aria-hidden='false' data-av_icon='\ue805' data-av_iconfont='entypo-fontello' title='' data-avia-related-tooltip='Compartir por correo'><span class='avia_hidden_link_text'>Compartir por correo<\/span><\/a><\/li><\/ul><\/div><\/div>\n<div  style='height:50px' class='hr hr-invisible   avia-builder-el-8  el_after_av_social_share  el_before_av_comments_list '><span class='hr-inner ' ><span class='hr-inner-style'><\/span><\/span><\/div>\n<div  class='av-buildercomment  av-blog-meta-html-info-disabled av-blog-meta-tag-disabled  '><\/div>\n","protected":false},"excerpt":{"rendered":"","protected":false},"author":1,"featured_media":5549,"comment_status":"open","ping_status":"open","sticky":false,"template":"","format":"standard","meta":{"footnotes":""},"categories":[60,38],"tags":[],"class_list":["post-5548","post","type-post","status-publish","format-standard","has-post-thumbnail","hentry","category-pesca","category-regional"],"jetpack_featured_media_url":"https:\/\/radiorevelacionfm.cl\/wp-content\/uploads\/2021\/06\/Zonas-contiguas-4-1-1.jpg","_links":{"self":[{"href":"https:\/\/radiorevelacionfm.cl\/index.php?rest_route=\/wp\/v2\/posts\/5548","targetHints":{"allow":["GET"]}}],"collection":[{"href":"https:\/\/radiorevelacionfm.cl\/index.php?rest_route=\/wp\/v2\/posts"}],"about":[{"href":"https:\/\/radiorevelacionfm.cl\/index.php?rest_route=\/wp\/v2\/types\/post"}],"author":[{"embeddable":true,"href":"https:\/\/radiorevelacionfm.cl\/index.php?rest_route=\/wp\/v2\/users\/1"}],"replies":[{"embeddable":true,"href":"https:\/\/radiorevelacionfm.cl\/index.php?rest_route=%2Fwp%2Fv2%2Fcomments&post=5548"}],"version-history":[{"count":1,"href":"https:\/\/radiorevelacionfm.cl\/index.php?rest_route=\/wp\/v2\/posts\/5548\/revisions"}],"predecessor-version":[{"id":5550,"href":"https:\/\/radiorevelacionfm.cl\/index.php?rest_route=\/wp\/v2\/posts\/5548\/revisions\/5550"}],"wp:featuredmedia":[{"embeddable":true,"href":"https:\/\/radiorevelacionfm.cl\/index.php?rest_route=\/wp\/v2\/media\/5549"}],"wp:attachment":[{"href":"https:\/\/radiorevelacionfm.cl\/index.php?rest_route=%2Fwp%2Fv2%2Fmedia&parent=5548"}],"wp:term":[{"taxonomy":"category","embeddable":true,"href":"https:\/\/radiorevelacionfm.cl\/index.php?rest_route=%2Fwp%2Fv2%2Fcategories&post=5548"},{"taxonomy":"post_tag","embeddable":true,"href":"https:\/\/radiorevelacionfm.cl\/index.php?rest_route=%2Fwp%2Fv2%2Ftags&post=5548"}],"curies":[{"name":"wp","href":"https:\/\/api.w.org\/{rel}","templated":true}]}}