{"id":55477,"date":"2025-06-20T20:16:04","date_gmt":"2025-06-20T23:16:04","guid":{"rendered":"https:\/\/radiorevelacionfm.cl\/?p=55477"},"modified":"2025-06-20T20:16:04","modified_gmt":"2025-06-20T23:16:04","slug":"mes-de-la-prevencion-juventudes-y-bienestar","status":"publish","type":"post","link":"https:\/\/radiorevelacionfm.cl\/?p=55477","title":{"rendered":"Mes de la Prevenci\u00f3n: Juventudes y Bienestar"},"content":{"rendered":"<div class=\"flex_column av_one_full  flex_column_div av-zero-column-padding first  avia-builder-el-0  el_before_av_one_full  avia-builder-el-first  \" style='border-radius:0px; '><div  class='avia-image-container  av-styling-    avia-builder-el-1  avia-builder-el-no-sibling  avia-align-center '  itemprop=\"image\" itemscope=\"itemscope\" itemtype=\"https:\/\/schema.org\/ImageObject\"  ><div class='avia-image-container-inner'><div class='avia-image-overlay-wrap'><img decoding=\"async\" class='wp-image-55478 avia-img-lazy-loading-not-55478 avia_image' src=\"https:\/\/radiorevelacionfm.cl\/wp-content\/uploads\/2025\/06\/Segegob-y-DR-SENDA-1-1.jpeg\" alt='' title='Segegob y DR SENDA (1) (1)' height=\"600\" width=\"900\"  itemprop=\"thumbnailUrl\" srcset=\"https:\/\/radiorevelacionfm.cl\/wp-content\/uploads\/2025\/06\/Segegob-y-DR-SENDA-1-1.jpeg 900w, https:\/\/radiorevelacionfm.cl\/wp-content\/uploads\/2025\/06\/Segegob-y-DR-SENDA-1-1-300x200.jpeg 300w, https:\/\/radiorevelacionfm.cl\/wp-content\/uploads\/2025\/06\/Segegob-y-DR-SENDA-1-1-768x512.jpeg 768w, https:\/\/radiorevelacionfm.cl\/wp-content\/uploads\/2025\/06\/Segegob-y-DR-SENDA-1-1-705x470.jpeg 705w, https:\/\/radiorevelacionfm.cl\/wp-content\/uploads\/2025\/06\/Segegob-y-DR-SENDA-1-1-450x300.jpeg 450w, https:\/\/radiorevelacionfm.cl\/wp-content\/uploads\/2025\/06\/Segegob-y-DR-SENDA-1-1-600x400.jpeg 600w\" sizes=\"(max-width: 900px) 100vw, 900px\" \/><\/div><\/div><\/div><\/div><div class=\"flex_column av_one_full  flex_column_div av-zero-column-padding first  avia-builder-el-2  el_after_av_one_full  el_before_av_one_full  column-top-margin\" style='border-radius:0px; '><section class=\"av_textblock_section \"  itemscope=\"itemscope\" itemtype=\"https:\/\/schema.org\/BlogPosting\" itemprop=\"blogPost\" ><div class='avia_textblock  '   itemprop=\"text\" ><p style=\"text-align: center;\"><span style=\"font-size: 18pt;\"><strong>Mes de la Prevenci\u00f3n: Juventudes y Bienestar<\/strong><\/span><\/p>\n<div id=\"gtx-trans\" style=\"position: absolute; left: -50px; top: 4.31534px;\">\n<div class=\"gtx-trans-icon\"><\/div>\n<\/div>\n<\/div><\/section><\/div><div class=\"flex_column av_one_full  flex_column_div av-zero-column-padding first  avia-builder-el-4  el_after_av_one_full  el_before_av_hr  column-top-margin\" style='border-radius:0px; '><section class=\"av_textblock_section \"  itemscope=\"itemscope\" itemtype=\"https:\/\/schema.org\/BlogPosting\" itemprop=\"blogPost\" ><div class='avia_textblock  '   itemprop=\"text\" ><p style=\"text-align: justify;\">En la regi\u00f3n de Ays\u00e9n, las juventudes presentan caracter\u00edsticas y necesidades diversas, que demandan atenci\u00f3n constante y sostenida por parte de las pol\u00edticas p\u00fablicas. Por ello, es fundamental contar con instrumentos que permitan recoger esa diversidad de experiencias y realidades. La aplicaci\u00f3n de la Encuesta Juventud y Bienestar 2024 respondi\u00f3 a este prop\u00f3sito, permiti\u00e9ndonos llegar a esas juventudes y entregar un panorama claro y \u00fatil para orientar acciones p\u00fablicas con mayor pertinencia.<\/p>\n<p style=\"text-align: justify;\">A nivel regional, 3 de cada 10 j\u00f3venes encuestados declara tener dificultades para tener conversaciones sobre temas personales con sus padres, madres y\/o adultos cuidadores, mientras que la misma proporci\u00f3n expresa que sienten que son un fracaso. Estas cifras reflejan una dimensi\u00f3n emocional que requiere respuesta institucional, pero tambi\u00e9n representan una oportunidad para actuar con sentido.<\/p>\n<p style=\"text-align: justify;\">La salud mental no puede quedar al margen del dise\u00f1o de pol\u00edticas p\u00fablicas, y la pol\u00edtica de drogas debe permear transversalmente al Estado y a las instituciones con las que compartimos este foco de intervenci\u00f3n, promoviendo un trabajo articulado y coherente; orientando sus decisiones hacia el bienestar integral de las juventudes. Comprender esta realidad nos permitir\u00e1 avanzar en comunidades m\u00e1s emp\u00e1ticas, protectoras y con mejores condiciones para crecer.<\/p>\n<p style=\"text-align: justify;\">Desde esta mirada, la prevenci\u00f3n debe entenderse como un eje transformador. No se trata s\u00f3lo de evitar situaciones de riesgo, sino de crear entornos que promuevan el cuidado, fortalezcan los v\u00ednculos sociales y cuiden la salud mental. Prevenir, en este contexto, es generar condiciones para que ni\u00f1as, ni\u00f1os y adolescentes puedan desarrollarse en espacios seguros, con acompa\u00f1amiento y oportunidades reales.<\/p>\n<p style=\"text-align: justify;\">Ese es el enfoque que gu\u00eda el trabajo de SENDA en la construcci\u00f3n de su agenda regional, enmarcada en el Plan de Acci\u00f3n 2024\u20132030 que fortalece la Estrategia Nacional de Drogas. Una hoja de ruta que valora la intersectorialidad como principio y pr\u00e1ctica, impulsando la incorporaci\u00f3n de la prevenci\u00f3n y la recuperaci\u00f3n en todas las pol\u00edticas p\u00fablicas. As\u00ed, la colaboraci\u00f3n entre servicios p\u00fablicos, espacios educativos, organizaciones sociales y gobiernos locales, permite desarrollar respuestas inclusivas, sostenibles y adaptadas a cada territorio.<\/p>\n<p style=\"text-align: justify;\">En este camino, los municipios de Coyhaique, Ays\u00e9n y Chile Chico, con quienes sostenemos convenios de colaboraci\u00f3n, han sido aliados fundamentales para el desarrollo de este trabajo conjunto. A trav\u00e9s de los equipos SENDA Previene, hemos fortalecido el v\u00ednculo con las comunidades, con especial foco en los territorios y en la construcci\u00f3n de redes de apoyo y bienestar; estos equipos cumplen un rol esencial, articulando acciones preventivas desde la realidad de los barrios, y facilitando procesos de participaci\u00f3n, orientaci\u00f3n y acompa\u00f1amiento.<\/p>\n<p style=\"text-align: justify;\">Sabemos que los desaf\u00edos son grandes, pero tambi\u00e9n que contamos con juventudes activas, comprometidas y dispuestas a involucrarse. Vemos su inter\u00e9s por participar, aportar su voz en los espacios de decisi\u00f3n y ser parte de las soluciones. Por eso es elemental abrir m\u00e1s espacios de di\u00e1logo real, escucha activa y trabajo conjunto, para construir estrategias y respuestas que den sentido y pertinencia a las realidades locales y a sus necesidades.<\/p>\n<p style=\"text-align: justify;\">Este Mes de la Prevenci\u00f3n es una oportunidad para renovar nuestro compromiso con una pol\u00edtica que ponga en el centro la dignidad, el bienestar, la participaci\u00f3n y la seguridad de las personas. Porque prevenir no es solo evitar da\u00f1os, sino promover entornos que fortalezcan el tejido social y generen mejores oportunidades para todas y todos. Avanzar desde los barrios, las escuelas y las comunidades es la llave para un futuro con m\u00e1s sentido, m\u00e1s salud y m\u00e1s equidad.<\/p>\n<p style=\"text-align: justify;\">Por: <em>\u00darsula Mix Jim\u00e9nez, Seremi de Gobierno Ays\u00e9n y <\/em><em>Victoria Contreras Lemus, Directora Regional SENDA Ays\u00e9n<\/em><\/p>\n<\/div><\/section><\/div><div  style='height:50px' class='hr hr-invisible   avia-builder-el-6  el_after_av_one_full  el_before_av_social_share '><span class='hr-inner ' ><span class='hr-inner-style'><\/span><\/span><\/div><\/p>\n<div  class='av-social-sharing-box  avia-builder-el-7  el_after_av_hr  el_before_av_hr  '><div class='av-share-box'><h5 class='av-share-link-description av-no-toc '>Compartir esta noticia<\/h5><ul class='av-share-box-list noLightbox'><li class='av-share-link av-social-link-facebook' ><a target=\"_blank\" aria-label=\"Compartir en Facebook\" href='https:\/\/www.facebook.com\/sharer.php?u=https:\/\/radiorevelacionfm.cl\/?p=55477&#038;t=Mes%20de%20la%20Prevenci%C3%B3n%3A%20Juventudes%20y%20Bienestar' aria-hidden='false' data-av_icon='\ue8f3' data-av_iconfont='entypo-fontello' title='' data-avia-related-tooltip='Compartir en Facebook' rel=\"noopener\"><span class='avia_hidden_link_text'>Compartir en Facebook<\/span><\/a><\/li><li class='av-share-link av-social-link-twitter' ><a target=\"_blank\" aria-label=\"Compartir en Twitter\" href='https:\/\/twitter.com\/share?text=Mes%20de%20la%20Prevenci%C3%B3n%3A%20Juventudes%20y%20Bienestar&#038;url=https:\/\/radiorevelacionfm.cl\/?p=55477' aria-hidden='false' data-av_icon='\ue8f1' data-av_iconfont='entypo-fontello' title='' data-avia-related-tooltip='Compartir en Twitter' rel=\"noopener\"><span class='avia_hidden_link_text'>Compartir en Twitter<\/span><\/a><\/li><li class='av-share-link av-social-link-whatsapp' ><a target=\"_blank\" aria-label=\"Compartir en Whatsapp\" href='https:\/\/api.whatsapp.com\/send?text=https:\/\/radiorevelacionfm.cl\/?p=55477' aria-hidden='false' data-av_icon='\uf232' data-av_iconfont='entypo-fontello' title='' data-avia-related-tooltip='Compartir en Whatsapp' rel=\"noopener\"><span class='avia_hidden_link_text'>Compartir en Whatsapp<\/span><\/a><\/li><li class='av-share-link av-social-link-linkedin' ><a target=\"_blank\" aria-label=\"Compartir en LinkedIn\" href='https:\/\/linkedin.com\/shareArticle?mini=true&#038;title=Mes%20de%20la%20Prevenci%C3%B3n%3A%20Juventudes%20y%20Bienestar&#038;url=https:\/\/radiorevelacionfm.cl\/?p=55477' aria-hidden='false' data-av_icon='\ue8fc' data-av_iconfont='entypo-fontello' title='' data-avia-related-tooltip='Compartir en LinkedIn' rel=\"noopener\"><span class='avia_hidden_link_text'>Compartir en LinkedIn<\/span><\/a><\/li><li class='av-share-link av-social-link-mail' ><a  aria-label=\"Compartir por correo\" href='mailto:?subject=Mes%20de%20la%20Prevenci%C3%B3n%3A%20Juventudes%20y%20Bienestar&#038;body=https:\/\/radiorevelacionfm.cl\/?p=55477' aria-hidden='false' data-av_icon='\ue805' data-av_iconfont='entypo-fontello' title='' data-avia-related-tooltip='Compartir por correo'><span class='avia_hidden_link_text'>Compartir por correo<\/span><\/a><\/li><\/ul><\/div><\/div>\n<div  style='height:50px' class='hr hr-invisible   avia-builder-el-8  el_after_av_social_share  el_before_av_comments_list '><span class='hr-inner ' ><span class='hr-inner-style'><\/span><\/span><\/div>\n<div  class='av-buildercomment  av-blog-meta-html-info-disabled av-blog-meta-tag-disabled  '><\/div>\n","protected":false},"excerpt":{"rendered":"","protected":false},"author":1,"featured_media":55478,"comment_status":"closed","ping_status":"closed","sticky":false,"template":"","format":"standard","meta":{"footnotes":""},"categories":[50],"tags":[],"class_list":["post-55477","post","type-post","status-publish","format-standard","has-post-thumbnail","hentry","category-cartas-y-opinion"],"jetpack_featured_media_url":"https:\/\/radiorevelacionfm.cl\/wp-content\/uploads\/2025\/06\/Segegob-y-DR-SENDA-1-1.jpeg","_links":{"self":[{"href":"https:\/\/radiorevelacionfm.cl\/index.php?rest_route=\/wp\/v2\/posts\/55477","targetHints":{"allow":["GET"]}}],"collection":[{"href":"https:\/\/radiorevelacionfm.cl\/index.php?rest_route=\/wp\/v2\/posts"}],"about":[{"href":"https:\/\/radiorevelacionfm.cl\/index.php?rest_route=\/wp\/v2\/types\/post"}],"author":[{"embeddable":true,"href":"https:\/\/radiorevelacionfm.cl\/index.php?rest_route=\/wp\/v2\/users\/1"}],"replies":[{"embeddable":true,"href":"https:\/\/radiorevelacionfm.cl\/index.php?rest_route=%2Fwp%2Fv2%2Fcomments&post=55477"}],"version-history":[{"count":2,"href":"https:\/\/radiorevelacionfm.cl\/index.php?rest_route=\/wp\/v2\/posts\/55477\/revisions"}],"predecessor-version":[{"id":55520,"href":"https:\/\/radiorevelacionfm.cl\/index.php?rest_route=\/wp\/v2\/posts\/55477\/revisions\/55520"}],"wp:featuredmedia":[{"embeddable":true,"href":"https:\/\/radiorevelacionfm.cl\/index.php?rest_route=\/wp\/v2\/media\/55478"}],"wp:attachment":[{"href":"https:\/\/radiorevelacionfm.cl\/index.php?rest_route=%2Fwp%2Fv2%2Fmedia&parent=55477"}],"wp:term":[{"taxonomy":"category","embeddable":true,"href":"https:\/\/radiorevelacionfm.cl\/index.php?rest_route=%2Fwp%2Fv2%2Fcategories&post=55477"},{"taxonomy":"post_tag","embeddable":true,"href":"https:\/\/radiorevelacionfm.cl\/index.php?rest_route=%2Fwp%2Fv2%2Ftags&post=55477"}],"curies":[{"name":"wp","href":"https:\/\/api.w.org\/{rel}","templated":true}]}}