{"id":55474,"date":"2025-06-19T18:00:58","date_gmt":"2025-06-19T21:00:58","guid":{"rendered":"https:\/\/radiorevelacionfm.cl\/?p=55474"},"modified":"2025-06-19T18:00:58","modified_gmt":"2025-06-19T21:00:58","slug":"pdi-conmemora-sus-92-anos-con-tradicional-formacion-en-sus-complejos-policiales-de-aysen-y-coyhaique","status":"publish","type":"post","link":"https:\/\/radiorevelacionfm.cl\/?p=55474","title":{"rendered":"PDI conmemora sus 92 a\u00f1os con tradicional formaci\u00f3n en sus complejos policiales de Ays\u00e9n y Coyhaique"},"content":{"rendered":"<div class=\"flex_column av_one_full  flex_column_div av-zero-column-padding first  avia-builder-el-0  el_before_av_one_full  avia-builder-el-first  \" style='border-radius:0px; '><div  class='avia-image-container  av-styling-    avia-builder-el-1  avia-builder-el-no-sibling  avia-align-center '  itemprop=\"image\" itemscope=\"itemscope\" itemtype=\"https:\/\/schema.org\/ImageObject\"  ><div class='avia-image-container-inner'><div class='avia-image-overlay-wrap'><img decoding=\"async\" class='wp-image-55475 avia-img-lazy-loading-not-55475 avia_image' src=\"https:\/\/radiorevelacionfm.cl\/wp-content\/uploads\/2025\/06\/Formacion-2025-Aysen-001-1-1.jpeg\" alt='' title='Formaci\u00f3n 2025 - Ays\u00e9n 001 (1) (1)' height=\"600\" width=\"800\"  itemprop=\"thumbnailUrl\" srcset=\"https:\/\/radiorevelacionfm.cl\/wp-content\/uploads\/2025\/06\/Formacion-2025-Aysen-001-1-1.jpeg 800w, https:\/\/radiorevelacionfm.cl\/wp-content\/uploads\/2025\/06\/Formacion-2025-Aysen-001-1-1-300x225.jpeg 300w, https:\/\/radiorevelacionfm.cl\/wp-content\/uploads\/2025\/06\/Formacion-2025-Aysen-001-1-1-768x576.jpeg 768w, https:\/\/radiorevelacionfm.cl\/wp-content\/uploads\/2025\/06\/Formacion-2025-Aysen-001-1-1-705x529.jpeg 705w, https:\/\/radiorevelacionfm.cl\/wp-content\/uploads\/2025\/06\/Formacion-2025-Aysen-001-1-1-450x338.jpeg 450w, https:\/\/radiorevelacionfm.cl\/wp-content\/uploads\/2025\/06\/Formacion-2025-Aysen-001-1-1-600x450.jpeg 600w\" sizes=\"(max-width: 800px) 100vw, 800px\" \/><\/div><\/div><\/div><\/div><div class=\"flex_column av_one_full  flex_column_div av-zero-column-padding first  avia-builder-el-2  el_after_av_one_full  el_before_av_one_full  column-top-margin\" style='border-radius:0px; '><section class=\"av_textblock_section \"  itemscope=\"itemscope\" itemtype=\"https:\/\/schema.org\/BlogPosting\" itemprop=\"blogPost\" ><div class='avia_textblock  '   itemprop=\"text\" ><p style=\"text-align: center;\"><span style=\"font-size: 18pt;\"><strong>PDI conmemora sus 92 a\u00f1os con tradicional formaci\u00f3n en sus complejos policiales de Ays\u00e9n y Coyhaique<\/strong><\/span><\/p>\n<div id=\"gtx-trans\" style=\"position: absolute; left: -50px; top: 4.31534px;\">\n<div class=\"gtx-trans-icon\"><\/div>\n<\/div>\n<\/div><\/section><\/div><div class=\"flex_column av_one_full  flex_column_div av-zero-column-padding first  avia-builder-el-4  el_after_av_one_full  el_before_av_hr  column-top-margin\" style='border-radius:0px; '><section class=\"av_textblock_section \"  itemscope=\"itemscope\" itemtype=\"https:\/\/schema.org\/BlogPosting\" itemprop=\"blogPost\" ><div class='avia_textblock  '   itemprop=\"text\" ><p style=\"text-align: justify;\">Este 19 de junio, la Polic\u00eda de Investigaciones de Chile (PDI) conmemor\u00f3 su nonag\u00e9simo segundo aniversario institucional en la tradicional ceremonia \u201cLista Solemne e Izamiento de Pabellones\u201d, actividad que se replica en todos los complejos policiales de la PDI a lo largo de Chile.<\/p>\n<p style=\"text-align: justify;\">Esta tradicional ceremonia, en el marco de un nuevo aniversario de la PDI, fue encabezada por el subprefecto V\u00edctor Toledo Escalona, jefe subrogante de la Regi\u00f3n Policial de Ays\u00e9n, en Coyhaique, y el subprefecto Claudio Reyes Reyes, jefe de la Brigada de Investigaci\u00f3n Criminal, en Ays\u00e9n, participando detectives, agentes y funcionarios de los distintos escalafones de la instituci\u00f3n, adem\u00e1s, oficiales policiales en retiro de la PDI.<\/p>\n<p style=\"text-align: justify;\">Fue as\u00ed que, en las ciudades de Coyhaique y Ays\u00e9n, se enton\u00f3 el himno nacional e institucional y se dio lectura al mensaje del Director General, Eduardo Cerna Lozano, que se centr\u00f3 en el reconocimiento de hombres y mujeres, quienes, con vocaci\u00f3n de servicio p\u00fablico, \u201chan escrito la historia de esta instituci\u00f3n con su esfuerzo y dedicaci\u00f3n\u201d. Adem\u00e1s, la m\u00e1xima autoridad institucional inst\u00f3 al personal a continuar trabajando por \u201ctransformar a la PDI en una instituci\u00f3n altamente tecnologizada al servicio de la investigaci\u00f3n criminal\u201d.<\/p>\n<p style=\"text-align: justify;\">Cabe recordar que la Polic\u00eda de Investigaciones de Chile est\u00e1 presente en la Patagonia Chilena, pr\u00e1cticamente, desde sus inicios, cuando el 20 de junio de 1933 se crea una Subinspector\u00eda del Servicio de Investigaciones, Identificaci\u00f3n y Pasaporte en la ciudad de Puerto Ays\u00e9n, y ocho a\u00f1os m\u00e1s tarde, el 31 de diciembre de 1941 se cre\u00f3 la Inspector\u00eda del Servicio de Investigaciones en la ciudad de Coyhaique.<\/p>\n<p style=\"text-align: justify;\">En este nuevo aniversario institucional, los integrantes de la Polic\u00eda de Investigaciones de Chile de la Regi\u00f3n de Ays\u00e9n reafirmaron su compromiso con el desaf\u00edo de generar un ecosistema de seguridad eficiente, realizando un trabajo profesional y cient\u00edfico, basado en la inteligencia y el an\u00e1lisis criminal, en el combate al crimen organizado para ser referentes en la investigaci\u00f3n de delitos complejos y transnacionales, contribuyendo as\u00ed a la seguridad p\u00fablica y al desarrollo de la sociedad.<\/p>\n<\/div><\/section><\/div><div  style='height:50px' class='hr hr-invisible   avia-builder-el-6  el_after_av_one_full  el_before_av_social_share '><span class='hr-inner ' ><span class='hr-inner-style'><\/span><\/span><\/div><\/p>\n<div  class='av-social-sharing-box  avia-builder-el-7  el_after_av_hr  el_before_av_hr  '><div class='av-share-box'><h5 class='av-share-link-description av-no-toc '>Compartir esta noticia<\/h5><ul class='av-share-box-list noLightbox'><li class='av-share-link av-social-link-facebook' ><a target=\"_blank\" aria-label=\"Compartir en Facebook\" href='https:\/\/www.facebook.com\/sharer.php?u=https:\/\/radiorevelacionfm.cl\/?p=55474&#038;t=PDI%20conmemora%20sus%2092%20a%C3%B1os%20con%20tradicional%20formaci%C3%B3n%20en%20sus%20complejos%20policiales%20de%20Ays%C3%A9n%20y%20Coyhaique' aria-hidden='false' data-av_icon='\ue8f3' data-av_iconfont='entypo-fontello' title='' data-avia-related-tooltip='Compartir en Facebook' rel=\"noopener\"><span class='avia_hidden_link_text'>Compartir en Facebook<\/span><\/a><\/li><li class='av-share-link av-social-link-twitter' ><a target=\"_blank\" aria-label=\"Compartir en Twitter\" href='https:\/\/twitter.com\/share?text=PDI%20conmemora%20sus%2092%20a%C3%B1os%20con%20tradicional%20formaci%C3%B3n%20en%20sus%20complejos%20policiales%20de%20Ays%C3%A9n%20y%20Coyhaique&#038;url=https:\/\/radiorevelacionfm.cl\/?p=55474' aria-hidden='false' data-av_icon='\ue8f1' data-av_iconfont='entypo-fontello' title='' data-avia-related-tooltip='Compartir en Twitter' rel=\"noopener\"><span class='avia_hidden_link_text'>Compartir en Twitter<\/span><\/a><\/li><li class='av-share-link av-social-link-whatsapp' ><a target=\"_blank\" aria-label=\"Compartir en Whatsapp\" href='https:\/\/api.whatsapp.com\/send?text=https:\/\/radiorevelacionfm.cl\/?p=55474' aria-hidden='false' data-av_icon='\uf232' data-av_iconfont='entypo-fontello' title='' data-avia-related-tooltip='Compartir en Whatsapp' rel=\"noopener\"><span class='avia_hidden_link_text'>Compartir en Whatsapp<\/span><\/a><\/li><li class='av-share-link av-social-link-linkedin' ><a target=\"_blank\" aria-label=\"Compartir en LinkedIn\" href='https:\/\/linkedin.com\/shareArticle?mini=true&#038;title=PDI%20conmemora%20sus%2092%20a%C3%B1os%20con%20tradicional%20formaci%C3%B3n%20en%20sus%20complejos%20policiales%20de%20Ays%C3%A9n%20y%20Coyhaique&#038;url=https:\/\/radiorevelacionfm.cl\/?p=55474' aria-hidden='false' data-av_icon='\ue8fc' data-av_iconfont='entypo-fontello' title='' data-avia-related-tooltip='Compartir en LinkedIn' rel=\"noopener\"><span class='avia_hidden_link_text'>Compartir en LinkedIn<\/span><\/a><\/li><li class='av-share-link av-social-link-mail' ><a  aria-label=\"Compartir por correo\" href='mailto:?subject=PDI%20conmemora%20sus%2092%20a%C3%B1os%20con%20tradicional%20formaci%C3%B3n%20en%20sus%20complejos%20policiales%20de%20Ays%C3%A9n%20y%20Coyhaique&#038;body=https:\/\/radiorevelacionfm.cl\/?p=55474' aria-hidden='false' data-av_icon='\ue805' data-av_iconfont='entypo-fontello' title='' data-avia-related-tooltip='Compartir por correo'><span class='avia_hidden_link_text'>Compartir por correo<\/span><\/a><\/li><\/ul><\/div><\/div>\n<div  style='height:50px' class='hr hr-invisible   avia-builder-el-8  el_after_av_social_share  el_before_av_comments_list '><span class='hr-inner ' ><span class='hr-inner-style'><\/span><\/span><\/div>\n<div  class='av-buildercomment  av-blog-meta-html-info-disabled av-blog-meta-tag-disabled  '><\/div>\n","protected":false},"excerpt":{"rendered":"","protected":false},"author":1,"featured_media":55475,"comment_status":"closed","ping_status":"closed","sticky":false,"template":"","format":"standard","meta":{"footnotes":""},"categories":[36],"tags":[],"class_list":["post-55474","post","type-post","status-publish","format-standard","has-post-thumbnail","hentry","category-policial"],"jetpack_featured_media_url":"https:\/\/radiorevelacionfm.cl\/wp-content\/uploads\/2025\/06\/Formacion-2025-Aysen-001-1-1.jpeg","_links":{"self":[{"href":"https:\/\/radiorevelacionfm.cl\/index.php?rest_route=\/wp\/v2\/posts\/55474","targetHints":{"allow":["GET"]}}],"collection":[{"href":"https:\/\/radiorevelacionfm.cl\/index.php?rest_route=\/wp\/v2\/posts"}],"about":[{"href":"https:\/\/radiorevelacionfm.cl\/index.php?rest_route=\/wp\/v2\/types\/post"}],"author":[{"embeddable":true,"href":"https:\/\/radiorevelacionfm.cl\/index.php?rest_route=\/wp\/v2\/users\/1"}],"replies":[{"embeddable":true,"href":"https:\/\/radiorevelacionfm.cl\/index.php?rest_route=%2Fwp%2Fv2%2Fcomments&post=55474"}],"version-history":[{"count":2,"href":"https:\/\/radiorevelacionfm.cl\/index.php?rest_route=\/wp\/v2\/posts\/55474\/revisions"}],"predecessor-version":[{"id":55491,"href":"https:\/\/radiorevelacionfm.cl\/index.php?rest_route=\/wp\/v2\/posts\/55474\/revisions\/55491"}],"wp:featuredmedia":[{"embeddable":true,"href":"https:\/\/radiorevelacionfm.cl\/index.php?rest_route=\/wp\/v2\/media\/55475"}],"wp:attachment":[{"href":"https:\/\/radiorevelacionfm.cl\/index.php?rest_route=%2Fwp%2Fv2%2Fmedia&parent=55474"}],"wp:term":[{"taxonomy":"category","embeddable":true,"href":"https:\/\/radiorevelacionfm.cl\/index.php?rest_route=%2Fwp%2Fv2%2Fcategories&post=55474"},{"taxonomy":"post_tag","embeddable":true,"href":"https:\/\/radiorevelacionfm.cl\/index.php?rest_route=%2Fwp%2Fv2%2Ftags&post=55474"}],"curies":[{"name":"wp","href":"https:\/\/api.w.org\/{rel}","templated":true}]}}