{"id":55468,"date":"2025-06-19T15:05:06","date_gmt":"2025-06-19T18:05:06","guid":{"rendered":"https:\/\/radiorevelacionfm.cl\/?p=55468"},"modified":"2025-06-19T15:09:31","modified_gmt":"2025-06-19T18:09:31","slug":"regimiento-no-8-chiloe-descarta-haber-realizado-denuncia-en-contra-de-apoderados-de-escuela-despertar-de-aysen","status":"publish","type":"post","link":"https:\/\/radiorevelacionfm.cl\/?p=55468","title":{"rendered":"Regimiento N\u00ba 8 \u201cChilo\u00e9\u201d descarta haber realizado denuncia en contra de Apoderados de Escuela Despertar de Ays\u00e9n"},"content":{"rendered":"<div class=\"flex_column av_one_full  flex_column_div av-zero-column-padding first  avia-builder-el-0  el_before_av_one_full  avia-builder-el-first  \" style='border-radius:0px; '><div  class='avia-image-container  av-styling-    avia-builder-el-1  avia-builder-el-no-sibling  avia-align-center '  itemprop=\"image\" itemscope=\"itemscope\" itemtype=\"https:\/\/schema.org\/ImageObject\"  ><div class='avia-image-container-inner'><div class='avia-image-overlay-wrap'><img decoding=\"async\" class='wp-image-55469 avia-img-lazy-loading-not-55469 avia_image' src=\"https:\/\/radiorevelacionfm.cl\/wp-content\/uploads\/2025\/06\/regimiento-chiloe-photoroom-1_optimized.jpg\" alt='' title='regimiento-chiloe-photoroom-(1)_optimized' height=\"600\" width=\"1008\"  itemprop=\"thumbnailUrl\" srcset=\"https:\/\/radiorevelacionfm.cl\/wp-content\/uploads\/2025\/06\/regimiento-chiloe-photoroom-1_optimized.jpg 1008w, https:\/\/radiorevelacionfm.cl\/wp-content\/uploads\/2025\/06\/regimiento-chiloe-photoroom-1_optimized-300x179.jpg 300w, https:\/\/radiorevelacionfm.cl\/wp-content\/uploads\/2025\/06\/regimiento-chiloe-photoroom-1_optimized-768x457.jpg 768w, https:\/\/radiorevelacionfm.cl\/wp-content\/uploads\/2025\/06\/regimiento-chiloe-photoroom-1_optimized-705x420.jpg 705w, https:\/\/radiorevelacionfm.cl\/wp-content\/uploads\/2025\/06\/regimiento-chiloe-photoroom-1_optimized-450x268.jpg 450w, https:\/\/radiorevelacionfm.cl\/wp-content\/uploads\/2025\/06\/regimiento-chiloe-photoroom-1_optimized-600x357.jpg 600w\" sizes=\"(max-width: 1008px) 100vw, 1008px\" \/><\/div><\/div><\/div><\/div>\n<div class=\"flex_column av_one_full  flex_column_div av-zero-column-padding first  avia-builder-el-2  el_after_av_one_full  el_before_av_one_full  column-top-margin\" style='border-radius:0px; '><section class=\"av_textblock_section \"  itemscope=\"itemscope\" itemtype=\"https:\/\/schema.org\/BlogPosting\" itemprop=\"blogPost\" ><div class='avia_textblock  '   itemprop=\"text\" ><p style=\"text-align: center;\"><strong><span style=\"font-size: 18pt;\">Regimiento N\u00ba 8 \u201cChilo\u00e9\u201d descarta haber realizado denuncia en contra de Apoderados de Escuela Despertar de Ays\u00e9n<\/span><\/strong><\/p>\n<div id=\"gtx-trans\" style=\"position: absolute; left: -50px; top: 4.31534px;\">\n<div class=\"gtx-trans-icon\"><\/div>\n<\/div>\n<\/div><\/section><\/div>\n<div class=\"flex_column av_one_full  flex_column_div av-zero-column-padding first  avia-builder-el-4  el_after_av_one_full  el_before_av_hr  column-top-margin\" style='border-radius:0px; '><section class=\"av_textblock_section \"  itemscope=\"itemscope\" itemtype=\"https:\/\/schema.org\/BlogPosting\" itemprop=\"blogPost\" ><div class='avia_textblock  '   itemprop=\"text\" ><p style=\"text-align: justify;\">A ra\u00edz de informaci\u00f3n que circula en redes sociales, durante la presente jornada y a trav\u00e9s de un comunicado el Ej\u00e9rcito se refiri\u00f3 a una supuesta denuncia presentada por el Regimiento N.\u00ba 8 \u201cChilo\u00e9\u201d, informando a la opini\u00f3n p\u00fablica lo siguiente:<\/p>\n<p style=\"text-align: justify;\">Esta unidad no ha realizado denuncia alguna en contra de los apoderados de la Escuela Despertar de Puerto Ays\u00e9n y su comunidad educativa. Es preciso aclarar que, el proceso investigativo en cuesti\u00f3n no fue impulsado por esta Instituci\u00f3n, toda vez que la \u00fanica gesti\u00f3n realizada por la Unidad Regimentaria fue, exclusivamente, requerir informaci\u00f3n dentro de un proceso ya iniciado.<\/p>\n<p style=\"text-align: justify;\">Lo anterior, con el fin de esclarecer cualquier situaci\u00f3n que pudiera afectar a nuestro personal militar, el 19 de marzo de 2025 la Unidad solicit\u00f3 a la Fiscal\u00eda Local de Puerto Ays\u00e9n informaci\u00f3n respecto a la eventual participaci\u00f3n de miembros del Ej\u00e9rcito en una manifestaci\u00f3n. Es importante se\u00f1alar que las autoridades militares no tienen facultades para intervenir en asuntos que son de responsabilidad del Ministerio P\u00fablico.<\/p>\n<p style=\"text-align: justify;\">Finalmente, esta unidad reitera el permanente compromiso y apoyo con su comunidad de la cual forma parte y reitera el estricto apego a la normativa vigente. Se\u00f1alaron, desde la Oficina de Comunicaciones de IV Divisi\u00f3n de Ej\u00e9rcito.<\/p>\n<\/div><\/section><\/div><div  style='height:50px' class='hr hr-invisible   avia-builder-el-6  el_after_av_one_full  el_before_av_social_share '><span class='hr-inner ' ><span class='hr-inner-style'><\/span><\/span><\/div><\/p>\n<div  class='av-social-sharing-box  avia-builder-el-7  el_after_av_hr  el_before_av_hr  '><div class='av-share-box'><h5 class='av-share-link-description av-no-toc '>Compartir esta noticia<\/h5><ul class='av-share-box-list noLightbox'><li class='av-share-link av-social-link-facebook' ><a target=\"_blank\" aria-label=\"Compartir en Facebook\" href='https:\/\/www.facebook.com\/sharer.php?u=https:\/\/radiorevelacionfm.cl\/?p=55468&#038;t=Regimiento%20N%C2%BA%208%20%E2%80%9CChilo%C3%A9%E2%80%9D%20descarta%20haber%20realizado%20denuncia%20en%20contra%20de%20Apoderados%20de%20Escuela%20Despertar%20de%20Ays%C3%A9n' aria-hidden='false' data-av_icon='\ue8f3' data-av_iconfont='entypo-fontello' title='' data-avia-related-tooltip='Compartir en Facebook' rel=\"noopener\"><span class='avia_hidden_link_text'>Compartir en Facebook<\/span><\/a><\/li><li class='av-share-link av-social-link-twitter' ><a target=\"_blank\" aria-label=\"Compartir en Twitter\" href='https:\/\/twitter.com\/share?text=Regimiento%20N%C2%BA%208%20%E2%80%9CChilo%C3%A9%E2%80%9D%20descarta%20haber%20realizado%20denuncia%20en%20contra%20de%20Apoderados%20de%20Escuela%20Despertar%20de%20Ays%C3%A9n&#038;url=https:\/\/radiorevelacionfm.cl\/?p=55468' aria-hidden='false' data-av_icon='\ue8f1' data-av_iconfont='entypo-fontello' title='' data-avia-related-tooltip='Compartir en Twitter' rel=\"noopener\"><span class='avia_hidden_link_text'>Compartir en Twitter<\/span><\/a><\/li><li class='av-share-link av-social-link-whatsapp' ><a target=\"_blank\" aria-label=\"Compartir en Whatsapp\" href='https:\/\/api.whatsapp.com\/send?text=https:\/\/radiorevelacionfm.cl\/?p=55468' aria-hidden='false' data-av_icon='\uf232' data-av_iconfont='entypo-fontello' title='' data-avia-related-tooltip='Compartir en Whatsapp' rel=\"noopener\"><span class='avia_hidden_link_text'>Compartir en Whatsapp<\/span><\/a><\/li><li class='av-share-link av-social-link-linkedin' ><a target=\"_blank\" aria-label=\"Compartir en LinkedIn\" href='https:\/\/linkedin.com\/shareArticle?mini=true&#038;title=Regimiento%20N%C2%BA%208%20%E2%80%9CChilo%C3%A9%E2%80%9D%20descarta%20haber%20realizado%20denuncia%20en%20contra%20de%20Apoderados%20de%20Escuela%20Despertar%20de%20Ays%C3%A9n&#038;url=https:\/\/radiorevelacionfm.cl\/?p=55468' aria-hidden='false' data-av_icon='\ue8fc' data-av_iconfont='entypo-fontello' title='' data-avia-related-tooltip='Compartir en LinkedIn' rel=\"noopener\"><span class='avia_hidden_link_text'>Compartir en LinkedIn<\/span><\/a><\/li><li class='av-share-link av-social-link-mail' ><a  aria-label=\"Compartir por correo\" href='mailto:?subject=Regimiento%20N%C2%BA%208%20%E2%80%9CChilo%C3%A9%E2%80%9D%20descarta%20haber%20realizado%20denuncia%20en%20contra%20de%20Apoderados%20de%20Escuela%20Despertar%20de%20Ays%C3%A9n&#038;body=https:\/\/radiorevelacionfm.cl\/?p=55468' aria-hidden='false' data-av_icon='\ue805' data-av_iconfont='entypo-fontello' title='' data-avia-related-tooltip='Compartir por correo'><span class='avia_hidden_link_text'>Compartir por correo<\/span><\/a><\/li><\/ul><\/div><\/div>\n<div  style='height:50px' class='hr hr-invisible   avia-builder-el-8  el_after_av_social_share  el_before_av_comments_list '><span class='hr-inner ' ><span class='hr-inner-style'><\/span><\/span><\/div>\n<div  class='av-buildercomment  av-blog-meta-html-info-disabled av-blog-meta-tag-disabled  '><\/div>\n","protected":false},"excerpt":{"rendered":"","protected":false},"author":1,"featured_media":55469,"comment_status":"closed","ping_status":"closed","sticky":false,"template":"","format":"standard","meta":{"footnotes":""},"categories":[38],"tags":[],"class_list":["post-55468","post","type-post","status-publish","format-standard","has-post-thumbnail","hentry","category-regional"],"jetpack_featured_media_url":"https:\/\/radiorevelacionfm.cl\/wp-content\/uploads\/2025\/06\/regimiento-chiloe-photoroom-1_optimized.jpg","_links":{"self":[{"href":"https:\/\/radiorevelacionfm.cl\/index.php?rest_route=\/wp\/v2\/posts\/55468","targetHints":{"allow":["GET"]}}],"collection":[{"href":"https:\/\/radiorevelacionfm.cl\/index.php?rest_route=\/wp\/v2\/posts"}],"about":[{"href":"https:\/\/radiorevelacionfm.cl\/index.php?rest_route=\/wp\/v2\/types\/post"}],"author":[{"embeddable":true,"href":"https:\/\/radiorevelacionfm.cl\/index.php?rest_route=\/wp\/v2\/users\/1"}],"replies":[{"embeddable":true,"href":"https:\/\/radiorevelacionfm.cl\/index.php?rest_route=%2Fwp%2Fv2%2Fcomments&post=55468"}],"version-history":[{"count":3,"href":"https:\/\/radiorevelacionfm.cl\/index.php?rest_route=\/wp\/v2\/posts\/55468\/revisions"}],"predecessor-version":[{"id":55471,"href":"https:\/\/radiorevelacionfm.cl\/index.php?rest_route=\/wp\/v2\/posts\/55468\/revisions\/55471"}],"wp:featuredmedia":[{"embeddable":true,"href":"https:\/\/radiorevelacionfm.cl\/index.php?rest_route=\/wp\/v2\/media\/55469"}],"wp:attachment":[{"href":"https:\/\/radiorevelacionfm.cl\/index.php?rest_route=%2Fwp%2Fv2%2Fmedia&parent=55468"}],"wp:term":[{"taxonomy":"category","embeddable":true,"href":"https:\/\/radiorevelacionfm.cl\/index.php?rest_route=%2Fwp%2Fv2%2Fcategories&post=55468"},{"taxonomy":"post_tag","embeddable":true,"href":"https:\/\/radiorevelacionfm.cl\/index.php?rest_route=%2Fwp%2Fv2%2Ftags&post=55468"}],"curies":[{"name":"wp","href":"https:\/\/api.w.org\/{rel}","templated":true}]}}