{"id":55464,"date":"2025-06-19T16:47:07","date_gmt":"2025-06-19T19:47:07","guid":{"rendered":"https:\/\/radiorevelacionfm.cl\/?p=55464"},"modified":"2025-06-19T18:13:51","modified_gmt":"2025-06-19T21:13:51","slug":"mesa-intersectorial-en-balmaceda-estado-y-comunidad-avanzan-en-una-agenda-comun","status":"publish","type":"post","link":"https:\/\/radiorevelacionfm.cl\/?p=55464","title":{"rendered":"Mesa Intersectorial en Balmaceda: Estado y comunidad avanzan en una agenda com\u00fan"},"content":{"rendered":"<div class=\"flex_column av_one_full  flex_column_div av-zero-column-padding first  avia-builder-el-0  el_before_av_one_full  avia-builder-el-first  \" style='border-radius:0px; '><div  class='avia-image-container  av-styling-    avia-builder-el-1  avia-builder-el-no-sibling  avia-align-center '  itemprop=\"image\" itemscope=\"itemscope\" itemtype=\"https:\/\/schema.org\/ImageObject\"  ><div class='avia-image-container-inner'><div class='avia-image-overlay-wrap'><img decoding=\"async\" class='wp-image-55493 avia-img-lazy-loading-not-55493 avia_image' src=\"https:\/\/radiorevelacionfm.cl\/wp-content\/uploads\/2025\/06\/Terreno-Balmaceda-1-1.jpg\" alt='' title='Terreno Balmaceda (1) (1)' height=\"670\" width=\"796\"  itemprop=\"thumbnailUrl\" srcset=\"https:\/\/radiorevelacionfm.cl\/wp-content\/uploads\/2025\/06\/Terreno-Balmaceda-1-1.jpg 796w, https:\/\/radiorevelacionfm.cl\/wp-content\/uploads\/2025\/06\/Terreno-Balmaceda-1-1-300x253.jpg 300w, https:\/\/radiorevelacionfm.cl\/wp-content\/uploads\/2025\/06\/Terreno-Balmaceda-1-1-768x646.jpg 768w, https:\/\/radiorevelacionfm.cl\/wp-content\/uploads\/2025\/06\/Terreno-Balmaceda-1-1-705x593.jpg 705w, https:\/\/radiorevelacionfm.cl\/wp-content\/uploads\/2025\/06\/Terreno-Balmaceda-1-1-450x379.jpg 450w, https:\/\/radiorevelacionfm.cl\/wp-content\/uploads\/2025\/06\/Terreno-Balmaceda-1-1-600x505.jpg 600w\" sizes=\"(max-width: 796px) 100vw, 796px\" \/><\/div><\/div><\/div><\/div><div class=\"flex_column av_one_full  flex_column_div av-zero-column-padding first  avia-builder-el-2  el_after_av_one_full  el_before_av_one_full  column-top-margin\" style='border-radius:0px; '><section class=\"av_textblock_section \"  itemscope=\"itemscope\" itemtype=\"https:\/\/schema.org\/BlogPosting\" itemprop=\"blogPost\" ><div class='avia_textblock  '   itemprop=\"text\" ><p style=\"text-align: center;\"><span style=\"font-size: 18pt;\"><strong>Mesa Intersectorial en Balmaceda: Estado y comunidad avanzan en una agenda com\u00fan<\/strong><\/span><\/p>\n<div id=\"gtx-trans\" style=\"position: absolute; left: -50px; top: 4.31534px;\">\n<div class=\"gtx-trans-icon\"><\/div>\n<\/div>\n<\/div><\/section><\/div><\/p>\n<div class=\"flex_column av_one_full  flex_column_div av-zero-column-padding first  avia-builder-el-4  el_after_av_one_full  el_before_av_hr  column-top-margin\" style='border-radius:0px; '><section class=\"av_textblock_section \"  itemscope=\"itemscope\" itemtype=\"https:\/\/schema.org\/BlogPosting\" itemprop=\"blogPost\" ><div class='avia_textblock  '   itemprop=\"text\" ><p style=\"text-align: justify;\">En un nuevo despliegue territorial, el Delegado Presidencial Regional, Jorge D\u00edaz Guzm\u00e1n, junto a gran parte del Gabinete Regional, se traslad\u00f3 hasta la localidad de Balmaceda para participar en una mesa intersectorial con organizaciones sociales y autoridades locales. El objetivo fue revisar los avances en los compromisos asumidos previamente con la comunidad y acordar nuevas acciones que fortalezcan el bienestar de ni\u00f1as, ni\u00f1os, j\u00f3venes y familias de la zona.<\/p>\n<p style=\"text-align: justify;\">Durante el encuentro, el municipio de Coyhaique tambi\u00e9n expuso los avances en torno a las solicitudes comunitarias, como la mejora de espacios recreativos, mayor seguridad, renovaci\u00f3n de luminarias y se\u00f1al\u00e9ticas, entre otros temas relevantes para las y los vecinos.<\/p>\n<p style=\"text-align: justify;\">La instancia cont\u00f3 con la participaci\u00f3n activa de dirigencias de la Junta de Vecinos N\u00b013 de Balmaceda y la Junta de Vecinos Vientos de la Patagonia, adem\u00e1s de representantes del Centro General de Padres y otras organizaciones sociales del territorio, con el objetivo de fortalecer una agenda de trabajo conjunta y con enfoque territorial.<\/p>\n<p style=\"text-align: justify;\">El Delegado Presidencial Jorge D\u00edaz Guzm\u00e1n expres\u00f3: \u201cHemos estado trabajando conjuntamente con la Municipalidad de Coyhaique a prop\u00f3sito del desarrollo y del crecimiento de la poblaci\u00f3n en la localidad de Balmaceda. Hemos decidido tener una Agenda Balmaceda, donde los distintos sectores de la Administraci\u00f3n del Estado, que dependen de la Delegaci\u00f3n, m\u00e1s las tareas que asume la Municipalidad, vamos a dar respuesta tanto en vivienda, salud, Ministerio Interior a trav\u00e9s de Senda, INJUV, Ministerio de la Mujer. Porque siendo muy peque\u00f1a, es muy relevante para el desarrollo de la capital regional, por eso es que estamos coordinando diversas pol\u00edticas p\u00fablicas con acciones concretas en la localidad. Tuvimos una reuni\u00f3n con ambas juntas de vecinos y creemos que respondimos adecuadamente a esas peticiones y lo que faltaba aqu\u00ed era m\u00e1s bien coordinaci\u00f3n y conocimiento de lo que estamos haciendo, y de dotar de aquellas cosas que la ciudadan\u00eda de esa localidad dice necesitar, y nosotros estamos de acuerdo con ello, por lo tanto, lo estamos implementando\u201d<strong>.<\/strong><\/p>\n<p style=\"text-align: justify;\">Por su parte, la presidenta de la Junta de Vecinos N\u00b013 de Balmaceda, Josselin Ag\u00fcero, valor\u00f3 el encuentro se\u00f1alando: \u201cMe pareci\u00f3 muy buena la instancia de poder tener a todos los, o casi a todos los Seremis, al parecer, hoy d\u00eda ac\u00e1 en la localidad de Balmaceda. Me alegra tambi\u00e9n saber de que se est\u00e1 trabajando en conjunto para la localidad tambi\u00e9n y que, en general, todav\u00eda no se llega a ning\u00fan acuerdo espec\u00edfico ni tampoco nada firmado, pero s\u00ed esperamos que la siguiente reuni\u00f3n sea ya m\u00e1s provechosa en lo que es el sentido de ya cerrar algunos temas\u201d<strong>.<\/strong><\/p>\n<p style=\"text-align: justify;\">La Seremi de Gobierno, \u00darsula Mix, tambi\u00e9n destac\u00f3 la instancia como un espacio de escucha y articulaci\u00f3n: \u201cFue un buen espacio para hablar sobre los compromisos que se ten\u00edan desde el gobierno central con la comunidad de Balmaceda, adem\u00e1s nos permiti\u00f3 generar mayor v\u00ednculo con las organizaciones sociales que est\u00e1n en el territorio y se pudo ah\u00ed establecer un plan de trabajo en otras tem\u00e1ticas que era importante abordar por ejemplo con el Instituto Nacional de la Juventud y Senda, una respuesta concreta a sus solicitudes\u201d.<\/p>\n<\/div><\/section><\/div>\n<div  style='height:50px' class='hr hr-invisible   avia-builder-el-6  el_after_av_one_full  el_before_av_social_share '><span class='hr-inner ' ><span class='hr-inner-style'><\/span><\/span><\/div>\n<div  class='av-social-sharing-box  avia-builder-el-7  el_after_av_hr  el_before_av_hr  '><div class='av-share-box'><h5 class='av-share-link-description av-no-toc '>Compartir esta noticia<\/h5><ul class='av-share-box-list noLightbox'><li class='av-share-link av-social-link-facebook' ><a target=\"_blank\" aria-label=\"Compartir en Facebook\" href='https:\/\/www.facebook.com\/sharer.php?u=https:\/\/radiorevelacionfm.cl\/?p=55464&#038;t=Mesa%20Intersectorial%20en%20Balmaceda%3A%20Estado%20y%20comunidad%20avanzan%20en%20una%20agenda%20com%C3%BAn' aria-hidden='false' data-av_icon='\ue8f3' data-av_iconfont='entypo-fontello' title='' data-avia-related-tooltip='Compartir en Facebook' rel=\"noopener\"><span class='avia_hidden_link_text'>Compartir en Facebook<\/span><\/a><\/li><li class='av-share-link av-social-link-twitter' ><a target=\"_blank\" aria-label=\"Compartir en Twitter\" href='https:\/\/twitter.com\/share?text=Mesa%20Intersectorial%20en%20Balmaceda%3A%20Estado%20y%20comunidad%20avanzan%20en%20una%20agenda%20com%C3%BAn&#038;url=https:\/\/radiorevelacionfm.cl\/?p=55464' aria-hidden='false' data-av_icon='\ue8f1' data-av_iconfont='entypo-fontello' title='' data-avia-related-tooltip='Compartir en Twitter' rel=\"noopener\"><span class='avia_hidden_link_text'>Compartir en Twitter<\/span><\/a><\/li><li class='av-share-link av-social-link-whatsapp' ><a target=\"_blank\" aria-label=\"Compartir en Whatsapp\" href='https:\/\/api.whatsapp.com\/send?text=https:\/\/radiorevelacionfm.cl\/?p=55464' aria-hidden='false' data-av_icon='\uf232' data-av_iconfont='entypo-fontello' title='' data-avia-related-tooltip='Compartir en Whatsapp' rel=\"noopener\"><span class='avia_hidden_link_text'>Compartir en Whatsapp<\/span><\/a><\/li><li class='av-share-link av-social-link-linkedin' ><a target=\"_blank\" aria-label=\"Compartir en LinkedIn\" href='https:\/\/linkedin.com\/shareArticle?mini=true&#038;title=Mesa%20Intersectorial%20en%20Balmaceda%3A%20Estado%20y%20comunidad%20avanzan%20en%20una%20agenda%20com%C3%BAn&#038;url=https:\/\/radiorevelacionfm.cl\/?p=55464' aria-hidden='false' data-av_icon='\ue8fc' data-av_iconfont='entypo-fontello' title='' data-avia-related-tooltip='Compartir en LinkedIn' rel=\"noopener\"><span class='avia_hidden_link_text'>Compartir en LinkedIn<\/span><\/a><\/li><li class='av-share-link av-social-link-mail' ><a  aria-label=\"Compartir por correo\" href='mailto:?subject=Mesa%20Intersectorial%20en%20Balmaceda%3A%20Estado%20y%20comunidad%20avanzan%20en%20una%20agenda%20com%C3%BAn&#038;body=https:\/\/radiorevelacionfm.cl\/?p=55464' aria-hidden='false' data-av_icon='\ue805' data-av_iconfont='entypo-fontello' title='' data-avia-related-tooltip='Compartir por correo'><span class='avia_hidden_link_text'>Compartir por correo<\/span><\/a><\/li><\/ul><\/div><\/div>\n<div  style='height:50px' class='hr hr-invisible   avia-builder-el-8  el_after_av_social_share  el_before_av_comments_list '><span class='hr-inner ' ><span class='hr-inner-style'><\/span><\/span><\/div>\n<div  class='av-buildercomment  av-blog-meta-html-info-disabled av-blog-meta-tag-disabled  '><\/div>\n","protected":false},"excerpt":{"rendered":"","protected":false},"author":1,"featured_media":55493,"comment_status":"closed","ping_status":"closed","sticky":false,"template":"","format":"standard","meta":{"footnotes":""},"categories":[38],"tags":[],"class_list":["post-55464","post","type-post","status-publish","format-standard","has-post-thumbnail","hentry","category-regional"],"jetpack_featured_media_url":"https:\/\/radiorevelacionfm.cl\/wp-content\/uploads\/2025\/06\/Terreno-Balmaceda-1-1.jpg","_links":{"self":[{"href":"https:\/\/radiorevelacionfm.cl\/index.php?rest_route=\/wp\/v2\/posts\/55464","targetHints":{"allow":["GET"]}}],"collection":[{"href":"https:\/\/radiorevelacionfm.cl\/index.php?rest_route=\/wp\/v2\/posts"}],"about":[{"href":"https:\/\/radiorevelacionfm.cl\/index.php?rest_route=\/wp\/v2\/types\/post"}],"author":[{"embeddable":true,"href":"https:\/\/radiorevelacionfm.cl\/index.php?rest_route=\/wp\/v2\/users\/1"}],"replies":[{"embeddable":true,"href":"https:\/\/radiorevelacionfm.cl\/index.php?rest_route=%2Fwp%2Fv2%2Fcomments&post=55464"}],"version-history":[{"count":3,"href":"https:\/\/radiorevelacionfm.cl\/index.php?rest_route=\/wp\/v2\/posts\/55464\/revisions"}],"predecessor-version":[{"id":55492,"href":"https:\/\/radiorevelacionfm.cl\/index.php?rest_route=\/wp\/v2\/posts\/55464\/revisions\/55492"}],"wp:featuredmedia":[{"embeddable":true,"href":"https:\/\/radiorevelacionfm.cl\/index.php?rest_route=\/wp\/v2\/media\/55493"}],"wp:attachment":[{"href":"https:\/\/radiorevelacionfm.cl\/index.php?rest_route=%2Fwp%2Fv2%2Fmedia&parent=55464"}],"wp:term":[{"taxonomy":"category","embeddable":true,"href":"https:\/\/radiorevelacionfm.cl\/index.php?rest_route=%2Fwp%2Fv2%2Fcategories&post=55464"},{"taxonomy":"post_tag","embeddable":true,"href":"https:\/\/radiorevelacionfm.cl\/index.php?rest_route=%2Fwp%2Fv2%2Ftags&post=55464"}],"curies":[{"name":"wp","href":"https:\/\/api.w.org\/{rel}","templated":true}]}}