{"id":55461,"date":"2025-06-19T15:15:17","date_gmt":"2025-06-19T18:15:17","guid":{"rendered":"https:\/\/radiorevelacionfm.cl\/?p=55461"},"modified":"2025-06-19T15:15:17","modified_gmt":"2025-06-19T18:15:17","slug":"la-inversion-publica-y-su-efecto-en-el-empleo-y-crecimiento-economico-en-aysen","status":"publish","type":"post","link":"https:\/\/radiorevelacionfm.cl\/?p=55461","title":{"rendered":"La inversi\u00f3n p\u00fablica y su efecto en el empleo y crecimiento econ\u00f3mico en Ays\u00e9n"},"content":{"rendered":"<div class=\"flex_column av_one_full  flex_column_div av-zero-column-padding first  avia-builder-el-0  el_before_av_one_full  avia-builder-el-first  \" style='border-radius:0px; '><div  class='avia-image-container  av-styling-    avia-builder-el-1  avia-builder-el-no-sibling  avia-align-center '  itemprop=\"image\" itemscope=\"itemscope\" itemtype=\"https:\/\/schema.org\/ImageObject\"  ><div class='avia-image-container-inner'><div class='avia-image-overlay-wrap'><img decoding=\"async\" class='wp-image-55462 avia-img-lazy-loading-not-55462 avia_image' src=\"https:\/\/radiorevelacionfm.cl\/wp-content\/uploads\/2025\/06\/foto-comunicado-inversion-publica-y-crecimiento-economico-1_optimized.jpeg\" alt='' title='foto-comunicado-inversi\u00f3n-p\u00fablica-y-crecimiento-econ\u00f3mico-(1)_optimized' height=\"600\" width=\"1014\"  itemprop=\"thumbnailUrl\" srcset=\"https:\/\/radiorevelacionfm.cl\/wp-content\/uploads\/2025\/06\/foto-comunicado-inversion-publica-y-crecimiento-economico-1_optimized.jpeg 1014w, https:\/\/radiorevelacionfm.cl\/wp-content\/uploads\/2025\/06\/foto-comunicado-inversion-publica-y-crecimiento-economico-1_optimized-300x178.jpeg 300w, https:\/\/radiorevelacionfm.cl\/wp-content\/uploads\/2025\/06\/foto-comunicado-inversion-publica-y-crecimiento-economico-1_optimized-768x454.jpeg 768w, https:\/\/radiorevelacionfm.cl\/wp-content\/uploads\/2025\/06\/foto-comunicado-inversion-publica-y-crecimiento-economico-1_optimized-705x417.jpeg 705w, https:\/\/radiorevelacionfm.cl\/wp-content\/uploads\/2025\/06\/foto-comunicado-inversion-publica-y-crecimiento-economico-1_optimized-450x266.jpeg 450w, https:\/\/radiorevelacionfm.cl\/wp-content\/uploads\/2025\/06\/foto-comunicado-inversion-publica-y-crecimiento-economico-1_optimized-600x355.jpeg 600w\" sizes=\"(max-width: 1014px) 100vw, 1014px\" \/><\/div><\/div><\/div><\/div><div class=\"flex_column av_one_full  flex_column_div av-zero-column-padding first  avia-builder-el-2  el_after_av_one_full  el_before_av_one_full  column-top-margin\" style='border-radius:0px; '><section class=\"av_textblock_section \"  itemscope=\"itemscope\" itemtype=\"https:\/\/schema.org\/BlogPosting\" itemprop=\"blogPost\" ><div class='avia_textblock  '   itemprop=\"text\" ><p style=\"text-align: center;\"><span style=\"font-size: 18pt;\"><strong>La inversi\u00f3n p\u00fablica y su efecto en el empleo y crecimiento econ\u00f3mico en Ays\u00e9n<\/strong><\/span><\/p>\n<div id=\"gtx-trans\" style=\"position: absolute; left: -50px; top: 4.31534px;\">\n<div class=\"gtx-trans-icon\"><\/div>\n<\/div>\n<\/div><\/section><\/div><div class=\"flex_column av_one_full  flex_column_div av-zero-column-padding first  avia-builder-el-4  el_after_av_one_full  el_before_av_hr  column-top-margin\" style='border-radius:0px; '><section class=\"av_textblock_section \"  itemscope=\"itemscope\" itemtype=\"https:\/\/schema.org\/BlogPosting\" itemprop=\"blogPost\" ><div class='avia_textblock  '   itemprop=\"text\" ><p style=\"text-align: justify;\">El Gobierno del Presidente Gabriel Boric impuls\u00f3 diferentes obras p\u00fablicas en la regi\u00f3n de Ays\u00e9n, como pavimentaci\u00f3n, sistemas de agua potable rural, infraestructura para el turismo, que buscan mejorar la conectividad e impulsar el desarrollo, incrementando el presupuesto en obras en un 29,8% respecto del a\u00f1o 2024, llegando el 2025 a M$166.787.774, impulsando la econom\u00eda y generando m\u00e1s empleo.<\/p>\n<p style=\"text-align: justify;\">En el contexto de los compromisos presidenciales, el Delegado Presidencial Regional, Jorge D\u00edaz Guzm\u00e1n, destac\u00f3 a las Secretar\u00edas Regionales Ministeriales en ejecuci\u00f3n presupuestaria \u201cEs una tarea de la Delegaci\u00f3n Presidencial ir evaluando y generando control respecto de los compromisos que tenemos en la regi\u00f3n de Ays\u00e9n, donde todos los sectores tienen alg\u00fan grado de inversi\u00f3n y metas que tienen que ver con gesti\u00f3n. Todos nuestros Seremis han cumplido con sus tareas, eso nos tiene muy contentos\u201d.<\/p>\n<p style=\"text-align: justify;\">Por otra parte, destac\u00f3 los avances en una obra emblem\u00e1tica: la Ruta 7 \u201cHaber logrado sortear todas las barreras administrativas post-pandemia, de los contratos que quedaron abandonados, empresas que quebraron, es muy engorroso desde el punto de vista administrativo para el Estado, haberlo superado y haber reiniciado esas obras es una tarea de un equipo transversal\u201d, agreg\u00f3 el Delegado.<\/p>\n<p style=\"text-align: justify;\">Sobre esto, la Seremi del Obras P\u00fablicas, Paloma Jara, destac\u00f3 que \u201cEl desaf\u00edo que ha significado la promesa presidencial de los 140 kil\u00f3metros ha sido un llamado a mejorar la gesti\u00f3n. Destacar el compromiso de los equipos regionales que han logrado sacar adelante la iniciativa. Cuando termine el gobierno, no va a haber ninguno de estos 140 kil\u00f3metros que no tenga un movimiento, es decir, van a estar en proceso de ejecuci\u00f3n, adjudicaci\u00f3n o licitaci\u00f3n. Hoy d\u00eda con mucha felicidad decimos que no s\u00f3lo son 140 kil\u00f3metros, porque no podemos solo centrarnos en las v\u00edas estructurantes, tambi\u00e9n tenemos que dar resiliencia de otros caminos y otras oportunidades a la gente, y adem\u00e1s que cuando hacemos suelos cementos generamos circuitos tur\u00edsticos. Porque el compromiso del MOP no s\u00f3lo es generar puestos de trabajo mediante sus obras, sino puestos de trabajo que se puedan mantener en el tiempo.<\/p>\n<p style=\"text-align: justify;\">Finalmente, la Seremi de Gobierno \u00darsula Mix indic\u00f3 \u201cLa relevancia de la infraestructura p\u00fablica y la inversi\u00f3n que se est\u00e1 realizando tiene efectos econ\u00f3micos. Hubo un aumento en la capacidad de trabajo, contratos formales, y de toda esta fuerza econ\u00f3mica, el 30,11% tiene que ver con la mano de obra que se est\u00e1 contratando en estas infraestructuras que se est\u00e1n realizando en todo el territorio. Adem\u00e1s de mejorar el empleo, esta mejora econ\u00f3mica y este crecimiento est\u00e1 mejorando el consumo en la regi\u00f3n. Por lo tanto, vemos que este trabajo que est\u00e1 realizando el Gobierno, tiene medidas concretas y una afectaci\u00f3n directa al bienestar de las familias. Esto es muy relevante. Que la gran fuerza econ\u00f3mica que se est\u00e1 desarrollando es parte de la inversi\u00f3n que viene desde el gobierno central y esto es lo que mueve la vara en t\u00e9rminos de crecimiento econ\u00f3mico real para la regi\u00f3n.<\/p>\n<\/div><\/section><\/div><div  style='height:50px' class='hr hr-invisible   avia-builder-el-6  el_after_av_one_full  el_before_av_social_share '><span class='hr-inner ' ><span class='hr-inner-style'><\/span><\/span><\/div><\/p>\n<div  class='av-social-sharing-box  avia-builder-el-7  el_after_av_hr  el_before_av_hr  '><div class='av-share-box'><h5 class='av-share-link-description av-no-toc '>Compartir esta noticia<\/h5><ul class='av-share-box-list noLightbox'><li class='av-share-link av-social-link-facebook' ><a target=\"_blank\" aria-label=\"Compartir en Facebook\" href='https:\/\/www.facebook.com\/sharer.php?u=https:\/\/radiorevelacionfm.cl\/?p=55461&#038;t=La%20inversi%C3%B3n%20p%C3%BAblica%20y%20su%20efecto%20en%20el%20empleo%20y%20crecimiento%20econ%C3%B3mico%20en%20Ays%C3%A9n' aria-hidden='false' data-av_icon='\ue8f3' data-av_iconfont='entypo-fontello' title='' data-avia-related-tooltip='Compartir en Facebook' rel=\"noopener\"><span class='avia_hidden_link_text'>Compartir en Facebook<\/span><\/a><\/li><li class='av-share-link av-social-link-twitter' ><a target=\"_blank\" aria-label=\"Compartir en Twitter\" href='https:\/\/twitter.com\/share?text=La%20inversi%C3%B3n%20p%C3%BAblica%20y%20su%20efecto%20en%20el%20empleo%20y%20crecimiento%20econ%C3%B3mico%20en%20Ays%C3%A9n&#038;url=https:\/\/radiorevelacionfm.cl\/?p=55461' aria-hidden='false' data-av_icon='\ue8f1' data-av_iconfont='entypo-fontello' title='' data-avia-related-tooltip='Compartir en Twitter' rel=\"noopener\"><span class='avia_hidden_link_text'>Compartir en Twitter<\/span><\/a><\/li><li class='av-share-link av-social-link-whatsapp' ><a target=\"_blank\" aria-label=\"Compartir en Whatsapp\" href='https:\/\/api.whatsapp.com\/send?text=https:\/\/radiorevelacionfm.cl\/?p=55461' aria-hidden='false' data-av_icon='\uf232' data-av_iconfont='entypo-fontello' title='' data-avia-related-tooltip='Compartir en Whatsapp' rel=\"noopener\"><span class='avia_hidden_link_text'>Compartir en Whatsapp<\/span><\/a><\/li><li class='av-share-link av-social-link-linkedin' ><a target=\"_blank\" aria-label=\"Compartir en LinkedIn\" href='https:\/\/linkedin.com\/shareArticle?mini=true&#038;title=La%20inversi%C3%B3n%20p%C3%BAblica%20y%20su%20efecto%20en%20el%20empleo%20y%20crecimiento%20econ%C3%B3mico%20en%20Ays%C3%A9n&#038;url=https:\/\/radiorevelacionfm.cl\/?p=55461' aria-hidden='false' data-av_icon='\ue8fc' data-av_iconfont='entypo-fontello' title='' data-avia-related-tooltip='Compartir en LinkedIn' rel=\"noopener\"><span class='avia_hidden_link_text'>Compartir en LinkedIn<\/span><\/a><\/li><li class='av-share-link av-social-link-mail' ><a  aria-label=\"Compartir por correo\" href='mailto:?subject=La%20inversi%C3%B3n%20p%C3%BAblica%20y%20su%20efecto%20en%20el%20empleo%20y%20crecimiento%20econ%C3%B3mico%20en%20Ays%C3%A9n&#038;body=https:\/\/radiorevelacionfm.cl\/?p=55461' aria-hidden='false' data-av_icon='\ue805' data-av_iconfont='entypo-fontello' title='' data-avia-related-tooltip='Compartir por correo'><span class='avia_hidden_link_text'>Compartir por correo<\/span><\/a><\/li><\/ul><\/div><\/div>\n<div  style='height:50px' class='hr hr-invisible   avia-builder-el-8  el_after_av_social_share  el_before_av_comments_list '><span class='hr-inner ' ><span class='hr-inner-style'><\/span><\/span><\/div>\n<div  class='av-buildercomment  av-blog-meta-html-info-disabled av-blog-meta-tag-disabled  '><\/div>\n","protected":false},"excerpt":{"rendered":"","protected":false},"author":1,"featured_media":55462,"comment_status":"closed","ping_status":"closed","sticky":false,"template":"","format":"standard","meta":{"footnotes":""},"categories":[38],"tags":[],"class_list":["post-55461","post","type-post","status-publish","format-standard","has-post-thumbnail","hentry","category-regional"],"jetpack_featured_media_url":"https:\/\/radiorevelacionfm.cl\/wp-content\/uploads\/2025\/06\/foto-comunicado-inversion-publica-y-crecimiento-economico-1_optimized.jpeg","_links":{"self":[{"href":"https:\/\/radiorevelacionfm.cl\/index.php?rest_route=\/wp\/v2\/posts\/55461","targetHints":{"allow":["GET"]}}],"collection":[{"href":"https:\/\/radiorevelacionfm.cl\/index.php?rest_route=\/wp\/v2\/posts"}],"about":[{"href":"https:\/\/radiorevelacionfm.cl\/index.php?rest_route=\/wp\/v2\/types\/post"}],"author":[{"embeddable":true,"href":"https:\/\/radiorevelacionfm.cl\/index.php?rest_route=\/wp\/v2\/users\/1"}],"replies":[{"embeddable":true,"href":"https:\/\/radiorevelacionfm.cl\/index.php?rest_route=%2Fwp%2Fv2%2Fcomments&post=55461"}],"version-history":[{"count":2,"href":"https:\/\/radiorevelacionfm.cl\/index.php?rest_route=\/wp\/v2\/posts\/55461\/revisions"}],"predecessor-version":[{"id":55473,"href":"https:\/\/radiorevelacionfm.cl\/index.php?rest_route=\/wp\/v2\/posts\/55461\/revisions\/55473"}],"wp:featuredmedia":[{"embeddable":true,"href":"https:\/\/radiorevelacionfm.cl\/index.php?rest_route=\/wp\/v2\/media\/55462"}],"wp:attachment":[{"href":"https:\/\/radiorevelacionfm.cl\/index.php?rest_route=%2Fwp%2Fv2%2Fmedia&parent=55461"}],"wp:term":[{"taxonomy":"category","embeddable":true,"href":"https:\/\/radiorevelacionfm.cl\/index.php?rest_route=%2Fwp%2Fv2%2Fcategories&post=55461"},{"taxonomy":"post_tag","embeddable":true,"href":"https:\/\/radiorevelacionfm.cl\/index.php?rest_route=%2Fwp%2Fv2%2Ftags&post=55461"}],"curies":[{"name":"wp","href":"https:\/\/api.w.org\/{rel}","templated":true}]}}