{"id":55451,"date":"2025-06-19T12:11:18","date_gmt":"2025-06-19T15:11:18","guid":{"rendered":"https:\/\/radiorevelacionfm.cl\/?p=55451"},"modified":"2025-06-19T12:11:18","modified_gmt":"2025-06-19T15:11:18","slug":"senadora-ordenes-sobre-proyecto-de-eutanasia-espero-que-el-proyecto-avance-y-que-no-haya-vetos-al-dialogo","status":"publish","type":"post","link":"https:\/\/radiorevelacionfm.cl\/?p=55451","title":{"rendered":"Senadora \u00d3rdenes sobre proyecto de eutanasia: espero que el proyecto avance y que no haya vetos al di\u00e1logo"},"content":{"rendered":"<div class=\"flex_column av_one_full  flex_column_div av-zero-column-padding first  avia-builder-el-0  el_before_av_one_full  avia-builder-el-first  \" style='border-radius:0px; '><div  class='avia-image-container  av-styling-    avia-builder-el-1  avia-builder-el-no-sibling  avia-align-center '  itemprop=\"image\" itemscope=\"itemscope\" itemtype=\"https:\/\/schema.org\/ImageObject\"  ><div class='avia-image-container-inner'><div class='avia-image-overlay-wrap'><img decoding=\"async\" class='wp-image-55452 avia-img-lazy-loading-not-55452 avia_image' src=\"https:\/\/radiorevelacionfm.cl\/wp-content\/uploads\/2025\/06\/foto-21-1_optimized.jpg\" alt='' title='foto-(21)-(1)_optimized' height=\"600\" width=\"917\"  itemprop=\"thumbnailUrl\" srcset=\"https:\/\/radiorevelacionfm.cl\/wp-content\/uploads\/2025\/06\/foto-21-1_optimized.jpg 917w, https:\/\/radiorevelacionfm.cl\/wp-content\/uploads\/2025\/06\/foto-21-1_optimized-300x196.jpg 300w, https:\/\/radiorevelacionfm.cl\/wp-content\/uploads\/2025\/06\/foto-21-1_optimized-768x503.jpg 768w, https:\/\/radiorevelacionfm.cl\/wp-content\/uploads\/2025\/06\/foto-21-1_optimized-705x461.jpg 705w, https:\/\/radiorevelacionfm.cl\/wp-content\/uploads\/2025\/06\/foto-21-1_optimized-450x294.jpg 450w, https:\/\/radiorevelacionfm.cl\/wp-content\/uploads\/2025\/06\/foto-21-1_optimized-600x393.jpg 600w\" sizes=\"(max-width: 917px) 100vw, 917px\" \/><\/div><\/div><\/div><\/div><div class=\"flex_column av_one_full  flex_column_div av-zero-column-padding first  avia-builder-el-2  el_after_av_one_full  el_before_av_one_full  column-top-margin\" style='border-radius:0px; '><section class=\"av_textblock_section \"  itemscope=\"itemscope\" itemtype=\"https:\/\/schema.org\/BlogPosting\" itemprop=\"blogPost\" ><div class='avia_textblock  '   itemprop=\"text\" ><p style=\"text-align: center;\"><strong><span style=\"font-size: 18pt;\">Senadora \u00d3rdenes sobre proyecto de eutanasia: espero que el proyecto avance y que no haya vetos al di\u00e1logo<\/span><\/strong><\/p>\n<div id=\"gtx-trans\" style=\"position: absolute; left: -50px; top: 4.31534px;\">\n<div class=\"gtx-trans-icon\"><\/div>\n<\/div>\n<\/div><\/section><\/div><div class=\"flex_column av_one_full  flex_column_div av-zero-column-padding first  avia-builder-el-4  el_after_av_one_full  el_before_av_hr  column-top-margin\" style='border-radius:0px; '><section class=\"av_textblock_section \"  itemscope=\"itemscope\" itemtype=\"https:\/\/schema.org\/BlogPosting\" itemprop=\"blogPost\" ><div class='avia_textblock  '   itemprop=\"text\" ><p style=\"text-align: justify;\">La senadora por la regi\u00f3n de Ays\u00e9n, Ximena \u00d3rdenes Neira, fue enf\u00e1tica en su intervenci\u00f3n en la Comisi\u00f3n de Salud del Senado, donde se discute el proyecto de ley que establece el derecho a optar voluntariamente para recibir asistencia m\u00e9dica y acelerar la muerte en caso de enfermedad terminal e incurable. Conocida como ley de eutanasia.<\/p>\n<p style=\"text-align: justify;\">La legisladora destac\u00f3 que el debate se est\u00e9 dando, pese a ser un tema con una carga val\u00f3rica importante, sosteniendo que, como pa\u00eds, \u201ctenemos la oportunidad de llegar a un buen puerto con esta ley\u201d. Al mismo tiempo, se\u00f1al\u00f3 que \u201cobviamente, en los requisitos y procedimientos, es donde vamos a ser m\u00e1s rigurosos\u201d.<\/p>\n<p style=\"text-align: justify;\">\u201cIniciamos el debate y an\u00e1lisis sobre la conocida ley de eutanasia\u201d, destac\u00f3 la representante aysenina, terminada la instancia. \u201cSin dudas, es un tema que pertenece a lo que conocemos como la agenda val\u00f3rica. Temas que tienen complejidades y diversidad de opiniones. Lo importante es que estos debates hist\u00f3ricamente se han dado en el Congreso Nacional\u201d, insisti\u00f3.<\/p>\n<p style=\"text-align: justify;\">\u201cHoy este proyecto de ley est\u00e1 en su segundo tr\u00e1mite en la Comisi\u00f3n de Salud del Senado y esperamos darles celeridad\u201d, continu\u00f3 la parlamentaria, insistiendo en la idea de que \u201chay que hablar de la muerte digna -muerte asistida-, en casos de enfermedades graves, incurables o terminales\u201d.<\/p>\n<p style=\"text-align: justify;\">Sobre los tiempos de tramitaci\u00f3n, la legisladora tambi\u00e9n dio cuenta de que \u201ceste es un proceso mucho m\u00e1s amplio. Yo lo que espero del trabajo que realicemos en la Comisi\u00f3n, es que el proyecto avance, que no haya vetos al di\u00e1logo y que finalmente garanticemos una ley que reconoce la eutanasia en Chile\u201d.<\/p>\n<p style=\"text-align: justify;\">En tanto, la senadora tambi\u00e9n destac\u00f3 el debate en sus redes sociales, donde se le vio convencida de la idea de que se debe avanzar hacia una muerte digna. Ordenes llam\u00f3 al debate para encontrar opiniones entre sus seguidores respecto a un tema que desde 2018 se ha mantenido por sobre un 70% de aprobaci\u00f3n en las distintas mediciones que ha realizado la encuesta Cadem a nivel nacional.<\/p>\n<\/div><\/section><\/div><div  style='height:50px' class='hr hr-invisible   avia-builder-el-6  el_after_av_one_full  el_before_av_social_share '><span class='hr-inner ' ><span class='hr-inner-style'><\/span><\/span><\/div><\/p>\n<div  class='av-social-sharing-box  avia-builder-el-7  el_after_av_hr  el_before_av_hr  '><div class='av-share-box'><h5 class='av-share-link-description av-no-toc '>Compartir esta noticia<\/h5><ul class='av-share-box-list noLightbox'><li class='av-share-link av-social-link-facebook' ><a target=\"_blank\" aria-label=\"Compartir en Facebook\" href='https:\/\/www.facebook.com\/sharer.php?u=https:\/\/radiorevelacionfm.cl\/?p=55451&#038;t=Senadora%20%C3%93rdenes%20sobre%20proyecto%20de%20eutanasia%3A%20espero%20que%20el%20proyecto%20avance%20y%20que%20no%20haya%20vetos%20al%20di%C3%A1logo' aria-hidden='false' data-av_icon='\ue8f3' data-av_iconfont='entypo-fontello' title='' data-avia-related-tooltip='Compartir en Facebook' rel=\"noopener\"><span class='avia_hidden_link_text'>Compartir en Facebook<\/span><\/a><\/li><li class='av-share-link av-social-link-twitter' ><a target=\"_blank\" aria-label=\"Compartir en Twitter\" href='https:\/\/twitter.com\/share?text=Senadora%20%C3%93rdenes%20sobre%20proyecto%20de%20eutanasia%3A%20espero%20que%20el%20proyecto%20avance%20y%20que%20no%20haya%20vetos%20al%20di%C3%A1logo&#038;url=https:\/\/radiorevelacionfm.cl\/?p=55451' aria-hidden='false' data-av_icon='\ue8f1' data-av_iconfont='entypo-fontello' title='' data-avia-related-tooltip='Compartir en Twitter' rel=\"noopener\"><span class='avia_hidden_link_text'>Compartir en Twitter<\/span><\/a><\/li><li class='av-share-link av-social-link-whatsapp' ><a target=\"_blank\" aria-label=\"Compartir en Whatsapp\" href='https:\/\/api.whatsapp.com\/send?text=https:\/\/radiorevelacionfm.cl\/?p=55451' aria-hidden='false' data-av_icon='\uf232' data-av_iconfont='entypo-fontello' title='' data-avia-related-tooltip='Compartir en Whatsapp' rel=\"noopener\"><span class='avia_hidden_link_text'>Compartir en Whatsapp<\/span><\/a><\/li><li class='av-share-link av-social-link-linkedin' ><a target=\"_blank\" aria-label=\"Compartir en LinkedIn\" href='https:\/\/linkedin.com\/shareArticle?mini=true&#038;title=Senadora%20%C3%93rdenes%20sobre%20proyecto%20de%20eutanasia%3A%20espero%20que%20el%20proyecto%20avance%20y%20que%20no%20haya%20vetos%20al%20di%C3%A1logo&#038;url=https:\/\/radiorevelacionfm.cl\/?p=55451' aria-hidden='false' data-av_icon='\ue8fc' data-av_iconfont='entypo-fontello' title='' data-avia-related-tooltip='Compartir en LinkedIn' rel=\"noopener\"><span class='avia_hidden_link_text'>Compartir en LinkedIn<\/span><\/a><\/li><li class='av-share-link av-social-link-mail' ><a  aria-label=\"Compartir por correo\" href='mailto:?subject=Senadora%20%C3%93rdenes%20sobre%20proyecto%20de%20eutanasia%3A%20espero%20que%20el%20proyecto%20avance%20y%20que%20no%20haya%20vetos%20al%20di%C3%A1logo&#038;body=https:\/\/radiorevelacionfm.cl\/?p=55451' aria-hidden='false' data-av_icon='\ue805' data-av_iconfont='entypo-fontello' title='' data-avia-related-tooltip='Compartir por correo'><span class='avia_hidden_link_text'>Compartir por correo<\/span><\/a><\/li><\/ul><\/div><\/div>\n<div  style='height:50px' class='hr hr-invisible   avia-builder-el-8  el_after_av_social_share  el_before_av_comments_list '><span class='hr-inner ' ><span class='hr-inner-style'><\/span><\/span><\/div>\n<div  class='av-buildercomment  av-blog-meta-html-info-disabled av-blog-meta-tag-disabled  '><\/div>\n","protected":false},"excerpt":{"rendered":"","protected":false},"author":1,"featured_media":55452,"comment_status":"closed","ping_status":"closed","sticky":false,"template":"","format":"standard","meta":{"footnotes":""},"categories":[35],"tags":[],"class_list":["post-55451","post","type-post","status-publish","format-standard","has-post-thumbnail","hentry","category-politica"],"jetpack_featured_media_url":"https:\/\/radiorevelacionfm.cl\/wp-content\/uploads\/2025\/06\/foto-21-1_optimized.jpg","_links":{"self":[{"href":"https:\/\/radiorevelacionfm.cl\/index.php?rest_route=\/wp\/v2\/posts\/55451","targetHints":{"allow":["GET"]}}],"collection":[{"href":"https:\/\/radiorevelacionfm.cl\/index.php?rest_route=\/wp\/v2\/posts"}],"about":[{"href":"https:\/\/radiorevelacionfm.cl\/index.php?rest_route=\/wp\/v2\/types\/post"}],"author":[{"embeddable":true,"href":"https:\/\/radiorevelacionfm.cl\/index.php?rest_route=\/wp\/v2\/users\/1"}],"replies":[{"embeddable":true,"href":"https:\/\/radiorevelacionfm.cl\/index.php?rest_route=%2Fwp%2Fv2%2Fcomments&post=55451"}],"version-history":[{"count":2,"href":"https:\/\/radiorevelacionfm.cl\/index.php?rest_route=\/wp\/v2\/posts\/55451\/revisions"}],"predecessor-version":[{"id":55460,"href":"https:\/\/radiorevelacionfm.cl\/index.php?rest_route=\/wp\/v2\/posts\/55451\/revisions\/55460"}],"wp:featuredmedia":[{"embeddable":true,"href":"https:\/\/radiorevelacionfm.cl\/index.php?rest_route=\/wp\/v2\/media\/55452"}],"wp:attachment":[{"href":"https:\/\/radiorevelacionfm.cl\/index.php?rest_route=%2Fwp%2Fv2%2Fmedia&parent=55451"}],"wp:term":[{"taxonomy":"category","embeddable":true,"href":"https:\/\/radiorevelacionfm.cl\/index.php?rest_route=%2Fwp%2Fv2%2Fcategories&post=55451"},{"taxonomy":"post_tag","embeddable":true,"href":"https:\/\/radiorevelacionfm.cl\/index.php?rest_route=%2Fwp%2Fv2%2Ftags&post=55451"}],"curies":[{"name":"wp","href":"https:\/\/api.w.org\/{rel}","templated":true}]}}