{"id":55445,"date":"2025-06-18T21:36:46","date_gmt":"2025-06-19T00:36:46","guid":{"rendered":"https:\/\/radiorevelacionfm.cl\/?p=55445"},"modified":"2025-06-18T21:36:46","modified_gmt":"2025-06-19T00:36:46","slug":"fiscalia-logro-veredicto-condenatorio-por-homicidio-ocurrido-en-salon-de-eventos-en-coyhaique","status":"publish","type":"post","link":"https:\/\/radiorevelacionfm.cl\/?p=55445","title":{"rendered":"Fiscal\u00eda logr\u00f3 veredicto condenatorio por homicidio ocurrido en sal\u00f3n de eventos en Coyhaique"},"content":{"rendered":"<div class=\"flex_column av_one_full  flex_column_div av-zero-column-padding first  avia-builder-el-0  el_before_av_one_full  avia-builder-el-first  \" style='border-radius:0px; '><div  class='avia-image-container  av-styling-    avia-builder-el-1  avia-builder-el-no-sibling  avia-align-center '  itemprop=\"image\" itemscope=\"itemscope\" itemtype=\"https:\/\/schema.org\/ImageObject\"  ><div class='avia-image-container-inner'><div class='avia-image-overlay-wrap'><img decoding=\"async\" class='wp-image-55446 avia-img-lazy-loading-not-55446 avia_image' src=\"https:\/\/radiorevelacionfm.cl\/wp-content\/uploads\/2025\/06\/2-2025-06-18T192003.329-1-1.jpg\" alt='' title='2 - 2025-06-18T192003.329 (1) (1)' height=\"600\" width=\"900\"  itemprop=\"thumbnailUrl\" srcset=\"https:\/\/radiorevelacionfm.cl\/wp-content\/uploads\/2025\/06\/2-2025-06-18T192003.329-1-1.jpg 900w, https:\/\/radiorevelacionfm.cl\/wp-content\/uploads\/2025\/06\/2-2025-06-18T192003.329-1-1-300x200.jpg 300w, https:\/\/radiorevelacionfm.cl\/wp-content\/uploads\/2025\/06\/2-2025-06-18T192003.329-1-1-768x512.jpg 768w, https:\/\/radiorevelacionfm.cl\/wp-content\/uploads\/2025\/06\/2-2025-06-18T192003.329-1-1-705x470.jpg 705w, https:\/\/radiorevelacionfm.cl\/wp-content\/uploads\/2025\/06\/2-2025-06-18T192003.329-1-1-450x300.jpg 450w, https:\/\/radiorevelacionfm.cl\/wp-content\/uploads\/2025\/06\/2-2025-06-18T192003.329-1-1-600x400.jpg 600w\" sizes=\"(max-width: 900px) 100vw, 900px\" \/><\/div><\/div><\/div><\/div><div class=\"flex_column av_one_full  flex_column_div av-zero-column-padding first  avia-builder-el-2  el_after_av_one_full  el_before_av_one_full  column-top-margin\" style='border-radius:0px; '><section class=\"av_textblock_section \"  itemscope=\"itemscope\" itemtype=\"https:\/\/schema.org\/BlogPosting\" itemprop=\"blogPost\" ><div class='avia_textblock  '   itemprop=\"text\" ><p style=\"text-align: center;\"><b><span style=\"font-size: 18pt;\">Fiscal\u00eda logr\u00f3 veredicto condenatorio por homicidio ocurrido en sal\u00f3n de eventos en Coyhaique<\/span>\u00a0<\/b><\/p>\n<div id=\"gtx-trans\" style=\"position: absolute; left: -50px; top: 4.31534px;\">\n<div class=\"gtx-trans-icon\"><\/div>\n<\/div>\n<\/div><\/section><\/div><div class=\"flex_column av_one_full  flex_column_div av-zero-column-padding first  avia-builder-el-4  el_after_av_one_full  el_before_av_hr  column-top-margin\" style='border-radius:0px; '><section class=\"av_textblock_section \"  itemscope=\"itemscope\" itemtype=\"https:\/\/schema.org\/BlogPosting\" itemprop=\"blogPost\" ><div class='avia_textblock  '   itemprop=\"text\" ><p style=\"font-weight: 400; text-align: justify;\">\u201cEste caso se trabaj\u00f3 desde un comienzo con la Polic\u00eda de Investigaciones, particularmente con la Brigada de Homicidios, con apoyo y asistido tambi\u00e9n por personal de Lacrim de la PDI\u201d, detall\u00f3 el fiscal Mat\u00edas Manzano.<\/p>\n<p style=\"font-weight: 400; text-align: justify;\">La Fiscal\u00eda Local de Coyhaique obtuvo un veredicto condenatorio en el juicio oral seguido en contra de dos acusados, de 33 y 43 a\u00f1os, por un homicidio ocurrido en mayo del a\u00f1o 2024, al interior de un sal\u00f3n de eventos ubicado en avenida Baquedano.<\/p>\n<p style=\"font-weight: 400; text-align: justify;\">Seg\u00fan inform\u00f3 el fiscal adjunto (s) Mat\u00edas Manzano, \u201cluego de dos d\u00edas de juicio oral, se comunic\u00f3 el veredicto, el cual fue en car\u00e1cter de condenatorio para ambos acusados\u201d, dijo.<\/p>\n<p style=\"font-weight: 400; text-align: justify;\">Uno de los imputados fue condenado como autor material del delito. En palabras de Mat\u00edas Manzano, se catalog\u00f3 esta situaci\u00f3n \u201ccomo que era el autor material del hecho en su completitud, que es la persona que en definitiva agred\u00eda en todas las ocasiones a la v\u00edctima\u201d. En tanto, el segundo sujeto fue condenado como c\u00f3mplice, \u201cpor haber cooperado en la ejecuci\u00f3n del mismo hecho de apu\u00f1alar a esta v\u00edctima\u201d.<\/p>\n<p style=\"font-weight: 400; text-align: justify;\">PENAS<\/p>\n<p style=\"font-weight: 400; text-align: justify;\">El tribunal adem\u00e1s resolvi\u00f3 recalificar el delito. Al respecto, el fiscal (s) indic\u00f3 que \u201ceste veredicto tambi\u00e9n contempl\u00f3 una recalificaci\u00f3n del hecho, como se le denomina, consistente en que, sin perjuicio de que sigue siendo un homicidio, pas\u00f3 de ser un homicidio calificado, que era lo que sosten\u00eda la Fiscal\u00eda en su acusaci\u00f3n, a ser un homicidio simple\u201d.<\/p>\n<p style=\"font-weight: 400; text-align: justify;\">Pese a esta recalificaci\u00f3n, las penas que arriesgan los acusados siguen siendo elevadas. \u201cEl autor arriesga una pena que va de los diez a\u00f1os y un d\u00eda a 20 a\u00f1os, que es lo que ped\u00edamos como Fiscal\u00eda y, por su parte, el c\u00f3mplice tendr\u00e1 o arriesga una pena que va desde los cinco a\u00f1os y un d\u00eda hasta los diez a\u00f1os y, por la entidad de ambas penas, por la cantidad de a\u00f1os que arriesgan, evidentemente la condena de cualquiera de ellos ser\u00e1 de cumplimiento efectivo en un recinto penitenciario\u201d, explic\u00f3 el fiscal (s).<\/p>\n<p style=\"font-weight: 400; text-align: justify;\">Este caso fue investigado desde sus inicios por la Fiscal\u00eda Local de Coyhaique en conjunto con la Polic\u00eda de Investigaciones. \u201cEste caso se trabaj\u00f3 desde un comienzo con la Polic\u00eda de Investigaciones, particularmente con la Brigada de Homicidios de Polic\u00eda de Investigaciones, con apoyo y asistido tambi\u00e9n por personal de Lacrim de la Polic\u00eda de Investigaciones\u201d, detall\u00f3 el fiscal Manzano.<\/p>\n<p style=\"font-weight: 400; text-align: justify;\">HECHOS<\/p>\n<p style=\"font-weight: 400; text-align: justify;\">De acuerdo con la acusaci\u00f3n de la Fiscal\u00eda, el 4 de mayo de 2024, alrededor de las 02:30 horas, los imputados se encontraban compartiendo bebidas alcoh\u00f3licas al interior de un sal\u00f3n de eventos en Coyhaique, mientras la v\u00edctima se encontraba en la mesa contigua. Esta \u00faltima comenz\u00f3 a realizar gestos obscenos e insultos hacia los imputados.<\/p>\n<p style=\"font-weight: 400; text-align: justify;\">En ese contexto, uno de los acusados se levant\u00f3, sac\u00f3 un cuchillo que portaba al cinto y atac\u00f3 a la v\u00edctima, quien intent\u00f3 retroceder. El segundo imputado tambi\u00e9n se par\u00f3, lo persigui\u00f3 y se le arroj\u00f3 encima, sujet\u00e1ndolo, lo que imposibilit\u00f3 que se defendiera mientras el primer acusado lo apu\u00f1alaba reiteradamente. Aun lesionada, la v\u00edctima intent\u00f3 escapar, pero fue alcanzada y nuevamente apu\u00f1alada. Terceras personas intentaron intervenir, sin \u00e9xito, ya que el coimputado los alej\u00f3.<\/p>\n<p style=\"font-weight: 400; text-align: justify;\">La v\u00edctima falleci\u00f3 producto de un shock hemorr\u00e1gico tras recibir 27 pu\u00f1aladas.<\/p>\n<p style=\"font-weight: 400; text-align: justify;\">PRUEBA<\/p>\n<p style=\"font-weight: 400; text-align: justify;\">Durante el juicio, la Fiscal\u00eda estuvo en condiciones de presentar m\u00e1s de 7 testigos y peritos, junto a otros 26 medios de prueba recabados en el marco de una investigaci\u00f3n desarrollada junto a la Brigada de Homicidios y el Laboratorio de Criminal\u00edstica de la PDI. Ambos imputados, de 33 y 43 a\u00f1os, permanecen recluidos en el Centro de Cumplimiento Penitenciario de Coyhaique.<\/p>\n<p style=\"font-weight: 400; text-align: justify;\">La audiencia de lectura de sentencia se realizar\u00e1 viernes 27 de junio a las 15.20 horas en el Tribunal de Juicio Oral en lo Penal de Coyhaique.<\/p>\n<\/div><\/section><\/div><div  style='height:50px' class='hr hr-invisible   avia-builder-el-6  el_after_av_one_full  el_before_av_social_share '><span class='hr-inner ' ><span class='hr-inner-style'><\/span><\/span><\/div><\/p>\n<div  class='av-social-sharing-box  avia-builder-el-7  el_after_av_hr  el_before_av_hr  '><div class='av-share-box'><h5 class='av-share-link-description av-no-toc '>Compartir esta noticia<\/h5><ul class='av-share-box-list noLightbox'><li class='av-share-link av-social-link-facebook' ><a target=\"_blank\" aria-label=\"Compartir en Facebook\" href='https:\/\/www.facebook.com\/sharer.php?u=https:\/\/radiorevelacionfm.cl\/?p=55445&#038;t=Fiscal%C3%ADa%20logr%C3%B3%20veredicto%20condenatorio%20por%20homicidio%20ocurrido%20en%20sal%C3%B3n%20de%20eventos%20en%20Coyhaique' aria-hidden='false' data-av_icon='\ue8f3' data-av_iconfont='entypo-fontello' title='' data-avia-related-tooltip='Compartir en Facebook' rel=\"noopener\"><span class='avia_hidden_link_text'>Compartir en Facebook<\/span><\/a><\/li><li class='av-share-link av-social-link-twitter' ><a target=\"_blank\" aria-label=\"Compartir en Twitter\" href='https:\/\/twitter.com\/share?text=Fiscal%C3%ADa%20logr%C3%B3%20veredicto%20condenatorio%20por%20homicidio%20ocurrido%20en%20sal%C3%B3n%20de%20eventos%20en%20Coyhaique&#038;url=https:\/\/radiorevelacionfm.cl\/?p=55445' aria-hidden='false' data-av_icon='\ue8f1' data-av_iconfont='entypo-fontello' title='' data-avia-related-tooltip='Compartir en Twitter' rel=\"noopener\"><span class='avia_hidden_link_text'>Compartir en Twitter<\/span><\/a><\/li><li class='av-share-link av-social-link-whatsapp' ><a target=\"_blank\" aria-label=\"Compartir en Whatsapp\" href='https:\/\/api.whatsapp.com\/send?text=https:\/\/radiorevelacionfm.cl\/?p=55445' aria-hidden='false' data-av_icon='\uf232' data-av_iconfont='entypo-fontello' title='' data-avia-related-tooltip='Compartir en Whatsapp' rel=\"noopener\"><span class='avia_hidden_link_text'>Compartir en Whatsapp<\/span><\/a><\/li><li class='av-share-link av-social-link-linkedin' ><a target=\"_blank\" aria-label=\"Compartir en LinkedIn\" href='https:\/\/linkedin.com\/shareArticle?mini=true&#038;title=Fiscal%C3%ADa%20logr%C3%B3%20veredicto%20condenatorio%20por%20homicidio%20ocurrido%20en%20sal%C3%B3n%20de%20eventos%20en%20Coyhaique&#038;url=https:\/\/radiorevelacionfm.cl\/?p=55445' aria-hidden='false' data-av_icon='\ue8fc' data-av_iconfont='entypo-fontello' title='' data-avia-related-tooltip='Compartir en LinkedIn' rel=\"noopener\"><span class='avia_hidden_link_text'>Compartir en LinkedIn<\/span><\/a><\/li><li class='av-share-link av-social-link-mail' ><a  aria-label=\"Compartir por correo\" href='mailto:?subject=Fiscal%C3%ADa%20logr%C3%B3%20veredicto%20condenatorio%20por%20homicidio%20ocurrido%20en%20sal%C3%B3n%20de%20eventos%20en%20Coyhaique&#038;body=https:\/\/radiorevelacionfm.cl\/?p=55445' aria-hidden='false' data-av_icon='\ue805' data-av_iconfont='entypo-fontello' title='' data-avia-related-tooltip='Compartir por correo'><span class='avia_hidden_link_text'>Compartir por correo<\/span><\/a><\/li><\/ul><\/div><\/div>\n<div  style='height:50px' class='hr hr-invisible   avia-builder-el-8  el_after_av_social_share  el_before_av_comments_list '><span class='hr-inner ' ><span class='hr-inner-style'><\/span><\/span><\/div>\n<div  class='av-buildercomment  av-blog-meta-html-info-disabled av-blog-meta-tag-disabled  '><\/div>\n","protected":false},"excerpt":{"rendered":"","protected":false},"author":1,"featured_media":55446,"comment_status":"closed","ping_status":"closed","sticky":false,"template":"","format":"standard","meta":{"footnotes":""},"categories":[55],"tags":[],"class_list":["post-55445","post","type-post","status-publish","format-standard","has-post-thumbnail","hentry","category-justicia"],"jetpack_featured_media_url":"https:\/\/radiorevelacionfm.cl\/wp-content\/uploads\/2025\/06\/2-2025-06-18T192003.329-1-1.jpg","_links":{"self":[{"href":"https:\/\/radiorevelacionfm.cl\/index.php?rest_route=\/wp\/v2\/posts\/55445","targetHints":{"allow":["GET"]}}],"collection":[{"href":"https:\/\/radiorevelacionfm.cl\/index.php?rest_route=\/wp\/v2\/posts"}],"about":[{"href":"https:\/\/radiorevelacionfm.cl\/index.php?rest_route=\/wp\/v2\/types\/post"}],"author":[{"embeddable":true,"href":"https:\/\/radiorevelacionfm.cl\/index.php?rest_route=\/wp\/v2\/users\/1"}],"replies":[{"embeddable":true,"href":"https:\/\/radiorevelacionfm.cl\/index.php?rest_route=%2Fwp%2Fv2%2Fcomments&post=55445"}],"version-history":[{"count":2,"href":"https:\/\/radiorevelacionfm.cl\/index.php?rest_route=\/wp\/v2\/posts\/55445\/revisions"}],"predecessor-version":[{"id":55456,"href":"https:\/\/radiorevelacionfm.cl\/index.php?rest_route=\/wp\/v2\/posts\/55445\/revisions\/55456"}],"wp:featuredmedia":[{"embeddable":true,"href":"https:\/\/radiorevelacionfm.cl\/index.php?rest_route=\/wp\/v2\/media\/55446"}],"wp:attachment":[{"href":"https:\/\/radiorevelacionfm.cl\/index.php?rest_route=%2Fwp%2Fv2%2Fmedia&parent=55445"}],"wp:term":[{"taxonomy":"category","embeddable":true,"href":"https:\/\/radiorevelacionfm.cl\/index.php?rest_route=%2Fwp%2Fv2%2Fcategories&post=55445"},{"taxonomy":"post_tag","embeddable":true,"href":"https:\/\/radiorevelacionfm.cl\/index.php?rest_route=%2Fwp%2Fv2%2Ftags&post=55445"}],"curies":[{"name":"wp","href":"https:\/\/api.w.org\/{rel}","templated":true}]}}