{"id":55442,"date":"2025-06-19T10:35:09","date_gmt":"2025-06-19T13:35:09","guid":{"rendered":"https:\/\/radiorevelacionfm.cl\/?p=55442"},"modified":"2025-06-19T10:35:09","modified_gmt":"2025-06-19T13:35:09","slug":"escuela-gabriela-mistral-de-puerto-rio-tranquilo-se-suma-a-la-eficiencia-energetica-junto-a-edelaysen","status":"publish","type":"post","link":"https:\/\/radiorevelacionfm.cl\/?p=55442","title":{"rendered":"Escuela Gabriela Mistral de Puerto Rio Tranquilo se suma a la eficiencia energ\u00e9tica junto a Edelaysen"},"content":{"rendered":"<div class=\"flex_column av_one_full  flex_column_div av-zero-column-padding first  avia-builder-el-0  el_before_av_one_full  avia-builder-el-first  \" style='border-radius:0px; '><div  class='avia-image-container  av-styling-    avia-builder-el-1  avia-builder-el-no-sibling  avia-align-center '  itemprop=\"image\" itemscope=\"itemscope\" itemtype=\"https:\/\/schema.org\/ImageObject\"  ><div class='avia-image-container-inner'><div class='avia-image-overlay-wrap'><img decoding=\"async\" class='wp-image-55443 avia-img-lazy-loading-not-55443 avia_image' src=\"https:\/\/radiorevelacionfm.cl\/wp-content\/uploads\/2025\/06\/escuelas-con-energia-tranquilo-1-1_optimized.jpeg\" alt='' title='escuelas-con-energ\u00eda-tranquilo-(1)-(1)_optimized' height=\"600\" width=\"800\"  itemprop=\"thumbnailUrl\" srcset=\"https:\/\/radiorevelacionfm.cl\/wp-content\/uploads\/2025\/06\/escuelas-con-energia-tranquilo-1-1_optimized.jpeg 800w, https:\/\/radiorevelacionfm.cl\/wp-content\/uploads\/2025\/06\/escuelas-con-energia-tranquilo-1-1_optimized-300x225.jpeg 300w, https:\/\/radiorevelacionfm.cl\/wp-content\/uploads\/2025\/06\/escuelas-con-energia-tranquilo-1-1_optimized-768x576.jpeg 768w, https:\/\/radiorevelacionfm.cl\/wp-content\/uploads\/2025\/06\/escuelas-con-energia-tranquilo-1-1_optimized-705x529.jpeg 705w, https:\/\/radiorevelacionfm.cl\/wp-content\/uploads\/2025\/06\/escuelas-con-energia-tranquilo-1-1_optimized-450x338.jpeg 450w, https:\/\/radiorevelacionfm.cl\/wp-content\/uploads\/2025\/06\/escuelas-con-energia-tranquilo-1-1_optimized-600x450.jpeg 600w\" sizes=\"(max-width: 800px) 100vw, 800px\" \/><\/div><\/div><\/div><\/div><div class=\"flex_column av_one_full  flex_column_div av-zero-column-padding first  avia-builder-el-2  el_after_av_one_full  el_before_av_one_full  column-top-margin\" style='border-radius:0px; '><section class=\"av_textblock_section \"  itemscope=\"itemscope\" itemtype=\"https:\/\/schema.org\/BlogPosting\" itemprop=\"blogPost\" ><div class='avia_textblock  '   itemprop=\"text\" ><p style=\"text-align: center;\"><strong><span style=\"font-size: 18pt;\">Escuela Gabriela Mistral de Puerto Rio Tranquilo se suma a la eficiencia energ\u00e9tica junto a Edelaysen<\/span><\/strong><\/p>\n<div id=\"gtx-trans\" style=\"position: absolute; left: -50px; top: 4.31534px;\">\n<div class=\"gtx-trans-icon\"><\/div>\n<\/div>\n<\/div><\/section><\/div><div class=\"flex_column av_one_full  flex_column_div av-zero-column-padding first  avia-builder-el-4  el_after_av_one_full  el_before_av_hr  column-top-margin\" style='border-radius:0px; '><section class=\"av_textblock_section \"  itemscope=\"itemscope\" itemtype=\"https:\/\/schema.org\/BlogPosting\" itemprop=\"blogPost\" ><div class='avia_textblock  '   itemprop=\"text\" ><p style=\"text-align: justify;\"><em>A trav\u00e9s del programa \u201cEscuelas con Energ\u00eda\u201d, los ni\u00f1os disfrutaron de un momento lleno de sorpresas y una entretenida charla educativa sobre el cuidado de la energ\u00eda.<\/em><\/p>\n<p style=\"text-align: justify;\"><em>\u00a0<\/em>Con una actividad enmarcada por la participaci\u00f3n y el entusiasmo, Edelaysen visit\u00f3 la Escuela Gabriela Mistral de Puerto Rio Tranquilo a trav\u00e9s del programa de \u201cEscuelas con Energ\u00eda\u201d de Edelaysen junto a Grupo Saesa, el cual busca fomentar el uso responsable de la electricidad desde la primera infancia.<\/p>\n<p style=\"text-align: justify;\">Durante la actividad, a la que asistieron docentes y apoderados, los m\u00e1s peque\u00f1os recibieron una breve y did\u00e1ctica charla sobre c\u00f3mo cuidar la energ\u00eda, tanto en el hogar, como en la escuela, de manera adaptada a su edad y entorno. Adem\u00e1s, el establecimiento fue invitado oficialmente a participar de la competencia regional de eficiencia energ\u00e9tica, en la que tambi\u00e9n compiten otros cuatro colegios de la Regi\u00f3n de Ays\u00e9n.<\/p>\n<p style=\"text-align: justify;\">Yasna Vera, encargada de relacionamiento de Edelaysen coment\u00f3 \u201cNos alegra poder acompa\u00f1ar a la comunidad escolar no solo con acciones concretas para el invierno, sino tambi\u00e9n motivando a los ni\u00f1os a aprender sobre el uso responsable de la energ\u00eda. El programa de \u201cEscuelas con Energ\u00eda\u201d nos permite conectar con los m\u00e1s peque\u00f1os entreg\u00e1ndoles conocimientos sobre la electricidad e involucrarlos activamente en el cuidado de su entorno\u201d.<\/p>\n<p style=\"text-align: justify;\">De acuerdo con ello, la actividad incluy\u00f3 tambi\u00e9n la entrega de botitas y capas de lluvia para los m\u00e1s peque\u00f1os, adem\u00e1s de implementos que buscan hacer m\u00e1s entretenidos los recreos de invierno dentro del establecimiento, entendiendo las bajas temperaturas del clima en la Patagonia.<\/p>\n<p style=\"text-align: justify;\">Por su parte, la profesora encargada del establecimiento M\u00f3nica Arellano destac\u00f3 \u201cComo comunidad educativa estamos muy agradecidos de que hayan considerado nuestra escuela para participar en esta campa\u00f1a en el cuidado de la energ\u00eda. Nosotros como escuela tenemos sello ambiental as\u00ed es que son tem\u00e1ticas muy atingentes a lo que hacemos. Es por ello por lo que elegimos el nivel de transici\u00f3n para que sean los portadores de esta campa\u00f1a. Creemos que es el nivel que va a poder potenciar y llevar el mensaje hacia sus compa\u00f1eros de ense\u00f1anza b\u00e1sica y tambi\u00e9n a nuestras familias. As\u00ed es que estamos muy contentos y agradecidos de Edelaysen por considerarnos como Escuela Gabriela Mistral en esta campa\u00f1a\u201d.<\/p>\n<p style=\"text-align: justify;\">As\u00ed mismo Felipe Rozas, uno de los apoderados asistentes a la actividad mencion\u00f3 \u201cEntretenido lo encuentro y destacar la labor social de Edelaysen con las comunidades y localidades alejadas como lo estamos nosotros y lo m\u00e1s importante con los ni\u00f1os porque hacen conciencia desde la temprana edad acerca de la electricidad, del ahorro energ\u00e9tico, las energ\u00edas, todo y para ellos traerles estos presentes ya es todo. As\u00ed que como pap\u00e1 agradecido de la actividad\u201d.<\/p>\n<p style=\"text-align: justify;\">Con esta visita a la Escuela Gabriela Mistral de Puerto Rio Tranquilo, Edelaysen dio cierre al ciclo 2025 del programa \u201cEscuelas con Energ\u00eda\u201d, que este a\u00f1o se despleg\u00f3 por las comunas de Coyhaique, Lago Verde, Cisnes y Rio Ib\u00e1\u00f1ez con actividades centradas en el uso responsable de la energ\u00eda, el cuidado del entorno y el acompa\u00f1amiento a la comunidad escolar durante el invierno.<\/p>\n<\/div><\/section><\/div><div  style='height:50px' class='hr hr-invisible   avia-builder-el-6  el_after_av_one_full  el_before_av_social_share '><span class='hr-inner ' ><span class='hr-inner-style'><\/span><\/span><\/div><\/p>\n<div  class='av-social-sharing-box  avia-builder-el-7  el_after_av_hr  el_before_av_hr  '><div class='av-share-box'><h5 class='av-share-link-description av-no-toc '>Compartir esta noticia<\/h5><ul class='av-share-box-list noLightbox'><li class='av-share-link av-social-link-facebook' ><a target=\"_blank\" aria-label=\"Compartir en Facebook\" href='https:\/\/www.facebook.com\/sharer.php?u=https:\/\/radiorevelacionfm.cl\/?p=55442&#038;t=Escuela%20Gabriela%20Mistral%20de%20Puerto%20Rio%20Tranquilo%20se%20suma%20a%20la%20eficiencia%20energ%C3%A9tica%20junto%20a%20Edelaysen' aria-hidden='false' data-av_icon='\ue8f3' data-av_iconfont='entypo-fontello' title='' data-avia-related-tooltip='Compartir en Facebook' rel=\"noopener\"><span class='avia_hidden_link_text'>Compartir en Facebook<\/span><\/a><\/li><li class='av-share-link av-social-link-twitter' ><a target=\"_blank\" aria-label=\"Compartir en Twitter\" href='https:\/\/twitter.com\/share?text=Escuela%20Gabriela%20Mistral%20de%20Puerto%20Rio%20Tranquilo%20se%20suma%20a%20la%20eficiencia%20energ%C3%A9tica%20junto%20a%20Edelaysen&#038;url=https:\/\/radiorevelacionfm.cl\/?p=55442' aria-hidden='false' data-av_icon='\ue8f1' data-av_iconfont='entypo-fontello' title='' data-avia-related-tooltip='Compartir en Twitter' rel=\"noopener\"><span class='avia_hidden_link_text'>Compartir en Twitter<\/span><\/a><\/li><li class='av-share-link av-social-link-whatsapp' ><a target=\"_blank\" aria-label=\"Compartir en Whatsapp\" href='https:\/\/api.whatsapp.com\/send?text=https:\/\/radiorevelacionfm.cl\/?p=55442' aria-hidden='false' data-av_icon='\uf232' data-av_iconfont='entypo-fontello' title='' data-avia-related-tooltip='Compartir en Whatsapp' rel=\"noopener\"><span class='avia_hidden_link_text'>Compartir en Whatsapp<\/span><\/a><\/li><li class='av-share-link av-social-link-linkedin' ><a target=\"_blank\" aria-label=\"Compartir en LinkedIn\" href='https:\/\/linkedin.com\/shareArticle?mini=true&#038;title=Escuela%20Gabriela%20Mistral%20de%20Puerto%20Rio%20Tranquilo%20se%20suma%20a%20la%20eficiencia%20energ%C3%A9tica%20junto%20a%20Edelaysen&#038;url=https:\/\/radiorevelacionfm.cl\/?p=55442' aria-hidden='false' data-av_icon='\ue8fc' data-av_iconfont='entypo-fontello' title='' data-avia-related-tooltip='Compartir en LinkedIn' rel=\"noopener\"><span class='avia_hidden_link_text'>Compartir en LinkedIn<\/span><\/a><\/li><li class='av-share-link av-social-link-mail' ><a  aria-label=\"Compartir por correo\" href='mailto:?subject=Escuela%20Gabriela%20Mistral%20de%20Puerto%20Rio%20Tranquilo%20se%20suma%20a%20la%20eficiencia%20energ%C3%A9tica%20junto%20a%20Edelaysen&#038;body=https:\/\/radiorevelacionfm.cl\/?p=55442' aria-hidden='false' data-av_icon='\ue805' data-av_iconfont='entypo-fontello' title='' data-avia-related-tooltip='Compartir por correo'><span class='avia_hidden_link_text'>Compartir por correo<\/span><\/a><\/li><\/ul><\/div><\/div>\n<div  style='height:50px' class='hr hr-invisible   avia-builder-el-8  el_after_av_social_share  el_before_av_comments_list '><span class='hr-inner ' ><span class='hr-inner-style'><\/span><\/span><\/div>\n<div  class='av-buildercomment  av-blog-meta-html-info-disabled av-blog-meta-tag-disabled  '><\/div>\n","protected":false},"excerpt":{"rendered":"","protected":false},"author":1,"featured_media":55443,"comment_status":"closed","ping_status":"closed","sticky":false,"template":"","format":"standard","meta":{"footnotes":""},"categories":[38],"tags":[],"class_list":["post-55442","post","type-post","status-publish","format-standard","has-post-thumbnail","hentry","category-regional"],"jetpack_featured_media_url":"https:\/\/radiorevelacionfm.cl\/wp-content\/uploads\/2025\/06\/escuelas-con-energia-tranquilo-1-1_optimized.jpeg","_links":{"self":[{"href":"https:\/\/radiorevelacionfm.cl\/index.php?rest_route=\/wp\/v2\/posts\/55442","targetHints":{"allow":["GET"]}}],"collection":[{"href":"https:\/\/radiorevelacionfm.cl\/index.php?rest_route=\/wp\/v2\/posts"}],"about":[{"href":"https:\/\/radiorevelacionfm.cl\/index.php?rest_route=\/wp\/v2\/types\/post"}],"author":[{"embeddable":true,"href":"https:\/\/radiorevelacionfm.cl\/index.php?rest_route=\/wp\/v2\/users\/1"}],"replies":[{"embeddable":true,"href":"https:\/\/radiorevelacionfm.cl\/index.php?rest_route=%2Fwp%2Fv2%2Fcomments&post=55442"}],"version-history":[{"count":2,"href":"https:\/\/radiorevelacionfm.cl\/index.php?rest_route=\/wp\/v2\/posts\/55442\/revisions"}],"predecessor-version":[{"id":55458,"href":"https:\/\/radiorevelacionfm.cl\/index.php?rest_route=\/wp\/v2\/posts\/55442\/revisions\/55458"}],"wp:featuredmedia":[{"embeddable":true,"href":"https:\/\/radiorevelacionfm.cl\/index.php?rest_route=\/wp\/v2\/media\/55443"}],"wp:attachment":[{"href":"https:\/\/radiorevelacionfm.cl\/index.php?rest_route=%2Fwp%2Fv2%2Fmedia&parent=55442"}],"wp:term":[{"taxonomy":"category","embeddable":true,"href":"https:\/\/radiorevelacionfm.cl\/index.php?rest_route=%2Fwp%2Fv2%2Fcategories&post=55442"},{"taxonomy":"post_tag","embeddable":true,"href":"https:\/\/radiorevelacionfm.cl\/index.php?rest_route=%2Fwp%2Fv2%2Ftags&post=55442"}],"curies":[{"name":"wp","href":"https:\/\/api.w.org\/{rel}","templated":true}]}}