{"id":55438,"date":"2025-06-19T10:23:58","date_gmt":"2025-06-19T13:23:58","guid":{"rendered":"https:\/\/radiorevelacionfm.cl\/?p=55438"},"modified":"2025-06-19T10:23:58","modified_gmt":"2025-06-19T13:23:58","slug":"32-productoras-y-productores-egresan-del-primer-ciclo-del-programa-tas-en-aysen","status":"publish","type":"post","link":"https:\/\/radiorevelacionfm.cl\/?p=55438","title":{"rendered":"32 productoras y productores egresan del primer ciclo del Programa TAS en Ays\u00e9n"},"content":{"rendered":"<div class=\"flex_column av_one_full  flex_column_div av-zero-column-padding first  avia-builder-el-0  el_before_av_one_full  avia-builder-el-first  \" style='border-radius:0px; '><div  class='avia-image-container  av-styling-    avia-builder-el-1  avia-builder-el-no-sibling  avia-align-center '  itemprop=\"image\" itemscope=\"itemscope\" itemtype=\"https:\/\/schema.org\/ImageObject\"  ><div class='avia-image-container-inner'><div class='avia-image-overlay-wrap'><img decoding=\"async\" class='wp-image-55439 avia-img-lazy-loading-not-55439 avia_image' src=\"https:\/\/radiorevelacionfm.cl\/wp-content\/uploads\/2025\/06\/1z9a2496-1-1_optimized-1_optimized-1.jpg\" alt='' title='1z9a2496-(1)-(1)_optimized-(1)_optimized (1)' height=\"600\" width=\"972\"  itemprop=\"thumbnailUrl\" srcset=\"https:\/\/radiorevelacionfm.cl\/wp-content\/uploads\/2025\/06\/1z9a2496-1-1_optimized-1_optimized-1.jpg 972w, https:\/\/radiorevelacionfm.cl\/wp-content\/uploads\/2025\/06\/1z9a2496-1-1_optimized-1_optimized-1-300x185.jpg 300w, https:\/\/radiorevelacionfm.cl\/wp-content\/uploads\/2025\/06\/1z9a2496-1-1_optimized-1_optimized-1-768x474.jpg 768w, https:\/\/radiorevelacionfm.cl\/wp-content\/uploads\/2025\/06\/1z9a2496-1-1_optimized-1_optimized-1-705x435.jpg 705w, https:\/\/radiorevelacionfm.cl\/wp-content\/uploads\/2025\/06\/1z9a2496-1-1_optimized-1_optimized-1-450x278.jpg 450w, https:\/\/radiorevelacionfm.cl\/wp-content\/uploads\/2025\/06\/1z9a2496-1-1_optimized-1_optimized-1-600x370.jpg 600w\" sizes=\"(max-width: 972px) 100vw, 972px\" \/><\/div><\/div><\/div><\/div><div class=\"flex_column av_one_full  flex_column_div av-zero-column-padding first  avia-builder-el-2  el_after_av_one_full  el_before_av_one_full  column-top-margin\" style='border-radius:0px; '><section class=\"av_textblock_section \"  itemscope=\"itemscope\" itemtype=\"https:\/\/schema.org\/BlogPosting\" itemprop=\"blogPost\" ><div class='avia_textblock  '   itemprop=\"text\" ><p style=\"text-align: center;\"><strong><span style=\"font-size: 18pt;\">32 productoras y productores egresan del primer ciclo del Programa TAS en Ays\u00e9n<\/span><\/strong><\/p>\n<div id=\"gtx-trans\" style=\"position: absolute; left: -50px; top: 4.31534px;\">\n<div class=\"gtx-trans-icon\"><\/div>\n<\/div>\n<\/div><\/section><\/div><div class=\"flex_column av_one_full  flex_column_div av-zero-column-padding first  avia-builder-el-4  el_after_av_one_full  el_before_av_hr  column-top-margin\" style='border-radius:0px; '><section class=\"av_textblock_section \"  itemscope=\"itemscope\" itemtype=\"https:\/\/schema.org\/BlogPosting\" itemprop=\"blogPost\" ><div class='avia_textblock  '   itemprop=\"text\" ><p style=\"text-align: justify;\">Con la participaci\u00f3n de autoridades regionales, equipos t\u00e9cnicos y representantes del mundo campesino, se realiz\u00f3 en Ma\u00f1ihuales el Encuentro Regional de Egreso del Programa de Transici\u00f3n a la Agricultura Sostenible (TAS). Esta actividad marc\u00f3 el cierre del primer ciclo de la iniciativa en la Regi\u00f3n de Ays\u00e9n.<\/p>\n<p style=\"text-align: justify;\">Durante esta etapa, participaron productoras y productores de las comunas de Ays\u00e9n y Coyhaique, quienes durante dos a\u00f1os formaron parte activa del proceso de transici\u00f3n hacia pr\u00e1cticas m\u00e1s sostenibles en sus sistemas productivos.<\/p>\n<p style=\"text-align: justify;\">El encuentro fue encabezado por el seremi de Agricultura, Eugenio Ruiz, junto a la directora regional de INDAP, Yessica Lagos, y la directora de INIA Tamel Aike, Camila Reyes. A la ceremonia asistieron tambi\u00e9n jefes de \u00e1rea de INDAP e investigadoras e investigadores del INIA, quienes acompa\u00f1aron y brindaron apoyo t\u00e9cnico a las y los agricultores a lo largo de todo el programa.<\/p>\n<p style=\"text-align: justify;\">El Programa TAS es una iniciativa conjunta del Ministerio de Agricultura, INDAP e INIA, orientada a fortalecer las capacidades de los sistemas productivos agropecuarios mediante un enfoque sostenible y contextualizado a las realidades territoriales. En la Regi\u00f3n de Ays\u00e9n, su ejecuci\u00f3n se extendi\u00f3 entre septiembre de 2023 y junio de 2025, incluyendo asesor\u00edas t\u00e9cnicas en predios, talleres grupales, formulaci\u00f3n de proyectos de inversi\u00f3n y una gira t\u00e9cnica a El Bols\u00f3n, Argentina, donde se conocieron experiencias destacadas en producci\u00f3n agroecol\u00f3gica.<\/p>\n<p style=\"text-align: justify;\">Durante su intervenci\u00f3n, el seremi de Agricultura, Eugenio Ru\u00edz, destac\u00f3 la orientaci\u00f3n del Gobierno hacia una agricultura con mayor conciencia ambiental y comprometida con la soberan\u00eda alimentaria:<\/p>\n<p style=\"text-align: justify;\">\u201cQuiero relevar este esfuerzo que realiza el Ministerio de Agricultura, a trav\u00e9s de INDAP e INIA, para transitar desde una agricultura tradicional hacia una agroagricultura, donde las herramientas y conocimientos son fundamentales, especialmente en el cuidado de nuestros suelos (\u2026) Por eso, este trabajo desarrollado durante dos a\u00f1os ha sido fundamental\u201d, sostuvo.<\/p>\n<p style=\"text-align: justify;\">Por su parte, la directora de INDAP, Yessica Lagos, valor\u00f3 el trabajo articulado entre instituciones y el compromiso demostrado por las y los participantes. Enfatiz\u00f3 que este programa representa el inicio de un gran desaf\u00edo para la instituci\u00f3n: avanzar en la incorporaci\u00f3n progresiva del enfoque agroecol\u00f3gico en todos los programas del servicio, promoviendo sistemas productivos m\u00e1s sostenibles.<\/p>\n<p style=\"text-align: justify;\">\u201cEste ha sido un tremendo programa, desarrollado en conjunto con INIA, en el que participaron 32 agricultoras y agricultores. A lo largo del proceso, han aprendido e implementado pr\u00e1cticas agroecol\u00f3gicas, y estamos muy satisfechos con los resultados que hemos alcanzado\u201d, indic\u00f3.<\/p>\n<p style=\"text-align: justify;\">Uno de los momentos significativos del encuentro fue la entrega de diplomas de egreso a las 32 personas que completaron el proceso. La jornada incluy\u00f3 tambi\u00e9n un intercambio simb\u00f3lico de semillas, como forma de relevar el v\u00ednculo entre conocimientos tradicionales, territorio y comunidad.<\/p>\n<p style=\"text-align: justify;\">Durante el ciclo 2024\u20132025, el programa despleg\u00f3 un proceso formativo integral, que incluy\u00f3 asesor\u00edas t\u00e9cnicas especializadas en terreno, capacitaciones en temas como manejo de suelos, biodiversidad, gesti\u00f3n predial y comercializaci\u00f3n, adem\u00e1s de diagn\u00f3sticos individuales. Este trabajo se desarroll\u00f3 en los territorios de Coyhaique y Ays\u00e9n, y fue destacado por la directora de INIA Tamel Aike, Camila Reyes:<\/p>\n<p style=\"text-align: justify;\">\u201cEste programa nos ha permitido acompa\u00f1ar a productoras y productores hortofrut\u00edcolas en la implementaci\u00f3n de nuevas t\u00e9cnicas agroecol\u00f3gicas en sus sistemas productivos. Ha sido un espacio valioso para transferir conocimientos, pero tambi\u00e9n para aprender juntos y fortalecer nuestra cadena agroalimentaria\u201d, se\u00f1al\u00f3.<\/p>\n<p style=\"text-align: justify;\">Durante la ceremonia, se vivi\u00f3 un momento especialmente emotivo con el reconocimiento a tres productoras destacadas por su compromiso y activa participaci\u00f3n: Mar\u00eda Soledad Castillo (Coyhaique), Elena Gallardo (Ays\u00e9n) y Ver\u00f3nica Momberg (Ma\u00f1ihuales), quienes representan la experiencia de muchas mujeres rurales que han apostado por incorporar pr\u00e1cticas agroecol\u00f3gicas en sus predios.<\/p>\n<p style=\"text-align: justify;\">Mar\u00eda Soledad Castillo comparti\u00f3 c\u00f3mo este proceso de acompa\u00f1amiento transform\u00f3 su forma de cultivar y de mirar la tierra:<\/p>\n<p style=\"text-align: justify;\">\u201cAprendimos a cultivar nuestros productos de forma m\u00e1s sana, m\u00e1s r\u00e1pida, con un color verde hermoso, fresco. Porque entendimos que todo lo que viene de la tierra, vuelve a ella y nos entrega alimentos sanos. Trabajamos el suelo de forma org\u00e1nica, sin qu\u00edmicos. Usamos abonos, hojas, todo lo que nos sirva para cultivar lo que llevamos a la mesa\u201d, coment\u00f3 la productora de Ensenada Valle Simpson.<\/p>\n<p style=\"text-align: justify;\">Bernardita Lagos, productora de Villa Ma\u00f1ihuales, tambi\u00e9n valor\u00f3 profundamente los aprendizajes adquiridos:<\/p>\n<p style=\"text-align: justify;\">\u201cA veces tenemos todo, pero no sabemos c\u00f3mo usarlo. En estos cursos aprendimos much\u00edsimo, fueron muy buenos. Ojal\u00e1 esta cadena de sabidur\u00eda nunca se corte, porque realmente la necesitamos. Yo ya soy adulta mayor, pero estoy involucrando a mis nietos, a mis sobrinos, para que aprendan tambi\u00e9n. Para que tengan el conocimiento y puedan seguir en el campo, que es lo m\u00e1s hermoso que existe.\u201d<\/p>\n<p style=\"text-align: justify;\">Con este hito, se cierra una etapa de aprendizaje, colaboraci\u00f3n y compromiso con una agricultura m\u00e1s consciente y resiliente en la regi\u00f3n austral.<\/p>\n<\/div><\/section><\/div><div  style='height:50px' class='hr hr-invisible   avia-builder-el-6  el_after_av_one_full  el_before_av_social_share '><span class='hr-inner ' ><span class='hr-inner-style'><\/span><\/span><\/div><\/p>\n<div  class='av-social-sharing-box  avia-builder-el-7  el_after_av_hr  el_before_av_hr  '><div class='av-share-box'><h5 class='av-share-link-description av-no-toc '>Compartir esta noticia<\/h5><ul class='av-share-box-list noLightbox'><li class='av-share-link av-social-link-facebook' ><a target=\"_blank\" aria-label=\"Compartir en Facebook\" href='https:\/\/www.facebook.com\/sharer.php?u=https:\/\/radiorevelacionfm.cl\/?p=55438&#038;t=32%20productoras%20y%20productores%20egresan%20del%20primer%20ciclo%20del%20Programa%20TAS%20en%20Ays%C3%A9n' aria-hidden='false' data-av_icon='\ue8f3' data-av_iconfont='entypo-fontello' title='' data-avia-related-tooltip='Compartir en Facebook' rel=\"noopener\"><span class='avia_hidden_link_text'>Compartir en Facebook<\/span><\/a><\/li><li class='av-share-link av-social-link-twitter' ><a target=\"_blank\" aria-label=\"Compartir en Twitter\" href='https:\/\/twitter.com\/share?text=32%20productoras%20y%20productores%20egresan%20del%20primer%20ciclo%20del%20Programa%20TAS%20en%20Ays%C3%A9n&#038;url=https:\/\/radiorevelacionfm.cl\/?p=55438' aria-hidden='false' data-av_icon='\ue8f1' data-av_iconfont='entypo-fontello' title='' data-avia-related-tooltip='Compartir en Twitter' rel=\"noopener\"><span class='avia_hidden_link_text'>Compartir en Twitter<\/span><\/a><\/li><li class='av-share-link av-social-link-whatsapp' ><a target=\"_blank\" aria-label=\"Compartir en Whatsapp\" href='https:\/\/api.whatsapp.com\/send?text=https:\/\/radiorevelacionfm.cl\/?p=55438' aria-hidden='false' data-av_icon='\uf232' data-av_iconfont='entypo-fontello' title='' data-avia-related-tooltip='Compartir en Whatsapp' rel=\"noopener\"><span class='avia_hidden_link_text'>Compartir en Whatsapp<\/span><\/a><\/li><li class='av-share-link av-social-link-linkedin' ><a target=\"_blank\" aria-label=\"Compartir en LinkedIn\" href='https:\/\/linkedin.com\/shareArticle?mini=true&#038;title=32%20productoras%20y%20productores%20egresan%20del%20primer%20ciclo%20del%20Programa%20TAS%20en%20Ays%C3%A9n&#038;url=https:\/\/radiorevelacionfm.cl\/?p=55438' aria-hidden='false' data-av_icon='\ue8fc' data-av_iconfont='entypo-fontello' title='' data-avia-related-tooltip='Compartir en LinkedIn' rel=\"noopener\"><span class='avia_hidden_link_text'>Compartir en LinkedIn<\/span><\/a><\/li><li class='av-share-link av-social-link-mail' ><a  aria-label=\"Compartir por correo\" href='mailto:?subject=32%20productoras%20y%20productores%20egresan%20del%20primer%20ciclo%20del%20Programa%20TAS%20en%20Ays%C3%A9n&#038;body=https:\/\/radiorevelacionfm.cl\/?p=55438' aria-hidden='false' data-av_icon='\ue805' data-av_iconfont='entypo-fontello' title='' data-avia-related-tooltip='Compartir por correo'><span class='avia_hidden_link_text'>Compartir por correo<\/span><\/a><\/li><\/ul><\/div><\/div>\n<div  style='height:50px' class='hr hr-invisible   avia-builder-el-8  el_after_av_social_share  el_before_av_comments_list '><span class='hr-inner ' ><span class='hr-inner-style'><\/span><\/span><\/div>\n<div  class='av-buildercomment  av-blog-meta-html-info-disabled av-blog-meta-tag-disabled  '><\/div>\n","protected":false},"excerpt":{"rendered":"","protected":false},"author":1,"featured_media":55439,"comment_status":"closed","ping_status":"closed","sticky":false,"template":"","format":"standard","meta":{"footnotes":""},"categories":[58],"tags":[],"class_list":["post-55438","post","type-post","status-publish","format-standard","has-post-thumbnail","hentry","category-agricultura"],"jetpack_featured_media_url":"https:\/\/radiorevelacionfm.cl\/wp-content\/uploads\/2025\/06\/1z9a2496-1-1_optimized-1_optimized-1.jpg","_links":{"self":[{"href":"https:\/\/radiorevelacionfm.cl\/index.php?rest_route=\/wp\/v2\/posts\/55438","targetHints":{"allow":["GET"]}}],"collection":[{"href":"https:\/\/radiorevelacionfm.cl\/index.php?rest_route=\/wp\/v2\/posts"}],"about":[{"href":"https:\/\/radiorevelacionfm.cl\/index.php?rest_route=\/wp\/v2\/types\/post"}],"author":[{"embeddable":true,"href":"https:\/\/radiorevelacionfm.cl\/index.php?rest_route=\/wp\/v2\/users\/1"}],"replies":[{"embeddable":true,"href":"https:\/\/radiorevelacionfm.cl\/index.php?rest_route=%2Fwp%2Fv2%2Fcomments&post=55438"}],"version-history":[{"count":2,"href":"https:\/\/radiorevelacionfm.cl\/index.php?rest_route=\/wp\/v2\/posts\/55438\/revisions"}],"predecessor-version":[{"id":55457,"href":"https:\/\/radiorevelacionfm.cl\/index.php?rest_route=\/wp\/v2\/posts\/55438\/revisions\/55457"}],"wp:featuredmedia":[{"embeddable":true,"href":"https:\/\/radiorevelacionfm.cl\/index.php?rest_route=\/wp\/v2\/media\/55439"}],"wp:attachment":[{"href":"https:\/\/radiorevelacionfm.cl\/index.php?rest_route=%2Fwp%2Fv2%2Fmedia&parent=55438"}],"wp:term":[{"taxonomy":"category","embeddable":true,"href":"https:\/\/radiorevelacionfm.cl\/index.php?rest_route=%2Fwp%2Fv2%2Fcategories&post=55438"},{"taxonomy":"post_tag","embeddable":true,"href":"https:\/\/radiorevelacionfm.cl\/index.php?rest_route=%2Fwp%2Fv2%2Ftags&post=55438"}],"curies":[{"name":"wp","href":"https:\/\/api.w.org\/{rel}","templated":true}]}}