{"id":55435,"date":"2025-06-18T21:19:47","date_gmt":"2025-06-19T00:19:47","guid":{"rendered":"https:\/\/radiorevelacionfm.cl\/?p=55435"},"modified":"2025-06-18T21:19:47","modified_gmt":"2025-06-19T00:19:47","slug":"presidente-de-codesa-en-este-gobierno-insisten-en-bajarle-el-perfil-a-contaminacion-minera-en-alto-manihuales","status":"publish","type":"post","link":"https:\/\/radiorevelacionfm.cl\/?p=55435","title":{"rendered":"Presidente de CODESA: \u00abEn este gobierno insisten en bajarle el perfil a contaminaci\u00f3n minera en Alto Ma\u00f1ihuales\u00bb"},"content":{"rendered":"<div class=\"flex_column av_one_full  flex_column_div av-zero-column-padding first  avia-builder-el-0  el_before_av_one_full  avia-builder-el-first  \" style='border-radius:0px; '><div  class='avia-image-container  av-styling-    avia-builder-el-1  avia-builder-el-no-sibling  avia-align-center '  itemprop=\"image\" itemscope=\"itemscope\" itemtype=\"https:\/\/schema.org\/ImageObject\"  ><div class='avia-image-container-inner'><div class='avia-image-overlay-wrap'><img decoding=\"async\" class='wp-image-55436 avia-img-lazy-loading-not-55436 avia_image' src=\"https:\/\/radiorevelacionfm.cl\/wp-content\/uploads\/2025\/06\/relave-confluencia-alto-manihuales-1_optimized-1.jpg\" alt='' title='relave-confluencia-alto-ma\u00f1ihuales-(1)_optimized (1)' height=\"600\" width=\"1067\"  itemprop=\"thumbnailUrl\" srcset=\"https:\/\/radiorevelacionfm.cl\/wp-content\/uploads\/2025\/06\/relave-confluencia-alto-manihuales-1_optimized-1.jpg 1067w, https:\/\/radiorevelacionfm.cl\/wp-content\/uploads\/2025\/06\/relave-confluencia-alto-manihuales-1_optimized-1-300x169.jpg 300w, https:\/\/radiorevelacionfm.cl\/wp-content\/uploads\/2025\/06\/relave-confluencia-alto-manihuales-1_optimized-1-1030x579.jpg 1030w, https:\/\/radiorevelacionfm.cl\/wp-content\/uploads\/2025\/06\/relave-confluencia-alto-manihuales-1_optimized-1-768x432.jpg 768w, https:\/\/radiorevelacionfm.cl\/wp-content\/uploads\/2025\/06\/relave-confluencia-alto-manihuales-1_optimized-1-705x396.jpg 705w, https:\/\/radiorevelacionfm.cl\/wp-content\/uploads\/2025\/06\/relave-confluencia-alto-manihuales-1_optimized-1-450x253.jpg 450w, https:\/\/radiorevelacionfm.cl\/wp-content\/uploads\/2025\/06\/relave-confluencia-alto-manihuales-1_optimized-1-600x337.jpg 600w\" sizes=\"(max-width: 1067px) 100vw, 1067px\" \/><\/div><\/div><\/div><\/div><div class=\"flex_column av_one_full  flex_column_div av-zero-column-padding first  avia-builder-el-2  el_after_av_one_full  el_before_av_one_full  column-top-margin\" style='border-radius:0px; '><section class=\"av_textblock_section \"  itemscope=\"itemscope\" itemtype=\"https:\/\/schema.org\/BlogPosting\" itemprop=\"blogPost\" ><div class='avia_textblock  '   itemprop=\"text\" ><p style=\"text-align: center;\"><span style=\"font-size: 18pt;\"><b>Presidente de CODESA: \u00abEn este gobierno insisten en bajarle el perfil a contaminaci\u00f3n minera en Alto Ma\u00f1ihuales\u00bb<\/b><\/span><\/p>\n<div id=\"gtx-trans\" style=\"position: absolute; left: -50px; top: 4.31534px;\">\n<div class=\"gtx-trans-icon\"><\/div>\n<\/div>\n<\/div><\/section><\/div><div class=\"flex_column av_one_full  flex_column_div av-zero-column-padding first  avia-builder-el-4  el_after_av_one_full  el_before_av_hr  column-top-margin\" style='border-radius:0px; '><section class=\"av_textblock_section \"  itemscope=\"itemscope\" itemtype=\"https:\/\/schema.org\/BlogPosting\" itemprop=\"blogPost\" ><div class='avia_textblock  '   itemprop=\"text\" ><p class=\"v1MsoNormal\" style=\"text-align: justify;\"><i>Erwin Sandoval cuestion\u00f3 en que se insista en no asumir la gravedad de la situaci\u00f3n, refutando las palabras del delegado presidencia regional que se\u00f1al\u00f3 que no hay antecedentes nuevos a los de 2015. \u00abEl a\u00f1o 2021, seis a\u00f1os despu\u00e9s del proceso p\u00fablico al que alude el delegado, el propio Servicio Agr\u00edcola y Ganadero (SAG) consign\u00f3 la muerte de equinos en el sector producto de intoxicaci\u00f3n por metales pesados. Ofici\u00f3 a la seremi de Salud, a la seremi de Medio Ambiente, y no pas\u00f3 nada\u00bb expres\u00f3.<\/i><\/p>\n<p class=\"v1MsoNormal\" style=\"text-align: justify;\">Este martes 17 de junio se desarroll\u00f3 la segunda sesi\u00f3n de la Mesa de Miner\u00eda y Geolog\u00eda de Ays\u00e9n que busca, se ha se\u00f1alado,<span class=\"v1gmail-Apple-converted-space\">\u00a0<\/span><i>\u00ababordar los desaf\u00edos, brechas y oportunidades del sector, promoviendo la colaboraci\u00f3n entre las diversas entidades involucradas para fomentar el\u00a0<span class=\"v1gmail-Apple-converted-space\">\u00a0<\/span>crecimiento econ\u00f3mico regional<\/i>\u00ab.\u00a0Seg\u00fan la informaci\u00f3n difundida por el seremi del ramo Juan V\u00e1squez en las<span class=\"v1gmail-Apple-converted-space\">\u00a0<\/span><a href=\"https:\/\/www.instagram.com\/reel\/DLCm09UR562\/?igsh=ZHBuMzM2eG8yYjFm\" target=\"_blank\" rel=\"noopener noreferrer\">redes sociales<\/a><span class=\"v1gmail-Apple-converted-space\">\u00a0<\/span>institucionales, \u00ab<i>se compartieron experiencias en biorremediaci\u00f3n, innovaci\u00f3n en reutilizaci\u00f3n de relaves\u00a0<span class=\"v1gmail-Apple-converted-space\">\u00a0<\/span>y se destac\u00f3 el compromiso transversal para transformar una problem\u00e1tica hist\u00f3rica en soluciones concretas con visi\u00f3n de desarrollo regional<\/i>\u00ab.<\/p>\n<p class=\"v1MsoNormal\" style=\"text-align: justify;\">Dando amplio espacio a los impulsores de los proyectos mineros de El Toqui (Sociedad Minera Pac\u00edfico del Sur) y Cerro Bayo (Andean Silver), la cita obvi\u00f3 cumplir el compromiso del seremi de Medio Ambiente, Yoal D\u00edaz, con la comunidad de Alto Ma\u00f1ihuales: abordar los graves impactos ambientales y de salud de las operaciones de Minera El Toqui con participaci\u00f3n de las organizaciones que han apoyado a la comunidad.\u00a0<span class=\"v1gmail-Apple-converted-space\">\u00a0<\/span><\/p>\n<p class=\"v1MsoNormal\" style=\"text-align: justify;\">En una<span class=\"v1gmail-Apple-converted-space\">\u00a0<\/span><a href=\"https:\/\/www.diarioregionalaysen.cl\/noticia\/actualidad\/2025\/05\/vecinos-de-alto-manihuales-exponen-dramaticos-testimonios-a-organismos-publicos\" target=\"_blank\" rel=\"noopener noreferrer\">reuni\u00f3n sostenida el 23 de mayo<\/a><span class=\"v1gmail-Apple-converted-space\">\u00a0<\/span>entre vecinos de Alto Ma\u00f1ihuales y agrupaciones locales con representantes de diversos \u00f3rganos del Estado, pobladores solicitaron expresamente que la Corporaci\u00f3n Privada para el Desarrollo de Ays\u00e9n, a trav\u00e9s de su presidente Erwin Sandoval, participara en la sesi\u00f3n de la Mesa de Miner\u00eda y Geolog\u00eda de Ays\u00e9n en su representaci\u00f3n, toda vez que ha sido una de las organizaciones que ha impulsado que el tema sea parte del debate p\u00fablico.<\/p>\n<p class=\"v1MsoNormal\" style=\"text-align: justify;\">\u00ab<i>Lo que ac\u00e1 est\u00e1 ocurriendo es el mismo guion que en 2015 aplic\u00f3 el gobierno de la \u00e9poca. Obviar la responsabilidad del Estado y la minera por el ars\u00e9nico, plomo y mercurio, y concentrarse en el uso productivo de los relaves, lo que es un sinsentido.\u00a0<span class=\"v1gmail-Apple-converted-space\">\u00a0<\/span>Se est\u00e1n muriendo los animales, se est\u00e1 enfermando la gente, est\u00e1n teniendo impactos econ\u00f3micos, y desde el gobierno insisten en\u00a0<span class=\"v1gmail-Apple-converted-space\">\u00a0<\/span>bajarle el perfil<\/i>\u00bb expres\u00f3 Erwin Sandoval.<\/p>\n<p class=\"v1MsoNormal\" style=\"text-align: justify;\"><b>\u00abNegligencia del Estado\u00bb<\/b><\/p>\n<p class=\"v1MsoNormal\" style=\"text-align: justify;\">En este sentido, aprovech\u00f3 de refutar las palabras del<span class=\"v1gmail-Apple-converted-space\">\u00a0<\/span><a href=\"https:\/\/eldivisadero.cl\/_noticia\/Delegado-Presidencial-Regional-sobre-Alto-Ma%C3%B1ihuales-Nadie-esconde-nada\/NzkwODE=?fbclid=IwY2xjawK_9oVleHRuA2FlbQIxMQBicmlkETE4MmFWenFMUjRkVlBxVm81AR6onGYmf2D8LXn5C-PE1XPy9_3V9AXpfrl-Zy_hzw1cWmrkjNUxDZH7OZqBNQ_aem_FRGg5xJ8VNjAk3uHb0Ukbw\" target=\"_blank\" rel=\"noopener noreferrer\">delegado presidencial regional Jorge D\u00edaz<\/a>, quien hace unas semanas expres\u00f3 que \u00ab<i>nosotros, desde el punto de vista de la Superintendencia, como del sector de Sernageomin y del Ministerio de Miner\u00eda, no tenemos denuncias recientes de eso. Lo que pasa es que se reflot\u00f3 de algo que ocurri\u00f3 el a\u00f1o 2015<\/i>\u00ab.\u00a0<span class=\"v1gmail-Apple-converted-space\">\u00a0<\/span><\/p>\n<p class=\"v1MsoNormal\" style=\"text-align: justify;\"><i>\u00abEl a\u00f1o 2021, seis a\u00f1os despu\u00e9s del proceso p\u00fablico al que alude el delegado, el propio Servicio Agr\u00edcola y Ganadero (SAG) consign\u00f3 la muerte de equinos en el sector producto de intoxicaci\u00f3n por metales pesados. Ofici\u00f3 a la seremi de Salud, a la seremi de Medio Ambiente, y no pas\u00f3 nada.\u00a0<span class=\"v1gmail-Apple-converted-space\">\u00a0<\/span><\/i><i>\u00a0Ofici\u00f3 a la seremi de Salud, a la seremi de Medio Ambiente, y no pas\u00f3 nada. Entonces, no se est\u00e1 reflotando nada de hace 10 a\u00f1os. El Estado ha actuado con negligencia, y la actual administraci\u00f3n mantiene esa pr\u00e1ctica<\/i>\u00bb expres\u00f3 el dirigente.<\/p>\n<p class=\"v1MsoNormal\" style=\"text-align: justify;\">El presidente de CODESA aludi\u00f3 al<span class=\"v1gmail-Apple-converted-space\">\u00a0<\/span><a href=\"https:\/\/drive.google.com\/file\/d\/1omFJGt7j8DQi90_u9im1bXUbGG9-38MT\/view?usp=sharing\" target=\"_blank\" rel=\"noopener noreferrer\">Ordinario<span class=\"v1gmail-Apple-converted-space\">\u00a0<\/span>453 del 21 de diciembre de 2021<\/a><span class=\"v1gmail-Apple-converted-space\">\u00a0<\/span>del SAG, donde el organismo constat\u00f3 -tras diversos an\u00e1lisis- que tres equinos murieron por consumo de de car\u00e1cter ambiental.<span class=\"v1gmail-Apple-converted-space\">\u00a0<\/span><\/p>\n<p class=\"v1MsoNormal\" style=\"text-align: justify;\">\u00ab<i>Atendiendo estos eventos asociados, en un predio que est\u00e1 en l\u00ednea directa de la pluma de dispersi\u00f3n del antiguo tranque de relaves de la Mina El Toqui, y tomando en cuenta los antecedentes que respaldar\u00e1n el dictamen sancionatorio del procedimiento del administrativo F-057-2015 de la Superintendencia de Medio Ambiente, se ha considerado realizar la presente comunicaci\u00f3n entre las instituciones del Estado que velan por la protecci\u00f3n de la salud de las personas y el medioambiente\u00bb<span class=\"v1gmail-Apple-converted-space\">\u00a0<\/span><\/i>dice el documento enviado a Salud y Medio Ambiente.\u00a0<span class=\"v1gmail-Apple-converted-space\">\u00a0<\/span>\u00ab<i>En este caso, los equinos afectados estar\u00edan siendo indicador biol\u00f3gico de un ambiente contaminado que podr\u00eda afectar a las personas, por lo que se sugiere establecer una mesa conjunta para definir una estrategia de abordaje de este nuevo evento<\/i>\u00bb puntualiz\u00f3.<\/p>\n<p class=\"v1MsoNormal\" style=\"text-align: justify;\">La Mesa Conjunta nunca se estableci\u00f3. Ni en el gobierno saliente (Sebasti\u00e1n Pi\u00f1era) ni en el entrante (Gabriel Boric). Mesa que hoy el gobierno no muestra voluntad de establecer, a pesar de que se consign\u00f3 que en 2024 se presentaron m\u00e1s denuncias por la muerte de animales (vacunos),<span class=\"v1gmail-Apple-converted-space\">\u00a0<\/span><a href=\"https:\/\/www.ecosistemas.cl\/2025\/05\/vecinos-de-alto-manihuales-exponen-dramaticos-testimonios-a-organismos-publicos\/\" target=\"_blank\" rel=\"noopener noreferrer\">tambi\u00e9n presumiblemente por metales pesados<\/a>.<\/p>\n<p class=\"v1MsoNormal\" style=\"text-align: justify;\">Al respecto, la dirigenta vecinal de Villa Ma\u00f1ihuales e integrante de la<span class=\"v1gmail-Apple-converted-space\">\u00a0<\/span><b>Agrupaci\u00f3n Ma\u00f1\u00edos y Baguales, Gabriela Barrientos,<\/b><span class=\"v1gmail-Apple-converted-space\">\u00a0<\/span>expres\u00f3 que \u00ab<i>la contaminaci\u00f3n en Alto Ma\u00f1ihuales nos tiene bastante preocupados.\u00a0<span class=\"v1gmail-Apple-converted-space\">\u00a0<\/span>La nula reacci\u00f3n que ha tenido este gobierno desde sus seremis, en el sentido de sentarse a conversar y buscar las soluciones entre todos. La villa tiene directa relaci\u00f3n con Alto Ma\u00f1ihuales<\/i>\u00ab.<\/p>\n<p class=\"v1MsoNormal\" style=\"text-align: justify;\">\u00ab<i>Tuvimos una reuni\u00f3n donde los vecinos, muy preocupados, expusieron sus problem\u00e1ticas: ve\u00edan que sus animales se les mueren y sus campos se desvalorizan por la contaminaci\u00f3n.\u00a0<span class=\"v1gmail-Apple-converted-space\">\u00a0<\/span>Y tambi\u00e9n el temor que tienen respecto a su salud, que es lo m\u00e1s importante, nos gustar\u00eda que el gobierno diera se\u00f1ales m\u00e1s importantes de querer sentarse a conversar con nosotro<\/i>s\u00bb indic\u00f3.<\/p>\n<p class=\"v1MsoNormal\" style=\"text-align: justify;\">\u00ab<i>Lo \u00fanico que buscamos es que comiencen a hacerse cargo de esa tremenda problem\u00e1tica que tenemos aqu\u00ed, a nuestras espaldas de Villa Ma\u00f1ihuales, y que nos afecta tambi\u00e9n directamente<\/i>\u00bb puntualiz\u00f3.<\/p>\n<p class=\"v1MsoNormal\" style=\"text-align: justify;\">A la fecha \u00f3rganos como<span class=\"v1gmail-Apple-converted-space\">\u00a0<\/span><a href=\"https:\/\/radio45sur.cl\/2025\/05\/12\/sernageomin-constata-incumplimientos-en-plan-de-cierre-de-faena-minera-el-toqui\/\" target=\"_blank\" rel=\"noopener noreferrer\">Sernageomin<\/a>, dependiente del Ministerio de Miner\u00eda, sigue sin sancionar los incumplimientos a la normativa de seguridad minera que se les vienen observando desde el a\u00f1o 2020. Entre las infracciones se incluyen yacimientos sin permisos el\u00e9ctricos, junto a mecanismos de ventilaci\u00f3n y planes de extracci\u00f3n no autorizados.\u00a0<span class=\"v1gmail-Apple-converted-space\">\u00a0<\/span>\u00a0\u00a0Esto, sin considerar que el tranque de relaves Confluencia, principal foco de contaminaci\u00f3n en la zona, tiene requerimiento de ingreso al Sistema de Evaluaci\u00f3n de Impacto Ambiental desde hace ya varios a\u00f1os, sin embargo el mismo Estado no ha cautelado que se cumpla esta obligaci\u00f3n.<\/p>\n<p class=\"v1MsoNormal\" style=\"text-align: justify;\">Todo esto qued\u00f3 consignado en<span class=\"v1gmail-Apple-converted-space\">\u00a0<\/span><a href=\"https:\/\/drive.google.com\/file\/d\/1_j26TAOxqkLCelubnmnixPOW2FZVOqQq\/view?usp=sharing\" target=\"_blank\" rel=\"noopener noreferrer\">Acta de Fiscalizaci\u00f3n del 24 de octubre de 2024<\/a>, donde se constata que tales incumplimientos a esa fecha no hab\u00edan sido subsanados.\u00a0<span class=\"v1gmail-Apple-converted-space\">\u00a0<\/span>A pesar de todo esto, la empresa ha seguido obteniendo utilidades gracias a la extracci\u00f3n de mineral de yacimientos con autorizaciones pendientes.\u00a0<span class=\"v1gmail-Apple-converted-space\">\u00a0<\/span>A esto<span class=\"v1gmail-Apple-converted-space\">\u00a0<\/span><a href=\"https:\/\/radio45sur.cl\/2025\/05\/12\/sernageomin-constata-incumplimientos-en-plan-de-cierre-de-faena-minera-el-toqui\/\" target=\"_blank\" rel=\"noopener noreferrer\">se agrega<\/a><span class=\"v1gmail-Apple-converted-space\">\u00a0<\/span>que tampoco ha constituido las garant\u00edas financieras que exige la Ley de Cierre de Faenas e Instalaciones Mineras.<\/p>\n<p class=\"v1MsoNormal\" style=\"text-align: justify;\">Todo ello, a vista y paciencia del gobierno actual.<\/p>\n<\/div><\/section><\/div><div  style='height:50px' class='hr hr-invisible   avia-builder-el-6  el_after_av_one_full  el_before_av_social_share '><span class='hr-inner ' ><span class='hr-inner-style'><\/span><\/span><\/div><\/p>\n<div  class='av-social-sharing-box  avia-builder-el-7  el_after_av_hr  el_before_av_hr  '><div class='av-share-box'><h5 class='av-share-link-description av-no-toc '>Compartir esta noticia<\/h5><ul class='av-share-box-list noLightbox'><li class='av-share-link av-social-link-facebook' ><a target=\"_blank\" aria-label=\"Compartir en Facebook\" href='https:\/\/www.facebook.com\/sharer.php?u=https:\/\/radiorevelacionfm.cl\/?p=55435&#038;t=Presidente%20de%20CODESA%3A%20%C2%ABEn%20este%20gobierno%20insisten%20en%20bajarle%20el%20perfil%20a%20contaminaci%C3%B3n%20minera%20en%20Alto%20Ma%C3%B1ihuales%C2%BB' aria-hidden='false' data-av_icon='\ue8f3' data-av_iconfont='entypo-fontello' title='' data-avia-related-tooltip='Compartir en Facebook' rel=\"noopener\"><span class='avia_hidden_link_text'>Compartir en Facebook<\/span><\/a><\/li><li class='av-share-link av-social-link-twitter' ><a target=\"_blank\" aria-label=\"Compartir en Twitter\" href='https:\/\/twitter.com\/share?text=Presidente%20de%20CODESA%3A%20%C2%ABEn%20este%20gobierno%20insisten%20en%20bajarle%20el%20perfil%20a%20contaminaci%C3%B3n%20minera%20en%20Alto%20Ma%C3%B1ihuales%C2%BB&#038;url=https:\/\/radiorevelacionfm.cl\/?p=55435' aria-hidden='false' data-av_icon='\ue8f1' data-av_iconfont='entypo-fontello' title='' data-avia-related-tooltip='Compartir en Twitter' rel=\"noopener\"><span class='avia_hidden_link_text'>Compartir en Twitter<\/span><\/a><\/li><li class='av-share-link av-social-link-whatsapp' ><a target=\"_blank\" aria-label=\"Compartir en Whatsapp\" href='https:\/\/api.whatsapp.com\/send?text=https:\/\/radiorevelacionfm.cl\/?p=55435' aria-hidden='false' data-av_icon='\uf232' data-av_iconfont='entypo-fontello' title='' data-avia-related-tooltip='Compartir en Whatsapp' rel=\"noopener\"><span class='avia_hidden_link_text'>Compartir en Whatsapp<\/span><\/a><\/li><li class='av-share-link av-social-link-linkedin' ><a target=\"_blank\" aria-label=\"Compartir en LinkedIn\" href='https:\/\/linkedin.com\/shareArticle?mini=true&#038;title=Presidente%20de%20CODESA%3A%20%C2%ABEn%20este%20gobierno%20insisten%20en%20bajarle%20el%20perfil%20a%20contaminaci%C3%B3n%20minera%20en%20Alto%20Ma%C3%B1ihuales%C2%BB&#038;url=https:\/\/radiorevelacionfm.cl\/?p=55435' aria-hidden='false' data-av_icon='\ue8fc' data-av_iconfont='entypo-fontello' title='' data-avia-related-tooltip='Compartir en LinkedIn' rel=\"noopener\"><span class='avia_hidden_link_text'>Compartir en LinkedIn<\/span><\/a><\/li><li class='av-share-link av-social-link-mail' ><a  aria-label=\"Compartir por correo\" href='mailto:?subject=Presidente%20de%20CODESA%3A%20%C2%ABEn%20este%20gobierno%20insisten%20en%20bajarle%20el%20perfil%20a%20contaminaci%C3%B3n%20minera%20en%20Alto%20Ma%C3%B1ihuales%C2%BB&#038;body=https:\/\/radiorevelacionfm.cl\/?p=55435' aria-hidden='false' data-av_icon='\ue805' data-av_iconfont='entypo-fontello' title='' data-avia-related-tooltip='Compartir por correo'><span class='avia_hidden_link_text'>Compartir por correo<\/span><\/a><\/li><\/ul><\/div><\/div>\n<div  style='height:50px' class='hr hr-invisible   avia-builder-el-8  el_after_av_social_share  el_before_av_comments_list '><span class='hr-inner ' ><span class='hr-inner-style'><\/span><\/span><\/div>\n<div  class='av-buildercomment  av-blog-meta-html-info-disabled av-blog-meta-tag-disabled  '><\/div>\n","protected":false},"excerpt":{"rendered":"","protected":false},"author":1,"featured_media":55436,"comment_status":"closed","ping_status":"closed","sticky":false,"template":"","format":"standard","meta":{"footnotes":""},"categories":[38],"tags":[],"class_list":["post-55435","post","type-post","status-publish","format-standard","has-post-thumbnail","hentry","category-regional"],"jetpack_featured_media_url":"https:\/\/radiorevelacionfm.cl\/wp-content\/uploads\/2025\/06\/relave-confluencia-alto-manihuales-1_optimized-1.jpg","_links":{"self":[{"href":"https:\/\/radiorevelacionfm.cl\/index.php?rest_route=\/wp\/v2\/posts\/55435","targetHints":{"allow":["GET"]}}],"collection":[{"href":"https:\/\/radiorevelacionfm.cl\/index.php?rest_route=\/wp\/v2\/posts"}],"about":[{"href":"https:\/\/radiorevelacionfm.cl\/index.php?rest_route=\/wp\/v2\/types\/post"}],"author":[{"embeddable":true,"href":"https:\/\/radiorevelacionfm.cl\/index.php?rest_route=\/wp\/v2\/users\/1"}],"replies":[{"embeddable":true,"href":"https:\/\/radiorevelacionfm.cl\/index.php?rest_route=%2Fwp%2Fv2%2Fcomments&post=55435"}],"version-history":[{"count":2,"href":"https:\/\/radiorevelacionfm.cl\/index.php?rest_route=\/wp\/v2\/posts\/55435\/revisions"}],"predecessor-version":[{"id":55455,"href":"https:\/\/radiorevelacionfm.cl\/index.php?rest_route=\/wp\/v2\/posts\/55435\/revisions\/55455"}],"wp:featuredmedia":[{"embeddable":true,"href":"https:\/\/radiorevelacionfm.cl\/index.php?rest_route=\/wp\/v2\/media\/55436"}],"wp:attachment":[{"href":"https:\/\/radiorevelacionfm.cl\/index.php?rest_route=%2Fwp%2Fv2%2Fmedia&parent=55435"}],"wp:term":[{"taxonomy":"category","embeddable":true,"href":"https:\/\/radiorevelacionfm.cl\/index.php?rest_route=%2Fwp%2Fv2%2Fcategories&post=55435"},{"taxonomy":"post_tag","embeddable":true,"href":"https:\/\/radiorevelacionfm.cl\/index.php?rest_route=%2Fwp%2Fv2%2Ftags&post=55435"}],"curies":[{"name":"wp","href":"https:\/\/api.w.org\/{rel}","templated":true}]}}