{"id":55432,"date":"2025-06-18T18:04:01","date_gmt":"2025-06-18T21:04:01","guid":{"rendered":"https:\/\/radiorevelacionfm.cl\/?p=55432"},"modified":"2025-06-18T18:04:01","modified_gmt":"2025-06-18T21:04:01","slug":"en-coyhaique-sector-publico-y-privado-realizan-2da-mesa-regional-de-mineria-y-geologia-enfocada-en-pasivos-ambientales-y-relaves","status":"publish","type":"post","link":"https:\/\/radiorevelacionfm.cl\/?p=55432","title":{"rendered":"En Coyhaique: Sector P\u00fablico y Privado realizan 2da Mesa Regional de Miner\u00eda y Geolog\u00eda enfocada en pasivos ambientales y relaves"},"content":{"rendered":"<div class=\"flex_column av_one_full  flex_column_div av-zero-column-padding first  avia-builder-el-0  el_before_av_one_full  avia-builder-el-first  \" style='border-radius:0px; '><div  class='avia-image-container  av-styling-    avia-builder-el-1  avia-builder-el-no-sibling  avia-align-center '  itemprop=\"image\" itemscope=\"itemscope\" itemtype=\"https:\/\/schema.org\/ImageObject\"  ><div class='avia-image-container-inner'><div class='avia-image-overlay-wrap'><img decoding=\"async\" class='wp-image-55433 avia-img-lazy-loading-not-55433 avia_image' src=\"https:\/\/radiorevelacionfm.cl\/wp-content\/uploads\/2025\/06\/whatsapp-image-2025-06-17-at-3_optimized.12.03-pm-1-1-1.jpeg\" alt='' title='whatsapp-image-2025-06-17-at-3_optimized.12.03-pm-(1)-(1) (1)' height=\"600\" width=\"1067\"  itemprop=\"thumbnailUrl\" srcset=\"https:\/\/radiorevelacionfm.cl\/wp-content\/uploads\/2025\/06\/whatsapp-image-2025-06-17-at-3_optimized.12.03-pm-1-1-1.jpeg 1067w, https:\/\/radiorevelacionfm.cl\/wp-content\/uploads\/2025\/06\/whatsapp-image-2025-06-17-at-3_optimized.12.03-pm-1-1-1-300x169.jpeg 300w, https:\/\/radiorevelacionfm.cl\/wp-content\/uploads\/2025\/06\/whatsapp-image-2025-06-17-at-3_optimized.12.03-pm-1-1-1-1030x579.jpeg 1030w, https:\/\/radiorevelacionfm.cl\/wp-content\/uploads\/2025\/06\/whatsapp-image-2025-06-17-at-3_optimized.12.03-pm-1-1-1-768x432.jpeg 768w, https:\/\/radiorevelacionfm.cl\/wp-content\/uploads\/2025\/06\/whatsapp-image-2025-06-17-at-3_optimized.12.03-pm-1-1-1-705x396.jpeg 705w, https:\/\/radiorevelacionfm.cl\/wp-content\/uploads\/2025\/06\/whatsapp-image-2025-06-17-at-3_optimized.12.03-pm-1-1-1-450x253.jpeg 450w, https:\/\/radiorevelacionfm.cl\/wp-content\/uploads\/2025\/06\/whatsapp-image-2025-06-17-at-3_optimized.12.03-pm-1-1-1-600x337.jpeg 600w\" sizes=\"(max-width: 1067px) 100vw, 1067px\" \/><\/div><\/div><\/div><\/div><div class=\"flex_column av_one_full  flex_column_div av-zero-column-padding first  avia-builder-el-2  el_after_av_one_full  el_before_av_one_full  column-top-margin\" style='border-radius:0px; '><section class=\"av_textblock_section \"  itemscope=\"itemscope\" itemtype=\"https:\/\/schema.org\/BlogPosting\" itemprop=\"blogPost\" ><div class='avia_textblock  '   itemprop=\"text\" ><p style=\"text-align: center;\"><span style=\"font-size: 18pt;\"><strong>En Coyhaique: Sector P\u00fablico y Privado realizan 2da Mesa Regional de Miner\u00eda y Geolog\u00eda enfocada en pasivos ambientales y relaves<\/strong><\/span><\/p>\n<div id=\"gtx-trans\" style=\"position: absolute; left: -50px; top: 4.31534px;\">\n<div class=\"gtx-trans-icon\"><\/div>\n<\/div>\n<\/div><\/section><\/div><div class=\"flex_column av_one_full  flex_column_div av-zero-column-padding first  avia-builder-el-4  el_after_av_one_full  el_before_av_hr  column-top-margin\" style='border-radius:0px; '><section class=\"av_textblock_section \"  itemscope=\"itemscope\" itemtype=\"https:\/\/schema.org\/BlogPosting\" itemprop=\"blogPost\" ><div class='avia_textblock  '   itemprop=\"text\" ><p style=\"text-align: justify;\"><em>La sesi\u00f3n reuni\u00f3 a autoridades, empresas y representantes del mundo acad\u00e9mico para avanzar en una hoja de ruta regional orientada al manejo responsable de pasivos mineros.<\/em><\/p>\n<p style=\"text-align: justify;\">El martes 17 de junio, en la sala de reuniones de la Seremi de Agricultura, se realiz\u00f3 la segunda Mesa Regional de Miner\u00eda y Geolog\u00eda, con la participaci\u00f3n de actores p\u00fablicos, privados y de la sociedad civil. La reuni\u00f3n fue presidida por el Seremi de Miner\u00eda, Juan V\u00e1squez Alarc\u00f3n, y cont\u00f3 con la participaci\u00f3n de las empresas mineras Newmont, Andean Silver y Sociedad Minera Pac\u00edfico SPA, el Gobierno Regional de Ays\u00e9n, Direcci\u00f3n General de Aguas del MOP, Centro de Formaci\u00f3n T\u00e9cnica Estatal Ays\u00e9n, Edelaysen, SEREMI de Salud, SEREMI de Transportes, SEREMI de Medio Ambiente, SEREMI de Bienes Nacionales, Direcci\u00f3n del Trabajo y SENCE, SAG, CONAF, Cient\u00edficas y la Municipalidad de Coyhaique. Dando cumplimento a lo acordado se invit\u00f3 a la Junta de Vecinos de Alto Ma\u00f1ihuales, quienes no asistieron a la cita.<\/p>\n<p style=\"text-align: justify;\">A nivel nacional, Chile cuenta con un total de 795 dep\u00f3sitos de relaves identificados por el Servicio Nacional de Geolog\u00eda y Miner\u00eda (Sernageomin), seg\u00fan el \u00faltimo catastro publicado en 2023. De ellos, 1 est\u00e1 en revisi\u00f3n, 15 en construcci\u00f3n, 128 en operaci\u00f3n, 475 inactivos y 176 en condici\u00f3n de abandono. En la regi\u00f3n de Ays\u00e9n se registran 9 pasivos ambientales en estado de abandono y\/o inactivo, lo que representa aproximadamente el 1,13\u202f% del total nacional.<\/p>\n<p style=\"text-align: justify;\">El objetivo principal de esta mesa de trabajo es fortalecer las relaciones entre el sector p\u00fablico y privado, y avanzar en el desarrollo productivo con una miner\u00eda moderna en la regi\u00f3n. En este contexto, el seremi de Miner\u00eda, Juan V\u00e1squez, indic\u00f3: \u201cHicimos un compromiso con la comunidad regional con el tema de los pasivos ambientales en la regi\u00f3n de Ays\u00e9n. Para ello, el Ministerio de Miner\u00eda nos proporciona una herramienta que es el Plan de Gesti\u00f3n de Relaves 2025-2026. En esta segunda sesi\u00f3n, distintos actores abordamos la tem\u00e1tica, actores de la sociedad civil, de la academia, de las empresas, y en conjunto estamos dise\u00f1ando una hoja de ruta que nos permita abordar esta tem\u00e1tica que lleva a lo menos 90 a\u00f1os con presencia en la regi\u00f3n, y as\u00ed tener una \u00f3ptica desde el Ejecutivo coordinando a los distintos sectores, para generar soluciones que van en beneficio directo de las vecinas y vecinos de la regi\u00f3n\u201d.<\/p>\n<p style=\"text-align: justify;\">\u00c1lvaro Fuentes, Gerente General de la empresa minera Andean Silver, valor\u00f3 la instancia de participaci\u00f3n p\u00fablico-privada: \u201cCreo que las innovaciones que se presentaron en t\u00e9rminos de la reutilizaci\u00f3n de los relaves con econom\u00eda circular es s\u00faper importante, sobre todo para esta regi\u00f3n que es tan pr\u00edstina y los temas medioambientales son s\u00faper importantes. Esta ha 1 sido la l\u00ednea de las compa\u00f1\u00edas que estamos presentes de seguir contribuyendo y trabajando en pos de un medio ambiente mucho m\u00e1s sustentable y sostenible\u201d.<\/p>\n<p style=\"text-align: justify;\">En tanto, Jos\u00e9 Quiroga, Gerente General de Sociedad Minera Pac\u00edfico SPA, dio a conocer la presentaci\u00f3n: Gesti\u00f3n de Relaves: La Experiencia y desaf\u00edos de Minera del distrito El Toqui 2025. El gerente se\u00f1al\u00f3: \u201cCon respecto al tema de los relaves, hay pasivos en toda la regi\u00f3n, no solamente en el Toqui, sino a lo largo de todo Ays\u00e9n. Es importante poder tratarlos y poder hacerse cargo de ellos. Entonces si hay un compromiso de la empresa como del Gobierno creo que se puede llegar a un buen resultado\u201d.<\/p>\n<p style=\"text-align: justify;\">Dentro de los temas abordados en la sesi\u00f3n, la Dra. Ximena Valenzuela, acad\u00e9mica y directora del proyecto Biorremediaci\u00f3n: una alternativa sustentable para el manejo de pasivos ambientales destac\u00f3: \u201cVinimos a la reuni\u00f3n de esta mesa para contar lo que hicimos aproximadamente por cinco a\u00f1os con el proyecto relacionado con la biorremedaci\u00f3n. Para nosotros fue s\u00faper interesante y positivo entregar esta informaci\u00f3n, ya que esta es la primera instancia en la que logramos reunir o estar frente a diferentes actores estatales o del Gobierno y entregarles esta informaci\u00f3n. Esta presentaci\u00f3n agrupa tres proyectos, en los cuales buscamos remediar una problem\u00e1tica regional que son los relaves abandonados investigando en terreno, principalmente en Puerto Cristal, la presencia de plantas que son tolerantes a metales pesados\u201d.<\/p>\n<p style=\"text-align: justify;\">Finalmente, Juan Pablo Longueira, encargado de asuntos corporativos de la empresa Proestech, present\u00f3: Desaf\u00edo Ays\u00e9n Sostenible &amp; Conectado 2035, un proyecto que ya se est\u00e1 ejecutando en la regi\u00f3n, a trav\u00e9s del MOP y que podr\u00eda dar soluci\u00f3n a los desechos de pasivos por relaves al reutilizarlos. El profesional, explic\u00f3: \u201cDesde el punto de vista de pasivos ambientales, trajimos una buena noticia, a principios de este a\u00f1o terminamos un proyecto piloto de 500 metros donde reutilizamos relave como material de construcci\u00f3n de caminos, con eso dejamos de extraer \u00e1ridos de los r\u00edos y podemos reutilizar este material en los caminos que tanto hacen falta en esta regi\u00f3n\u201d.<\/p>\n<p style=\"text-align: justify;\">La Agenda de Relaves del Ministerio de Miner\u00eda permite enfrentar los desaf\u00edos ambientales hist\u00f3ricos del pa\u00eds mediante una estrategia coordinada y t\u00e9cnica. Desde Ays\u00e9n, esta herramienta impulsa soluciones sostenibles, con foco en sectores como el distrito El Toqui, promoviendo acciones intersectoriales a corto y largo plazo para una gesti\u00f3n responsable de los relaves, con participaci\u00f3n comunitaria y enfoque de econom\u00eda circular.<\/p>\n<\/div><\/section><\/div><div  style='height:50px' class='hr hr-invisible   avia-builder-el-6  el_after_av_one_full  el_before_av_social_share '><span class='hr-inner ' ><span class='hr-inner-style'><\/span><\/span><\/div><\/p>\n<div  class='av-social-sharing-box  avia-builder-el-7  el_after_av_hr  el_before_av_hr  '><div class='av-share-box'><h5 class='av-share-link-description av-no-toc '>Compartir esta noticia<\/h5><ul class='av-share-box-list noLightbox'><li class='av-share-link av-social-link-facebook' ><a target=\"_blank\" aria-label=\"Compartir en Facebook\" href='https:\/\/www.facebook.com\/sharer.php?u=https:\/\/radiorevelacionfm.cl\/?p=55432&#038;t=En%20Coyhaique%3A%20Sector%20P%C3%BAblico%20y%20Privado%20realizan%202da%20Mesa%20Regional%20de%20Miner%C3%ADa%20y%20Geolog%C3%ADa%20enfocada%20en%20pasivos%20ambientales%20y%20relaves' aria-hidden='false' data-av_icon='\ue8f3' data-av_iconfont='entypo-fontello' title='' data-avia-related-tooltip='Compartir en Facebook' rel=\"noopener\"><span class='avia_hidden_link_text'>Compartir en Facebook<\/span><\/a><\/li><li class='av-share-link av-social-link-twitter' ><a target=\"_blank\" aria-label=\"Compartir en Twitter\" href='https:\/\/twitter.com\/share?text=En%20Coyhaique%3A%20Sector%20P%C3%BAblico%20y%20Privado%20realizan%202da%20Mesa%20Regional%20de%20Miner%C3%ADa%20y%20Geolog%C3%ADa%20enfocada%20en%20pasivos%20ambientales%20y%20relaves&#038;url=https:\/\/radiorevelacionfm.cl\/?p=55432' aria-hidden='false' data-av_icon='\ue8f1' data-av_iconfont='entypo-fontello' title='' data-avia-related-tooltip='Compartir en Twitter' rel=\"noopener\"><span class='avia_hidden_link_text'>Compartir en Twitter<\/span><\/a><\/li><li class='av-share-link av-social-link-whatsapp' ><a target=\"_blank\" aria-label=\"Compartir en Whatsapp\" href='https:\/\/api.whatsapp.com\/send?text=https:\/\/radiorevelacionfm.cl\/?p=55432' aria-hidden='false' data-av_icon='\uf232' data-av_iconfont='entypo-fontello' title='' data-avia-related-tooltip='Compartir en Whatsapp' rel=\"noopener\"><span class='avia_hidden_link_text'>Compartir en Whatsapp<\/span><\/a><\/li><li class='av-share-link av-social-link-linkedin' ><a target=\"_blank\" aria-label=\"Compartir en LinkedIn\" href='https:\/\/linkedin.com\/shareArticle?mini=true&#038;title=En%20Coyhaique%3A%20Sector%20P%C3%BAblico%20y%20Privado%20realizan%202da%20Mesa%20Regional%20de%20Miner%C3%ADa%20y%20Geolog%C3%ADa%20enfocada%20en%20pasivos%20ambientales%20y%20relaves&#038;url=https:\/\/radiorevelacionfm.cl\/?p=55432' aria-hidden='false' data-av_icon='\ue8fc' data-av_iconfont='entypo-fontello' title='' data-avia-related-tooltip='Compartir en LinkedIn' rel=\"noopener\"><span class='avia_hidden_link_text'>Compartir en LinkedIn<\/span><\/a><\/li><li class='av-share-link av-social-link-mail' ><a  aria-label=\"Compartir por correo\" href='mailto:?subject=En%20Coyhaique%3A%20Sector%20P%C3%BAblico%20y%20Privado%20realizan%202da%20Mesa%20Regional%20de%20Miner%C3%ADa%20y%20Geolog%C3%ADa%20enfocada%20en%20pasivos%20ambientales%20y%20relaves&#038;body=https:\/\/radiorevelacionfm.cl\/?p=55432' aria-hidden='false' data-av_icon='\ue805' data-av_iconfont='entypo-fontello' title='' data-avia-related-tooltip='Compartir por correo'><span class='avia_hidden_link_text'>Compartir por correo<\/span><\/a><\/li><\/ul><\/div><\/div>\n<div  style='height:50px' class='hr hr-invisible   avia-builder-el-8  el_after_av_social_share  el_before_av_comments_list '><span class='hr-inner ' ><span class='hr-inner-style'><\/span><\/span><\/div>\n<div  class='av-buildercomment  av-blog-meta-html-info-disabled av-blog-meta-tag-disabled  '><\/div>\n","protected":false},"excerpt":{"rendered":"","protected":false},"author":1,"featured_media":55433,"comment_status":"closed","ping_status":"closed","sticky":false,"template":"","format":"standard","meta":{"footnotes":""},"categories":[38],"tags":[],"class_list":["post-55432","post","type-post","status-publish","format-standard","has-post-thumbnail","hentry","category-regional"],"jetpack_featured_media_url":"https:\/\/radiorevelacionfm.cl\/wp-content\/uploads\/2025\/06\/whatsapp-image-2025-06-17-at-3_optimized.12.03-pm-1-1-1.jpeg","_links":{"self":[{"href":"https:\/\/radiorevelacionfm.cl\/index.php?rest_route=\/wp\/v2\/posts\/55432","targetHints":{"allow":["GET"]}}],"collection":[{"href":"https:\/\/radiorevelacionfm.cl\/index.php?rest_route=\/wp\/v2\/posts"}],"about":[{"href":"https:\/\/radiorevelacionfm.cl\/index.php?rest_route=\/wp\/v2\/types\/post"}],"author":[{"embeddable":true,"href":"https:\/\/radiorevelacionfm.cl\/index.php?rest_route=\/wp\/v2\/users\/1"}],"replies":[{"embeddable":true,"href":"https:\/\/radiorevelacionfm.cl\/index.php?rest_route=%2Fwp%2Fv2%2Fcomments&post=55432"}],"version-history":[{"count":2,"href":"https:\/\/radiorevelacionfm.cl\/index.php?rest_route=\/wp\/v2\/posts\/55432\/revisions"}],"predecessor-version":[{"id":55441,"href":"https:\/\/radiorevelacionfm.cl\/index.php?rest_route=\/wp\/v2\/posts\/55432\/revisions\/55441"}],"wp:featuredmedia":[{"embeddable":true,"href":"https:\/\/radiorevelacionfm.cl\/index.php?rest_route=\/wp\/v2\/media\/55433"}],"wp:attachment":[{"href":"https:\/\/radiorevelacionfm.cl\/index.php?rest_route=%2Fwp%2Fv2%2Fmedia&parent=55432"}],"wp:term":[{"taxonomy":"category","embeddable":true,"href":"https:\/\/radiorevelacionfm.cl\/index.php?rest_route=%2Fwp%2Fv2%2Fcategories&post=55432"},{"taxonomy":"post_tag","embeddable":true,"href":"https:\/\/radiorevelacionfm.cl\/index.php?rest_route=%2Fwp%2Fv2%2Ftags&post=55432"}],"curies":[{"name":"wp","href":"https:\/\/api.w.org\/{rel}","templated":true}]}}