{"id":55429,"date":"2025-06-18T21:15:59","date_gmt":"2025-06-19T00:15:59","guid":{"rendered":"https:\/\/radiorevelacionfm.cl\/?p=55429"},"modified":"2025-06-18T21:15:59","modified_gmt":"2025-06-19T00:15:59","slug":"trabajadores-del-sector-construccion-se-capacitan-en-uso-y-aplicacion-de-inteligencia-artificial","status":"publish","type":"post","link":"https:\/\/radiorevelacionfm.cl\/?p=55429","title":{"rendered":"Trabajadores del sector construcci\u00f3n se capacitan en uso y aplicaci\u00f3n de Inteligencia Artificial"},"content":{"rendered":"<div class=\"flex_column av_one_full  flex_column_div av-zero-column-padding first  avia-builder-el-0  el_before_av_one_full  avia-builder-el-first  \" style='border-radius:0px; '><div  class='avia-image-container  av-styling-    avia-builder-el-1  avia-builder-el-no-sibling  avia-align-center '  itemprop=\"image\" itemscope=\"itemscope\" itemtype=\"https:\/\/schema.org\/ImageObject\"  ><div class='avia-image-container-inner'><div class='avia-image-overlay-wrap'><img decoding=\"async\" class='wp-image-55430 avia-img-lazy-loading-not-55430 avia_image' src=\"https:\/\/radiorevelacionfm.cl\/wp-content\/uploads\/2025\/06\/2-2025-06-18t170910_optimized.644-1.jpg\" alt='' title='2---2025-06-18t170910_optimized.644-(1)' height=\"600\" width=\"935\"  itemprop=\"thumbnailUrl\" srcset=\"https:\/\/radiorevelacionfm.cl\/wp-content\/uploads\/2025\/06\/2-2025-06-18t170910_optimized.644-1.jpg 935w, https:\/\/radiorevelacionfm.cl\/wp-content\/uploads\/2025\/06\/2-2025-06-18t170910_optimized.644-1-300x193.jpg 300w, https:\/\/radiorevelacionfm.cl\/wp-content\/uploads\/2025\/06\/2-2025-06-18t170910_optimized.644-1-768x493.jpg 768w, https:\/\/radiorevelacionfm.cl\/wp-content\/uploads\/2025\/06\/2-2025-06-18t170910_optimized.644-1-705x452.jpg 705w, https:\/\/radiorevelacionfm.cl\/wp-content\/uploads\/2025\/06\/2-2025-06-18t170910_optimized.644-1-450x289.jpg 450w, https:\/\/radiorevelacionfm.cl\/wp-content\/uploads\/2025\/06\/2-2025-06-18t170910_optimized.644-1-600x385.jpg 600w\" sizes=\"(max-width: 935px) 100vw, 935px\" \/><\/div><\/div><\/div><\/div><div class=\"flex_column av_one_full  flex_column_div av-zero-column-padding first  avia-builder-el-2  el_after_av_one_full  el_before_av_one_full  column-top-margin\" style='border-radius:0px; '><section class=\"av_textblock_section \"  itemscope=\"itemscope\" itemtype=\"https:\/\/schema.org\/BlogPosting\" itemprop=\"blogPost\" ><div class='avia_textblock  '   itemprop=\"text\" ><p style=\"text-align: center;\"><span style=\"font-size: 18pt;\"><strong>Trabajadores del sector construcci\u00f3n se capacitan en uso y aplicaci\u00f3n de Inteligencia Artificial<\/strong><\/span><\/p>\n<div id=\"gtx-trans\" style=\"position: absolute; left: -50px; top: 4.31534px;\">\n<div class=\"gtx-trans-icon\"><\/div>\n<\/div>\n<\/div><\/section><\/div><div class=\"flex_column av_one_full  flex_column_div av-zero-column-padding first  avia-builder-el-4  el_after_av_one_full  el_before_av_hr  column-top-margin\" style='border-radius:0px; '><section class=\"av_textblock_section \"  itemscope=\"itemscope\" itemtype=\"https:\/\/schema.org\/BlogPosting\" itemprop=\"blogPost\" ><div class='avia_textblock  '   itemprop=\"text\" ><p style=\"text-align: justify;\"><em>El objetivo del taller, organizado por la C\u00e1mara Chilena de la Construcci\u00f3n a trav\u00e9s de la Corporaci\u00f3n de Desarrollo Tecnol\u00f3gico del gremio, fue ense\u00f1arles c\u00f3mo automatizar procesos laborales cotidianos y optimizar el tiempo.<\/em><\/p>\n<p style=\"text-align: justify;\">M\u00e1s de 30 trabajadores y trabajadoras de empresas del sector construcci\u00f3n de la regi\u00f3n de Ays\u00e9n, participaron de un taller de automatizaci\u00f3n de procesos cotidianos con Inteligencia Artificial, que busc\u00f3 ense\u00f1arles c\u00f3mo optimizar sus tiempos de trabajo, aplicando las nuevas tecnolog\u00edas y aplicaciones de acceso gratuito.<\/p>\n<p style=\"text-align: justify;\">Durante cuatro horas, los asistentes aprendieron a utilizar herramientas como ChatGPT y Google Apps Script, adem\u00e1s, a trav\u00e9s de ejercicios pr\u00e1cticos, desarrollaron y ejecutaron \u201cscripts\u201d, que son instrucciones escritas que se le dan a una aplicaci\u00f3n o programa, para que realice acciones espec\u00edficas, por ejemplo, el env\u00edo de correos electr\u00f3nicos a cada uno de los trabajadores, con indicaciones de acuerdo a su labor y en fechas diferenciadas.<\/p>\n<p style=\"text-align: justify;\">El profesor a cargo del taller, Leonardo Caama\u00f1o, profesional de la Corporaci\u00f3n de Desarrollo Tecnol\u00f3gico (CDT), de la C\u00e1mara Chilena de la Construcci\u00f3n, explic\u00f3 que la idea de este taller es acercar las tecnolog\u00edas a las empresas, pues hay que aprovechar las oportunidades que entrega.<\/p>\n<p style=\"text-align: justify;\">\u201cLa inteligencia artificial es un boom que est\u00e1 presente en el d\u00eda a d\u00eda, en nuestra vida cotidiana y mucha gente lo est\u00e1 utilizando y la construcci\u00f3n no puede quedarse atr\u00e1s. Tenemos que aprovecharla, porque es una oportunidad. Va a ser una especie de copiloto para tomar mejores decisiones, para analizar ciertas cosas, siempre con una mente de la ingenier\u00eda o del an\u00e1lisis de datos, para que nos permita llevar mejores procesos y hacer m\u00e1s eficiente ciertas cosas del \u00e1mbito construcci\u00f3n\u201d, indic\u00f3.<\/p>\n<p style=\"text-align: justify;\">Quienes tuvieron la oportunidad de participar de este taller de Inteligencia Artificial, valoraron los aprendizajes y contenidos, que ahora deber\u00e1n aplicar en sus labores diarias.<\/p>\n<p style=\"text-align: justify;\">\u201cMe pareci\u00f3 una instancia muy motivadora, para seguir aprendiendo en el tema de la inteligencia artificial, para poder ir incorpor\u00e1ndolas en cada \u00e1rea, de diferentes empresas. Hay muchas cosas que ir mejorando y me parece s\u00faper bien que se realicen estas instancias, para poder aprender\u201d, coment\u00f3 Daniela Valenzuela, de la empresa Patag\u00f3n Servicios Integrales.<\/p>\n<p style=\"text-align: justify;\">En tanto, Enzo Barr\u00eda, de la empresa Flesan, quien no ten\u00eda conocimientos en inteligencia artificial, agradeci\u00f3 esta primera aproximaci\u00f3n al tema, y espera que se le de continuidad. \u201cSe puede optimizar varios procesos en los que uno se demora y ocupa mucho tiempo, as\u00ed que me pareci\u00f3 genial como primera aproximaci\u00f3n. Siempre uno queda con m\u00e1s ganas de aprender. Ojal\u00e1 que se vuelva a repetir, con m\u00e1s tiempo, pero totalmente recomendable\u201d, se\u00f1al\u00f3.<\/p>\n<p style=\"text-align: justify;\">Este talle es parte del trabajo que cada a\u00f1o la CChC coordina junto a sus empresas socias, con la finalidad de entregar mejores herramientas a las empresas locales. En este caso puntual, la jornada fue coordinada a trav\u00e9s del comit\u00e9 gremial de proveedores, que agrupa a empresas que prestan servicios en el rubro de la construcci\u00f3n, presidido por Tom\u00e1s Garc\u00eda.<\/p>\n<\/div><\/section><\/div><div  style='height:50px' class='hr hr-invisible   avia-builder-el-6  el_after_av_one_full  el_before_av_social_share '><span class='hr-inner ' ><span class='hr-inner-style'><\/span><\/span><\/div><\/p>\n<div  class='av-social-sharing-box  avia-builder-el-7  el_after_av_hr  el_before_av_hr  '><div class='av-share-box'><h5 class='av-share-link-description av-no-toc '>Compartir esta noticia<\/h5><ul class='av-share-box-list noLightbox'><li class='av-share-link av-social-link-facebook' ><a target=\"_blank\" aria-label=\"Compartir en Facebook\" href='https:\/\/www.facebook.com\/sharer.php?u=https:\/\/radiorevelacionfm.cl\/?p=55429&#038;t=Trabajadores%20del%20sector%20construcci%C3%B3n%20se%20capacitan%20en%20uso%20y%20aplicaci%C3%B3n%20de%20Inteligencia%20Artificial' aria-hidden='false' data-av_icon='\ue8f3' data-av_iconfont='entypo-fontello' title='' data-avia-related-tooltip='Compartir en Facebook' rel=\"noopener\"><span class='avia_hidden_link_text'>Compartir en Facebook<\/span><\/a><\/li><li class='av-share-link av-social-link-twitter' ><a target=\"_blank\" aria-label=\"Compartir en Twitter\" href='https:\/\/twitter.com\/share?text=Trabajadores%20del%20sector%20construcci%C3%B3n%20se%20capacitan%20en%20uso%20y%20aplicaci%C3%B3n%20de%20Inteligencia%20Artificial&#038;url=https:\/\/radiorevelacionfm.cl\/?p=55429' aria-hidden='false' data-av_icon='\ue8f1' data-av_iconfont='entypo-fontello' title='' data-avia-related-tooltip='Compartir en Twitter' rel=\"noopener\"><span class='avia_hidden_link_text'>Compartir en Twitter<\/span><\/a><\/li><li class='av-share-link av-social-link-whatsapp' ><a target=\"_blank\" aria-label=\"Compartir en Whatsapp\" href='https:\/\/api.whatsapp.com\/send?text=https:\/\/radiorevelacionfm.cl\/?p=55429' aria-hidden='false' data-av_icon='\uf232' data-av_iconfont='entypo-fontello' title='' data-avia-related-tooltip='Compartir en Whatsapp' rel=\"noopener\"><span class='avia_hidden_link_text'>Compartir en Whatsapp<\/span><\/a><\/li><li class='av-share-link av-social-link-linkedin' ><a target=\"_blank\" aria-label=\"Compartir en LinkedIn\" href='https:\/\/linkedin.com\/shareArticle?mini=true&#038;title=Trabajadores%20del%20sector%20construcci%C3%B3n%20se%20capacitan%20en%20uso%20y%20aplicaci%C3%B3n%20de%20Inteligencia%20Artificial&#038;url=https:\/\/radiorevelacionfm.cl\/?p=55429' aria-hidden='false' data-av_icon='\ue8fc' data-av_iconfont='entypo-fontello' title='' data-avia-related-tooltip='Compartir en LinkedIn' rel=\"noopener\"><span class='avia_hidden_link_text'>Compartir en LinkedIn<\/span><\/a><\/li><li class='av-share-link av-social-link-mail' ><a  aria-label=\"Compartir por correo\" href='mailto:?subject=Trabajadores%20del%20sector%20construcci%C3%B3n%20se%20capacitan%20en%20uso%20y%20aplicaci%C3%B3n%20de%20Inteligencia%20Artificial&#038;body=https:\/\/radiorevelacionfm.cl\/?p=55429' aria-hidden='false' data-av_icon='\ue805' data-av_iconfont='entypo-fontello' title='' data-avia-related-tooltip='Compartir por correo'><span class='avia_hidden_link_text'>Compartir por correo<\/span><\/a><\/li><\/ul><\/div><\/div>\n<div  style='height:50px' class='hr hr-invisible   avia-builder-el-8  el_after_av_social_share  el_before_av_comments_list '><span class='hr-inner ' ><span class='hr-inner-style'><\/span><\/span><\/div>\n<div  class='av-buildercomment  av-blog-meta-html-info-disabled av-blog-meta-tag-disabled  '><\/div>\n","protected":false},"excerpt":{"rendered":"","protected":false},"author":1,"featured_media":55430,"comment_status":"closed","ping_status":"closed","sticky":false,"template":"","format":"standard","meta":{"footnotes":""},"categories":[38],"tags":[],"class_list":["post-55429","post","type-post","status-publish","format-standard","has-post-thumbnail","hentry","category-regional"],"jetpack_featured_media_url":"https:\/\/radiorevelacionfm.cl\/wp-content\/uploads\/2025\/06\/2-2025-06-18t170910_optimized.644-1.jpg","_links":{"self":[{"href":"https:\/\/radiorevelacionfm.cl\/index.php?rest_route=\/wp\/v2\/posts\/55429","targetHints":{"allow":["GET"]}}],"collection":[{"href":"https:\/\/radiorevelacionfm.cl\/index.php?rest_route=\/wp\/v2\/posts"}],"about":[{"href":"https:\/\/radiorevelacionfm.cl\/index.php?rest_route=\/wp\/v2\/types\/post"}],"author":[{"embeddable":true,"href":"https:\/\/radiorevelacionfm.cl\/index.php?rest_route=\/wp\/v2\/users\/1"}],"replies":[{"embeddable":true,"href":"https:\/\/radiorevelacionfm.cl\/index.php?rest_route=%2Fwp%2Fv2%2Fcomments&post=55429"}],"version-history":[{"count":2,"href":"https:\/\/radiorevelacionfm.cl\/index.php?rest_route=\/wp\/v2\/posts\/55429\/revisions"}],"predecessor-version":[{"id":55454,"href":"https:\/\/radiorevelacionfm.cl\/index.php?rest_route=\/wp\/v2\/posts\/55429\/revisions\/55454"}],"wp:featuredmedia":[{"embeddable":true,"href":"https:\/\/radiorevelacionfm.cl\/index.php?rest_route=\/wp\/v2\/media\/55430"}],"wp:attachment":[{"href":"https:\/\/radiorevelacionfm.cl\/index.php?rest_route=%2Fwp%2Fv2%2Fmedia&parent=55429"}],"wp:term":[{"taxonomy":"category","embeddable":true,"href":"https:\/\/radiorevelacionfm.cl\/index.php?rest_route=%2Fwp%2Fv2%2Fcategories&post=55429"},{"taxonomy":"post_tag","embeddable":true,"href":"https:\/\/radiorevelacionfm.cl\/index.php?rest_route=%2Fwp%2Fv2%2Ftags&post=55429"}],"curies":[{"name":"wp","href":"https:\/\/api.w.org\/{rel}","templated":true}]}}