{"id":55423,"date":"2025-06-18T17:01:04","date_gmt":"2025-06-18T20:01:04","guid":{"rendered":"https:\/\/radiorevelacionfm.cl\/?p=55423"},"modified":"2025-06-18T17:01:04","modified_gmt":"2025-06-18T20:01:04","slug":"delegacion-de-aysen-participa-en-encuentro-de-gobiernos-locales-en-vina-del-mar","status":"publish","type":"post","link":"https:\/\/radiorevelacionfm.cl\/?p=55423","title":{"rendered":"Delegaci\u00f3n de Ays\u00e9n participa en Encuentro de Gobiernos Locales en Vi\u00f1a del Mar"},"content":{"rendered":"<div class=\"flex_column av_one_full  flex_column_div av-zero-column-padding first  avia-builder-el-0  el_before_av_one_full  avia-builder-el-first  \" style='border-radius:0px; '><div  class='avia-image-container  av-styling-    avia-builder-el-1  avia-builder-el-no-sibling  avia-align-center '  itemprop=\"image\" itemscope=\"itemscope\" itemtype=\"https:\/\/schema.org\/ImageObject\"  ><div class='avia-image-container-inner'><div class='avia-image-overlay-wrap'><img decoding=\"async\" class='wp-image-55425 avia-img-lazy-loading-not-55425 avia_image' src=\"https:\/\/radiorevelacionfm.cl\/wp-content\/uploads\/2025\/06\/encuentro-gobiernos-locales-2_optimized.jpg\" alt='' title='encuentro-gobiernos-locales-(2)_optimized' height=\"600\" width=\"887\"  itemprop=\"thumbnailUrl\" srcset=\"https:\/\/radiorevelacionfm.cl\/wp-content\/uploads\/2025\/06\/encuentro-gobiernos-locales-2_optimized.jpg 887w, https:\/\/radiorevelacionfm.cl\/wp-content\/uploads\/2025\/06\/encuentro-gobiernos-locales-2_optimized-300x203.jpg 300w, https:\/\/radiorevelacionfm.cl\/wp-content\/uploads\/2025\/06\/encuentro-gobiernos-locales-2_optimized-768x520.jpg 768w, https:\/\/radiorevelacionfm.cl\/wp-content\/uploads\/2025\/06\/encuentro-gobiernos-locales-2_optimized-705x477.jpg 705w, https:\/\/radiorevelacionfm.cl\/wp-content\/uploads\/2025\/06\/encuentro-gobiernos-locales-2_optimized-450x304.jpg 450w, https:\/\/radiorevelacionfm.cl\/wp-content\/uploads\/2025\/06\/encuentro-gobiernos-locales-2_optimized-600x406.jpg 600w\" sizes=\"(max-width: 887px) 100vw, 887px\" \/><\/div><\/div><\/div><\/div><div class=\"flex_column av_one_full  flex_column_div av-zero-column-padding first  avia-builder-el-2  el_after_av_one_full  el_before_av_one_full  column-top-margin\" style='border-radius:0px; '><section class=\"av_textblock_section \"  itemscope=\"itemscope\" itemtype=\"https:\/\/schema.org\/BlogPosting\" itemprop=\"blogPost\" ><div class='avia_textblock  '   itemprop=\"text\" ><p style=\"text-align: center;\"><strong><span style=\"font-size: 18pt;\">Delegaci\u00f3n de Ays\u00e9n participa en Encuentro de Gobiernos Locales en Vi\u00f1a del Mar<\/span><\/strong><\/p>\n<div id=\"gtx-trans\" style=\"position: absolute; left: -50px; top: 4.31534px;\">\n<div class=\"gtx-trans-icon\"><\/div>\n<\/div>\n<\/div><\/section><\/div><div class=\"flex_column av_one_full  flex_column_div av-zero-column-padding first  avia-builder-el-4  el_after_av_one_full  el_before_av_hr  column-top-margin\" style='border-radius:0px; '><section class=\"av_textblock_section \"  itemscope=\"itemscope\" itemtype=\"https:\/\/schema.org\/BlogPosting\" itemprop=\"blogPost\" ><div class='avia_textblock  '   itemprop=\"text\" ><p style=\"text-align: justify;\">Un equipo de 8 agentes culturales de Ays\u00e9n lleg\u00f3 hasta la Regi\u00f3n de Valpara\u00edso para ser parte del Encuentro Nacional de Gobiernos Locales, que se llev\u00f3 a cabo en el Teatro Municipal de la ciudad y cont\u00f3 con la participaci\u00f3n de 70 representantes de todas las regiones del pa\u00eds.<\/p>\n<p style=\"text-align: justify;\">Encabezado por la subsecretaria de las Culturas y las Artes, Jimena Jara, la reuni\u00f3n nacional fue organizada por el Programa Red Cultura e integr\u00f3 conversatorios, talleres, diagn\u00f3sticos colectivos y espacios de di\u00e1logo, donde se intercambiaron experiencias y se abordaron desaf\u00edos futuros sobre pol\u00edticas culturales locales.<\/p>\n<p style=\"text-align: justify;\">Felipe Quiroz, Seremi de Culturas Ays\u00e9n, manifest\u00f3 que \u201ces, sin duda, enriquecedor para los equipos regionales acceder a estos espacios de di\u00e1logo y aprendizaje, donde el territorio se pone al centro junto a los y las agentes culturales que son, en definitiva, quienes mueven la escena y generan contenidos y experiencias de calidad para sus propias localidades\u201d.<\/p>\n<p style=\"text-align: justify;\">Al encuentro, que dur\u00f3 dos d\u00edas, llegaron 72 comunas, 20 alcald\u00edas, 7 seremis de Culturas y agentes de distantes y diversas localidades del pa\u00eds. La delegaci\u00f3n de la Regi\u00f3n de Ays\u00e9n fue integrada, adem\u00e1s, por la alcaldesa de Lago Verde, Claudia Vald\u00e9s; la administradora municipalidad de la misma comuna, Alba Hern\u00e1ndez, las encargadas de Cultura de las municipalidades de R\u00edo Ib\u00e1\u00f1ez Roc\u00edo Ruiz y de Ays\u00e9n, Edith Villarroel, las encargadas de Red Cultura y Ciudadan\u00eda de Culturas Ays\u00e9n, Claudia Bustamante y Karla Achivare.<\/p>\n<p style=\"text-align: justify;\">El Programa Red Cultura del Ministerio de las Culturas tiene m\u00e1s de 10 a\u00f1os de trayectoria y ha trabajado directamente en contacto con las comunas, fortaleciendo los lazos entre las comunidades, los municipios y el Estado.<\/p>\n<\/div><\/section><\/div><div  style='height:50px' class='hr hr-invisible   avia-builder-el-6  el_after_av_one_full  el_before_av_social_share '><span class='hr-inner ' ><span class='hr-inner-style'><\/span><\/span><\/div><\/p>\n<div  class='av-social-sharing-box  avia-builder-el-7  el_after_av_hr  el_before_av_hr  '><div class='av-share-box'><h5 class='av-share-link-description av-no-toc '>Compartir esta noticia<\/h5><ul class='av-share-box-list noLightbox'><li class='av-share-link av-social-link-facebook' ><a target=\"_blank\" aria-label=\"Compartir en Facebook\" href='https:\/\/www.facebook.com\/sharer.php?u=https:\/\/radiorevelacionfm.cl\/?p=55423&#038;t=Delegaci%C3%B3n%20de%20Ays%C3%A9n%20participa%20en%20Encuentro%20de%20Gobiernos%20Locales%20en%20Vi%C3%B1a%20del%20Mar' aria-hidden='false' data-av_icon='\ue8f3' data-av_iconfont='entypo-fontello' title='' data-avia-related-tooltip='Compartir en Facebook' rel=\"noopener\"><span class='avia_hidden_link_text'>Compartir en Facebook<\/span><\/a><\/li><li class='av-share-link av-social-link-twitter' ><a target=\"_blank\" aria-label=\"Compartir en Twitter\" href='https:\/\/twitter.com\/share?text=Delegaci%C3%B3n%20de%20Ays%C3%A9n%20participa%20en%20Encuentro%20de%20Gobiernos%20Locales%20en%20Vi%C3%B1a%20del%20Mar&#038;url=https:\/\/radiorevelacionfm.cl\/?p=55423' aria-hidden='false' data-av_icon='\ue8f1' data-av_iconfont='entypo-fontello' title='' data-avia-related-tooltip='Compartir en Twitter' rel=\"noopener\"><span class='avia_hidden_link_text'>Compartir en Twitter<\/span><\/a><\/li><li class='av-share-link av-social-link-whatsapp' ><a target=\"_blank\" aria-label=\"Compartir en Whatsapp\" href='https:\/\/api.whatsapp.com\/send?text=https:\/\/radiorevelacionfm.cl\/?p=55423' aria-hidden='false' data-av_icon='\uf232' data-av_iconfont='entypo-fontello' title='' data-avia-related-tooltip='Compartir en Whatsapp' rel=\"noopener\"><span class='avia_hidden_link_text'>Compartir en Whatsapp<\/span><\/a><\/li><li class='av-share-link av-social-link-linkedin' ><a target=\"_blank\" aria-label=\"Compartir en LinkedIn\" href='https:\/\/linkedin.com\/shareArticle?mini=true&#038;title=Delegaci%C3%B3n%20de%20Ays%C3%A9n%20participa%20en%20Encuentro%20de%20Gobiernos%20Locales%20en%20Vi%C3%B1a%20del%20Mar&#038;url=https:\/\/radiorevelacionfm.cl\/?p=55423' aria-hidden='false' data-av_icon='\ue8fc' data-av_iconfont='entypo-fontello' title='' data-avia-related-tooltip='Compartir en LinkedIn' rel=\"noopener\"><span class='avia_hidden_link_text'>Compartir en LinkedIn<\/span><\/a><\/li><li class='av-share-link av-social-link-mail' ><a  aria-label=\"Compartir por correo\" href='mailto:?subject=Delegaci%C3%B3n%20de%20Ays%C3%A9n%20participa%20en%20Encuentro%20de%20Gobiernos%20Locales%20en%20Vi%C3%B1a%20del%20Mar&#038;body=https:\/\/radiorevelacionfm.cl\/?p=55423' aria-hidden='false' data-av_icon='\ue805' data-av_iconfont='entypo-fontello' title='' data-avia-related-tooltip='Compartir por correo'><span class='avia_hidden_link_text'>Compartir por correo<\/span><\/a><\/li><\/ul><\/div><\/div>\n<div  style='height:50px' class='hr hr-invisible   avia-builder-el-8  el_after_av_social_share  el_before_av_comments_list '><span class='hr-inner ' ><span class='hr-inner-style'><\/span><\/span><\/div>\n<div  class='av-buildercomment  av-blog-meta-html-info-disabled av-blog-meta-tag-disabled  '><\/div>\n","protected":false},"excerpt":{"rendered":"","protected":false},"author":1,"featured_media":55425,"comment_status":"closed","ping_status":"closed","sticky":false,"template":"","format":"standard","meta":{"footnotes":""},"categories":[52],"tags":[],"class_list":["post-55423","post","type-post","status-publish","format-standard","has-post-thumbnail","hentry","category-cultura"],"jetpack_featured_media_url":"https:\/\/radiorevelacionfm.cl\/wp-content\/uploads\/2025\/06\/encuentro-gobiernos-locales-2_optimized.jpg","_links":{"self":[{"href":"https:\/\/radiorevelacionfm.cl\/index.php?rest_route=\/wp\/v2\/posts\/55423","targetHints":{"allow":["GET"]}}],"collection":[{"href":"https:\/\/radiorevelacionfm.cl\/index.php?rest_route=\/wp\/v2\/posts"}],"about":[{"href":"https:\/\/radiorevelacionfm.cl\/index.php?rest_route=\/wp\/v2\/types\/post"}],"author":[{"embeddable":true,"href":"https:\/\/radiorevelacionfm.cl\/index.php?rest_route=\/wp\/v2\/users\/1"}],"replies":[{"embeddable":true,"href":"https:\/\/radiorevelacionfm.cl\/index.php?rest_route=%2Fwp%2Fv2%2Fcomments&post=55423"}],"version-history":[{"count":2,"href":"https:\/\/radiorevelacionfm.cl\/index.php?rest_route=\/wp\/v2\/posts\/55423\/revisions"}],"predecessor-version":[{"id":55428,"href":"https:\/\/radiorevelacionfm.cl\/index.php?rest_route=\/wp\/v2\/posts\/55423\/revisions\/55428"}],"wp:featuredmedia":[{"embeddable":true,"href":"https:\/\/radiorevelacionfm.cl\/index.php?rest_route=\/wp\/v2\/media\/55425"}],"wp:attachment":[{"href":"https:\/\/radiorevelacionfm.cl\/index.php?rest_route=%2Fwp%2Fv2%2Fmedia&parent=55423"}],"wp:term":[{"taxonomy":"category","embeddable":true,"href":"https:\/\/radiorevelacionfm.cl\/index.php?rest_route=%2Fwp%2Fv2%2Fcategories&post=55423"},{"taxonomy":"post_tag","embeddable":true,"href":"https:\/\/radiorevelacionfm.cl\/index.php?rest_route=%2Fwp%2Fv2%2Ftags&post=55423"}],"curies":[{"name":"wp","href":"https:\/\/api.w.org\/{rel}","templated":true}]}}