{"id":55411,"date":"2025-06-18T15:38:24","date_gmt":"2025-06-18T18:38:24","guid":{"rendered":"https:\/\/radiorevelacionfm.cl\/?p=55411"},"modified":"2025-06-18T15:38:24","modified_gmt":"2025-06-18T18:38:24","slug":"juzgado-de-familia-de-coyhaique-brinda-charla-a-estudiantes-de-la-universidad-de-aysen","status":"publish","type":"post","link":"https:\/\/radiorevelacionfm.cl\/?p=55411","title":{"rendered":"Juzgado de Familia de Coyhaique brinda charla a estudiantes de la Universidad de Ays\u00e9n"},"content":{"rendered":"<div class=\"flex_column av_one_full  flex_column_div av-zero-column-padding first  avia-builder-el-0  el_before_av_one_full  avia-builder-el-first  \" style='border-radius:0px; '><div  class='avia-image-container  av-styling-    avia-builder-el-1  avia-builder-el-no-sibling  avia-align-center '  itemprop=\"image\" itemscope=\"itemscope\" itemtype=\"https:\/\/schema.org\/ImageObject\"  ><div class='avia-image-container-inner'><div class='avia-image-overlay-wrap'><img decoding=\"async\" class='wp-image-55412 avia-img-lazy-loading-not-55412 avia_image' src=\"https:\/\/radiorevelacionfm.cl\/wp-content\/uploads\/2025\/06\/dia6647-1_optimized-1-1.jpeg\" alt='' title='_dia6647-(1)_optimized (1) (1)' height=\"600\" width=\"1341\"  itemprop=\"thumbnailUrl\" srcset=\"https:\/\/radiorevelacionfm.cl\/wp-content\/uploads\/2025\/06\/dia6647-1_optimized-1-1.jpeg 1341w, https:\/\/radiorevelacionfm.cl\/wp-content\/uploads\/2025\/06\/dia6647-1_optimized-1-1-300x134.jpeg 300w, https:\/\/radiorevelacionfm.cl\/wp-content\/uploads\/2025\/06\/dia6647-1_optimized-1-1-1030x461.jpeg 1030w, https:\/\/radiorevelacionfm.cl\/wp-content\/uploads\/2025\/06\/dia6647-1_optimized-1-1-768x344.jpeg 768w, https:\/\/radiorevelacionfm.cl\/wp-content\/uploads\/2025\/06\/dia6647-1_optimized-1-1-705x315.jpeg 705w, https:\/\/radiorevelacionfm.cl\/wp-content\/uploads\/2025\/06\/dia6647-1_optimized-1-1-450x201.jpeg 450w, https:\/\/radiorevelacionfm.cl\/wp-content\/uploads\/2025\/06\/dia6647-1_optimized-1-1-600x268.jpeg 600w\" sizes=\"(max-width: 1341px) 100vw, 1341px\" \/><\/div><\/div><\/div><\/div><div class=\"flex_column av_one_full  flex_column_div av-zero-column-padding first  avia-builder-el-2  el_after_av_one_full  el_before_av_one_full  column-top-margin\" style='border-radius:0px; '><section class=\"av_textblock_section \"  itemscope=\"itemscope\" itemtype=\"https:\/\/schema.org\/BlogPosting\" itemprop=\"blogPost\" ><div class='avia_textblock  '   itemprop=\"text\" ><p style=\"text-align: center;\"><span style=\"font-size: 18pt;\"><b>Juzgado de Familia de Coyhaique brinda charla a estudiantes de la Universidad de Ays\u00e9n<\/b><\/span><\/p>\n<div id=\"gtx-trans\" style=\"position: absolute; left: -50px; top: 4.31534px;\">\n<div class=\"gtx-trans-icon\"><\/div>\n<\/div>\n<\/div><\/section><\/div><div class=\"flex_column av_one_full  flex_column_div av-zero-column-padding first  avia-builder-el-4  el_after_av_one_full  el_before_av_hr  column-top-margin\" style='border-radius:0px; '><section class=\"av_textblock_section \"  itemscope=\"itemscope\" itemtype=\"https:\/\/schema.org\/BlogPosting\" itemprop=\"blogPost\" ><div class='avia_textblock  '   itemprop=\"text\" ><p class=\"v1MsoNormal\" style=\"text-align: justify;\">Alrededor de 18 estudiantes de la carrera de Trabajo Social de la Universidad de Ays\u00e9n visitaron las dependencias del Juzgado de Familia de Coyhaique, con el objetivo de interiorizarse en la labor de los consejeros t\u00e9cnicos y jueces.<\/p>\n<p class=\"v1MsoNormal\" style=\"text-align: justify;\">En la ocasi\u00f3n, los alumnos fueron recibidos por el magistrado Rudy Hald y las consejeras t\u00e9cnicas Tania Hern\u00e1ndez y Alma Le\u00f3n, m\u00e1s el administrador del juzgado, Sergio Arre.<\/p>\n<p class=\"v1MsoNormal\" style=\"text-align: justify;\">El magistrado Hald valor\u00f3 la actividad como parte del compromiso institucional con la comunidad: \u00abEsta visita se enmarca dentro de las pol\u00edticas del Poder Judicial orientadas a la apertura hacia la comunidad y hoy recibimos a estudiantes de tercer semestre de la carrera de Servicio Social de la Universidad de Ays\u00e9n, a quienes se les ofreci\u00f3 una visita guiada por las dependencias del tribunal, seguida de una charla sobre el rol de los consejeros t\u00e9cnicos y de los jueces. En esta instancia abordamos temas clave para su formaci\u00f3n profesional, como la elaboraci\u00f3n de peritajes, su contenido, su relevancia como insumo en los procesos judiciales, y el impacto que pueden tener en las decisiones jurisdiccionales\u00bb.<\/p>\n<p class=\"v1MsoNormal\" style=\"text-align: justify;\">En la jornada, los estudiantes fueron acompa\u00f1ados por Luis Gonz\u00e1lez, fiscal del Ministerio P\u00fablico y docente de la Universidad de Ays\u00e9n, quien\u00a0 destac\u00f3 la relevancia de estas instancias para la formaci\u00f3n profesional de los estudiantes: \u00abEsta visita guiada al Tribunal de Familia, y que fue encabezada por uno de sus magistrados, representa una valiosa experiencia formativa en terreno. Agradecemos el permanente apoyo del Poder Judicial en la regi\u00f3n, que ha permitido acercar a nuestros alumnos a los espacios donde ejercer\u00e1n en el futuro. Esta colaboraci\u00f3n fortalece el aprendizaje pr\u00e1ctico e integral que promovemos desde nuestra casa de estudios\u00bb.<\/p>\n<p class=\"v1MsoNormal\" style=\"text-align: justify;\">Finalmente, los estudiantes conocieron el trabajo de los funcionarios encargados de la atenci\u00f3n al p\u00fablico, el ingreso de causas, la gesti\u00f3n de recursos y, por supuesto, recorrieron las oficinas de los consejeros t\u00e9cnicos.<\/p>\n<\/div><\/section><\/div><div  style='height:50px' class='hr hr-invisible   avia-builder-el-6  el_after_av_one_full  el_before_av_social_share '><span class='hr-inner ' ><span class='hr-inner-style'><\/span><\/span><\/div><\/p>\n<div  class='av-social-sharing-box  avia-builder-el-7  el_after_av_hr  el_before_av_hr  '><div class='av-share-box'><h5 class='av-share-link-description av-no-toc '>Compartir esta noticia<\/h5><ul class='av-share-box-list noLightbox'><li class='av-share-link av-social-link-facebook' ><a target=\"_blank\" aria-label=\"Compartir en Facebook\" href='https:\/\/www.facebook.com\/sharer.php?u=https:\/\/radiorevelacionfm.cl\/?p=55411&#038;t=Juzgado%20de%20Familia%20de%20Coyhaique%20brinda%20charla%20a%20estudiantes%20de%20la%20Universidad%20de%20Ays%C3%A9n' aria-hidden='false' data-av_icon='\ue8f3' data-av_iconfont='entypo-fontello' title='' data-avia-related-tooltip='Compartir en Facebook' rel=\"noopener\"><span class='avia_hidden_link_text'>Compartir en Facebook<\/span><\/a><\/li><li class='av-share-link av-social-link-twitter' ><a target=\"_blank\" aria-label=\"Compartir en Twitter\" href='https:\/\/twitter.com\/share?text=Juzgado%20de%20Familia%20de%20Coyhaique%20brinda%20charla%20a%20estudiantes%20de%20la%20Universidad%20de%20Ays%C3%A9n&#038;url=https:\/\/radiorevelacionfm.cl\/?p=55411' aria-hidden='false' data-av_icon='\ue8f1' data-av_iconfont='entypo-fontello' title='' data-avia-related-tooltip='Compartir en Twitter' rel=\"noopener\"><span class='avia_hidden_link_text'>Compartir en Twitter<\/span><\/a><\/li><li class='av-share-link av-social-link-whatsapp' ><a target=\"_blank\" aria-label=\"Compartir en Whatsapp\" href='https:\/\/api.whatsapp.com\/send?text=https:\/\/radiorevelacionfm.cl\/?p=55411' aria-hidden='false' data-av_icon='\uf232' data-av_iconfont='entypo-fontello' title='' data-avia-related-tooltip='Compartir en Whatsapp' rel=\"noopener\"><span class='avia_hidden_link_text'>Compartir en Whatsapp<\/span><\/a><\/li><li class='av-share-link av-social-link-linkedin' ><a target=\"_blank\" aria-label=\"Compartir en LinkedIn\" href='https:\/\/linkedin.com\/shareArticle?mini=true&#038;title=Juzgado%20de%20Familia%20de%20Coyhaique%20brinda%20charla%20a%20estudiantes%20de%20la%20Universidad%20de%20Ays%C3%A9n&#038;url=https:\/\/radiorevelacionfm.cl\/?p=55411' aria-hidden='false' data-av_icon='\ue8fc' data-av_iconfont='entypo-fontello' title='' data-avia-related-tooltip='Compartir en LinkedIn' rel=\"noopener\"><span class='avia_hidden_link_text'>Compartir en LinkedIn<\/span><\/a><\/li><li class='av-share-link av-social-link-mail' ><a  aria-label=\"Compartir por correo\" href='mailto:?subject=Juzgado%20de%20Familia%20de%20Coyhaique%20brinda%20charla%20a%20estudiantes%20de%20la%20Universidad%20de%20Ays%C3%A9n&#038;body=https:\/\/radiorevelacionfm.cl\/?p=55411' aria-hidden='false' data-av_icon='\ue805' data-av_iconfont='entypo-fontello' title='' data-avia-related-tooltip='Compartir por correo'><span class='avia_hidden_link_text'>Compartir por correo<\/span><\/a><\/li><\/ul><\/div><\/div>\n<div  style='height:50px' class='hr hr-invisible   avia-builder-el-8  el_after_av_social_share  el_before_av_comments_list '><span class='hr-inner ' ><span class='hr-inner-style'><\/span><\/span><\/div>\n<div  class='av-buildercomment  av-blog-meta-html-info-disabled av-blog-meta-tag-disabled  '><\/div>\n","protected":false},"excerpt":{"rendered":"","protected":false},"author":1,"featured_media":55412,"comment_status":"closed","ping_status":"closed","sticky":false,"template":"","format":"standard","meta":{"footnotes":""},"categories":[55],"tags":[],"class_list":["post-55411","post","type-post","status-publish","format-standard","has-post-thumbnail","hentry","category-justicia"],"jetpack_featured_media_url":"https:\/\/radiorevelacionfm.cl\/wp-content\/uploads\/2025\/06\/dia6647-1_optimized-1-1.jpeg","_links":{"self":[{"href":"https:\/\/radiorevelacionfm.cl\/index.php?rest_route=\/wp\/v2\/posts\/55411","targetHints":{"allow":["GET"]}}],"collection":[{"href":"https:\/\/radiorevelacionfm.cl\/index.php?rest_route=\/wp\/v2\/posts"}],"about":[{"href":"https:\/\/radiorevelacionfm.cl\/index.php?rest_route=\/wp\/v2\/types\/post"}],"author":[{"embeddable":true,"href":"https:\/\/radiorevelacionfm.cl\/index.php?rest_route=\/wp\/v2\/users\/1"}],"replies":[{"embeddable":true,"href":"https:\/\/radiorevelacionfm.cl\/index.php?rest_route=%2Fwp%2Fv2%2Fcomments&post=55411"}],"version-history":[{"count":2,"href":"https:\/\/radiorevelacionfm.cl\/index.php?rest_route=\/wp\/v2\/posts\/55411\/revisions"}],"predecessor-version":[{"id":55421,"href":"https:\/\/radiorevelacionfm.cl\/index.php?rest_route=\/wp\/v2\/posts\/55411\/revisions\/55421"}],"wp:featuredmedia":[{"embeddable":true,"href":"https:\/\/radiorevelacionfm.cl\/index.php?rest_route=\/wp\/v2\/media\/55412"}],"wp:attachment":[{"href":"https:\/\/radiorevelacionfm.cl\/index.php?rest_route=%2Fwp%2Fv2%2Fmedia&parent=55411"}],"wp:term":[{"taxonomy":"category","embeddable":true,"href":"https:\/\/radiorevelacionfm.cl\/index.php?rest_route=%2Fwp%2Fv2%2Fcategories&post=55411"},{"taxonomy":"post_tag","embeddable":true,"href":"https:\/\/radiorevelacionfm.cl\/index.php?rest_route=%2Fwp%2Fv2%2Ftags&post=55411"}],"curies":[{"name":"wp","href":"https:\/\/api.w.org\/{rel}","templated":true}]}}