{"id":55408,"date":"2025-06-18T15:20:35","date_gmt":"2025-06-18T18:20:35","guid":{"rendered":"https:\/\/radiorevelacionfm.cl\/?p=55408"},"modified":"2025-06-18T15:20:35","modified_gmt":"2025-06-18T18:20:35","slug":"en-puerto-guadal-se-realizo-segunda-version-de-capacitaciones-para-dirigentes-y-trabajadores-de-servicios-sanitarios-rurales","status":"publish","type":"post","link":"https:\/\/radiorevelacionfm.cl\/?p=55408","title":{"rendered":"En Puerto Guadal se realiz\u00f3 segunda versi\u00f3n de capacitaciones para dirigentes y trabajadores de Servicios Sanitarios Rurales"},"content":{"rendered":"<div class=\"flex_column av_one_full  flex_column_div av-zero-column-padding first  avia-builder-el-0  el_before_av_one_full  avia-builder-el-first  \" style='border-radius:0px; '><div  class='avia-image-container  av-styling-    avia-builder-el-1  avia-builder-el-no-sibling  avia-align-center '  itemprop=\"image\" itemscope=\"itemscope\" itemtype=\"https:\/\/schema.org\/ImageObject\"  ><div class='avia-image-container-inner'><div class='avia-image-overlay-wrap'><img decoding=\"async\" class='wp-image-55409 avia-img-lazy-loading-not-55409 avia_image' src=\"https:\/\/radiorevelacionfm.cl\/wp-content\/uploads\/2025\/06\/foto-1-5-1-1-1_optimized-1.jpg\" alt='' title='foto-1-(5)-(1)-(1)-(1)_optimized (1)' height=\"600\" width=\"1070\"  itemprop=\"thumbnailUrl\" srcset=\"https:\/\/radiorevelacionfm.cl\/wp-content\/uploads\/2025\/06\/foto-1-5-1-1-1_optimized-1.jpg 1070w, https:\/\/radiorevelacionfm.cl\/wp-content\/uploads\/2025\/06\/foto-1-5-1-1-1_optimized-1-300x168.jpg 300w, https:\/\/radiorevelacionfm.cl\/wp-content\/uploads\/2025\/06\/foto-1-5-1-1-1_optimized-1-1030x578.jpg 1030w, https:\/\/radiorevelacionfm.cl\/wp-content\/uploads\/2025\/06\/foto-1-5-1-1-1_optimized-1-768x431.jpg 768w, https:\/\/radiorevelacionfm.cl\/wp-content\/uploads\/2025\/06\/foto-1-5-1-1-1_optimized-1-705x395.jpg 705w, https:\/\/radiorevelacionfm.cl\/wp-content\/uploads\/2025\/06\/foto-1-5-1-1-1_optimized-1-450x252.jpg 450w, https:\/\/radiorevelacionfm.cl\/wp-content\/uploads\/2025\/06\/foto-1-5-1-1-1_optimized-1-600x336.jpg 600w\" sizes=\"(max-width: 1070px) 100vw, 1070px\" \/><\/div><\/div><\/div><\/div><div class=\"flex_column av_one_full  flex_column_div av-zero-column-padding first  avia-builder-el-2  el_after_av_one_full  el_before_av_one_full  column-top-margin\" style='border-radius:0px; '><section class=\"av_textblock_section \"  itemscope=\"itemscope\" itemtype=\"https:\/\/schema.org\/BlogPosting\" itemprop=\"blogPost\" ><div class='avia_textblock  '   itemprop=\"text\" ><p style=\"text-align: center;\"><strong><span style=\"font-size: 18pt;\">En Puerto Guadal se realiz\u00f3 segunda versi\u00f3n de capacitaciones para dirigentes y trabajadores de Servicios Sanitarios Rurales<\/span><\/strong><\/p>\n<div id=\"gtx-trans\" style=\"position: absolute; left: -50px; top: 4.31534px;\">\n<div class=\"gtx-trans-icon\"><\/div>\n<\/div>\n<\/div><\/section><\/div><div class=\"flex_column av_one_full  flex_column_div av-zero-column-padding first  avia-builder-el-4  el_after_av_one_full  el_before_av_hr  column-top-margin\" style='border-radius:0px; '><section class=\"av_textblock_section \"  itemscope=\"itemscope\" itemtype=\"https:\/\/schema.org\/BlogPosting\" itemprop=\"blogPost\" ><div class='avia_textblock  '   itemprop=\"text\" ><p style=\"text-align: justify;\">Por medio de un convenio entre la Subdirecci\u00f3n de Servicios Sanitarios Rurales (SSSR) de la Direcci\u00f3n de Obras Hidr\u00e1ulicas (DOH) del Ministerio de Obras P\u00fablicas (MOP), y la Universidad de Ays\u00e9n, se desarroll\u00f3 una nueva versi\u00f3n del ciclo de formaci\u00f3n t\u00e9cnica para comit\u00e9s de agua potable rural (APR) en nuestra regi\u00f3n.<\/p>\n<p style=\"text-align: justify;\">Esta iniciativa, forma parte de un convenio que cumple su segundo a\u00f1o, el cual va dirigido a dirigentes, administrativos y operadores de los Comit\u00e9s de APR. Tiene por objetivo compartir conocimientos, experiencias y mejorar continuamente la gesti\u00f3n de los Servicios. En esta oportunidad participaron Comit\u00e9s de APR pertenecientes a la zona sur de la regi\u00f3n (abarcando desde Villa Cerro Castillo a Villa O\u2019higgins), ampliando el alcance territorial y descentralizando este programa.<\/p>\n<p style=\"text-align: justify;\">Las jornadas que combinaron teor\u00eda y pr\u00e1ctica, estuvieron a cargo de docentes y especialistas de la UAys\u00e9n y la DOH. Adem\u00e1s, estuvo presente la Seremi del MOP, <strong>Paloma Jara<\/strong>, quien valor\u00f3 el desarrollo del programa en terreno y destac\u00f3 su enfoque descentralizador: <em>\u201cQueremos resaltar, sobre todo, la importancia de hacer este tipo de actividades en lugares que no sean Coyhaique. La descentralizaci\u00f3n es una labor del Gobierno, y queremos llevar nuestra capacitaci\u00f3n, nuestro conocimiento y nuestra preocupaci\u00f3n por el agua potable rural a cada rinc\u00f3n. Eso lo demostramos en Guadal.\u201d<\/em><\/p>\n<p style=\"text-align: justify;\">Durante las dos jornadas, los participantes reforzaron sus competencias en gesti\u00f3n administrativa, liderazgo comunitario y el uso de herramientas digitales como Excel, Word, Google Workspace, WhatsApp, entre otros. A su vez, los operadores recibieron formaci\u00f3n te\u00f3rica y pr\u00e1ctica en operaci\u00f3n, mantenimiento y control de calidad del agua, trabajando directamente en los sistemas de APR del territorio.<\/p>\n<p style=\"text-align: justify;\">El director regional de Obras Hidr\u00e1ulicas, <strong>Francisco Real<\/strong>, resalt\u00f3 el compromiso de los asistentes: <em>\u201cHa sido muy gratificante, tanto para nosotros como DOH como para los dirigentes y operadores. Se vio una participaci\u00f3n activa en los talleres, desde el manejo de tableros el\u00e9ctricos hasta las planillas de c\u00e1lculo. M\u00e1s que nada, quiero agradecerles su dedicaci\u00f3n, son personas que trabajan por sus comunidades sin recibir un sueldo, y eso tiene un valor enorme.\u201d<\/em><\/p>\n<p style=\"text-align: justify;\">Adem\u00e1s del enfoque t\u00e9cnico, la capacitaci\u00f3n tambi\u00e9n fue una instancia de intercambio de experiencias y desarrollo personal para los dirigentes. As\u00ed lo expres\u00f3 <strong>Deisy Medina Cort\u00e9s<\/strong>, secretaria del comit\u00e9 APR de Cerro Castillo y dirigenta de la Mesa Nacional de APR: <em>\u201cHa sido una jornada muy bonita. Pudimos compartir, aprender y tambi\u00e9n implementar lo que hemos ido aprendiendo como dirigentas. Me quedo con un concepto nuevo que vamos a aplicar: los devengados. Antes trabaj\u00e1bamos con ingresos y egresos, pero ahora vamos a poder completar mejor nuestra gesti\u00f3n.\u201d<\/em><\/p>\n<p style=\"text-align: justify;\">Desde la Universidad de Ays\u00e9n, se subray\u00f3 que esta acci\u00f3n se enmarca en su nueva Pol\u00edtica de Vinculaci\u00f3n con el Medio y responde directamente al mandato legal de las universidades estatales de contribuir al desarrollo sustentable y a las pol\u00edticas p\u00fablicas en su entorno regional. <strong>Gabriel N\u00fa\u00f1ez<\/strong>, director general de V\u00ednculos de la UAys\u00e9n, lo expres\u00f3 as\u00ed: <em>\u201cEsta iniciativa contempla tanto la formaci\u00f3n mediante cursos de capacitaci\u00f3n como el desarrollo y acompa\u00f1amiento t\u00e9cnico de proyectos de inversi\u00f3n. Se inscribe directamente en el \u00e1mbito de asistencia t\u00e9cnica definido en nuestra nueva pol\u00edtica de vinculaci\u00f3n con el medio, consolidando a la Universidad como un socio estrat\u00e9gico del Estado. Generamos bienes p\u00fablicos y aportamos soluciones territoriales reales, con pertinencia y compromiso regional.\u201d<\/em><\/p>\n<\/div><\/section><\/div><div  style='height:50px' class='hr hr-invisible   avia-builder-el-6  el_after_av_one_full  el_before_av_social_share '><span class='hr-inner ' ><span class='hr-inner-style'><\/span><\/span><\/div><\/p>\n<div  class='av-social-sharing-box  avia-builder-el-7  el_after_av_hr  el_before_av_hr  '><div class='av-share-box'><h5 class='av-share-link-description av-no-toc '>Compartir esta noticia<\/h5><ul class='av-share-box-list noLightbox'><li class='av-share-link av-social-link-facebook' ><a target=\"_blank\" aria-label=\"Compartir en Facebook\" href='https:\/\/www.facebook.com\/sharer.php?u=https:\/\/radiorevelacionfm.cl\/?p=55408&#038;t=En%20Puerto%20Guadal%20se%20realiz%C3%B3%20segunda%20versi%C3%B3n%20de%20capacitaciones%20para%20dirigentes%20y%20trabajadores%20de%20Servicios%20Sanitarios%20Rurales' aria-hidden='false' data-av_icon='\ue8f3' data-av_iconfont='entypo-fontello' title='' data-avia-related-tooltip='Compartir en Facebook' rel=\"noopener\"><span class='avia_hidden_link_text'>Compartir en Facebook<\/span><\/a><\/li><li class='av-share-link av-social-link-twitter' ><a target=\"_blank\" aria-label=\"Compartir en Twitter\" href='https:\/\/twitter.com\/share?text=En%20Puerto%20Guadal%20se%20realiz%C3%B3%20segunda%20versi%C3%B3n%20de%20capacitaciones%20para%20dirigentes%20y%20trabajadores%20de%20Servicios%20Sanitarios%20Rurales&#038;url=https:\/\/radiorevelacionfm.cl\/?p=55408' aria-hidden='false' data-av_icon='\ue8f1' data-av_iconfont='entypo-fontello' title='' data-avia-related-tooltip='Compartir en Twitter' rel=\"noopener\"><span class='avia_hidden_link_text'>Compartir en Twitter<\/span><\/a><\/li><li class='av-share-link av-social-link-whatsapp' ><a target=\"_blank\" aria-label=\"Compartir en Whatsapp\" href='https:\/\/api.whatsapp.com\/send?text=https:\/\/radiorevelacionfm.cl\/?p=55408' aria-hidden='false' data-av_icon='\uf232' data-av_iconfont='entypo-fontello' title='' data-avia-related-tooltip='Compartir en Whatsapp' rel=\"noopener\"><span class='avia_hidden_link_text'>Compartir en Whatsapp<\/span><\/a><\/li><li class='av-share-link av-social-link-linkedin' ><a target=\"_blank\" aria-label=\"Compartir en LinkedIn\" href='https:\/\/linkedin.com\/shareArticle?mini=true&#038;title=En%20Puerto%20Guadal%20se%20realiz%C3%B3%20segunda%20versi%C3%B3n%20de%20capacitaciones%20para%20dirigentes%20y%20trabajadores%20de%20Servicios%20Sanitarios%20Rurales&#038;url=https:\/\/radiorevelacionfm.cl\/?p=55408' aria-hidden='false' data-av_icon='\ue8fc' data-av_iconfont='entypo-fontello' title='' data-avia-related-tooltip='Compartir en LinkedIn' rel=\"noopener\"><span class='avia_hidden_link_text'>Compartir en LinkedIn<\/span><\/a><\/li><li class='av-share-link av-social-link-mail' ><a  aria-label=\"Compartir por correo\" href='mailto:?subject=En%20Puerto%20Guadal%20se%20realiz%C3%B3%20segunda%20versi%C3%B3n%20de%20capacitaciones%20para%20dirigentes%20y%20trabajadores%20de%20Servicios%20Sanitarios%20Rurales&#038;body=https:\/\/radiorevelacionfm.cl\/?p=55408' aria-hidden='false' data-av_icon='\ue805' data-av_iconfont='entypo-fontello' title='' data-avia-related-tooltip='Compartir por correo'><span class='avia_hidden_link_text'>Compartir por correo<\/span><\/a><\/li><\/ul><\/div><\/div>\n<div  style='height:50px' class='hr hr-invisible   avia-builder-el-8  el_after_av_social_share  el_before_av_comments_list '><span class='hr-inner ' ><span class='hr-inner-style'><\/span><\/span><\/div>\n<div  class='av-buildercomment  av-blog-meta-html-info-disabled av-blog-meta-tag-disabled  '><\/div>\n","protected":false},"excerpt":{"rendered":"","protected":false},"author":1,"featured_media":55409,"comment_status":"closed","ping_status":"closed","sticky":false,"template":"","format":"standard","meta":{"footnotes":""},"categories":[38],"tags":[],"class_list":["post-55408","post","type-post","status-publish","format-standard","has-post-thumbnail","hentry","category-regional"],"jetpack_featured_media_url":"https:\/\/radiorevelacionfm.cl\/wp-content\/uploads\/2025\/06\/foto-1-5-1-1-1_optimized-1.jpg","_links":{"self":[{"href":"https:\/\/radiorevelacionfm.cl\/index.php?rest_route=\/wp\/v2\/posts\/55408","targetHints":{"allow":["GET"]}}],"collection":[{"href":"https:\/\/radiorevelacionfm.cl\/index.php?rest_route=\/wp\/v2\/posts"}],"about":[{"href":"https:\/\/radiorevelacionfm.cl\/index.php?rest_route=\/wp\/v2\/types\/post"}],"author":[{"embeddable":true,"href":"https:\/\/radiorevelacionfm.cl\/index.php?rest_route=\/wp\/v2\/users\/1"}],"replies":[{"embeddable":true,"href":"https:\/\/radiorevelacionfm.cl\/index.php?rest_route=%2Fwp%2Fv2%2Fcomments&post=55408"}],"version-history":[{"count":2,"href":"https:\/\/radiorevelacionfm.cl\/index.php?rest_route=\/wp\/v2\/posts\/55408\/revisions"}],"predecessor-version":[{"id":55416,"href":"https:\/\/radiorevelacionfm.cl\/index.php?rest_route=\/wp\/v2\/posts\/55408\/revisions\/55416"}],"wp:featuredmedia":[{"embeddable":true,"href":"https:\/\/radiorevelacionfm.cl\/index.php?rest_route=\/wp\/v2\/media\/55409"}],"wp:attachment":[{"href":"https:\/\/radiorevelacionfm.cl\/index.php?rest_route=%2Fwp%2Fv2%2Fmedia&parent=55408"}],"wp:term":[{"taxonomy":"category","embeddable":true,"href":"https:\/\/radiorevelacionfm.cl\/index.php?rest_route=%2Fwp%2Fv2%2Fcategories&post=55408"},{"taxonomy":"post_tag","embeddable":true,"href":"https:\/\/radiorevelacionfm.cl\/index.php?rest_route=%2Fwp%2Fv2%2Ftags&post=55408"}],"curies":[{"name":"wp","href":"https:\/\/api.w.org\/{rel}","templated":true}]}}