{"id":55404,"date":"2025-06-18T12:20:30","date_gmt":"2025-06-18T15:20:30","guid":{"rendered":"https:\/\/radiorevelacionfm.cl\/?p=55404"},"modified":"2025-06-18T12:20:30","modified_gmt":"2025-06-18T15:20:30","slug":"junaeb-inicio-en-coyhaique-entrega-de-becas-tic-a-865-estudiantes-de-septimo-basico-de-la-region","status":"publish","type":"post","link":"https:\/\/radiorevelacionfm.cl\/?p=55404","title":{"rendered":"Junaeb Inici\u00f3 en Coyhaique entrega de Becas TIC a 865 estudiantes de S\u00e9ptimo B\u00e1sico de la regi\u00f3n"},"content":{"rendered":"<div class=\"flex_column av_one_full  flex_column_div av-zero-column-padding first  avia-builder-el-0  el_before_av_one_full  avia-builder-el-first  \" style='border-radius:0px; '><div  class='avia-image-container  av-styling-    avia-builder-el-1  avia-builder-el-no-sibling  avia-align-center '  itemprop=\"image\" itemscope=\"itemscope\" itemtype=\"https:\/\/schema.org\/ImageObject\"  ><div class='avia-image-container-inner'><div class='avia-image-overlay-wrap'><img decoding=\"async\" class='wp-image-55405 avia-img-lazy-loading-not-55405 avia_image' src=\"https:\/\/radiorevelacionfm.cl\/wp-content\/uploads\/2025\/06\/becas-tic-1-1_optimized.jpeg\" alt='' title='becas-tic-1-(1)_optimized' height=\"600\" width=\"800\"  itemprop=\"thumbnailUrl\" srcset=\"https:\/\/radiorevelacionfm.cl\/wp-content\/uploads\/2025\/06\/becas-tic-1-1_optimized.jpeg 800w, https:\/\/radiorevelacionfm.cl\/wp-content\/uploads\/2025\/06\/becas-tic-1-1_optimized-300x225.jpeg 300w, https:\/\/radiorevelacionfm.cl\/wp-content\/uploads\/2025\/06\/becas-tic-1-1_optimized-768x576.jpeg 768w, https:\/\/radiorevelacionfm.cl\/wp-content\/uploads\/2025\/06\/becas-tic-1-1_optimized-705x529.jpeg 705w, https:\/\/radiorevelacionfm.cl\/wp-content\/uploads\/2025\/06\/becas-tic-1-1_optimized-450x338.jpeg 450w, https:\/\/radiorevelacionfm.cl\/wp-content\/uploads\/2025\/06\/becas-tic-1-1_optimized-600x450.jpeg 600w\" sizes=\"(max-width: 800px) 100vw, 800px\" \/><\/div><\/div><\/div><\/div><div class=\"flex_column av_one_full  flex_column_div av-zero-column-padding first  avia-builder-el-2  el_after_av_one_full  el_before_av_one_full  column-top-margin\" style='border-radius:0px; '><section class=\"av_textblock_section \"  itemscope=\"itemscope\" itemtype=\"https:\/\/schema.org\/BlogPosting\" itemprop=\"blogPost\" ><div class='avia_textblock  '   itemprop=\"text\" ><p style=\"text-align: center;\"><strong><span style=\"font-size: 18pt;\">Junaeb Inici\u00f3 en Coyhaique entrega de Becas TIC a 865 estudiantes de S\u00e9ptimo B\u00e1sico de la regi\u00f3n<\/span><\/strong><\/p>\n<div id=\"gtx-trans\" style=\"position: absolute; left: -50px; top: 4.31534px;\">\n<div class=\"gtx-trans-icon\"><\/div>\n<\/div>\n<\/div><\/section><\/div><div class=\"flex_column av_one_full  flex_column_div av-zero-column-padding first  avia-builder-el-4  el_after_av_one_full  el_before_av_hr  column-top-margin\" style='border-radius:0px; '><section class=\"av_textblock_section \"  itemscope=\"itemscope\" itemtype=\"https:\/\/schema.org\/BlogPosting\" itemprop=\"blogPost\" ><div class='avia_textblock  '   itemprop=\"text\" ><p class=\"v1MsoNormal\" style=\"text-align: justify;\" align=\"center\"><i>Durante la jornada del 17 de Junio en el Gimnasio de la Escuela Baquedano de Coyhaique, Junaeb dio inicio a la entrega de computadores personales del programa Becas Acceso a Tecnolog\u00eda, Informaci\u00f3n y Comunicaciones (TIC).<\/i><\/p>\n<p class=\"v1MsoNormal\" style=\"text-align: justify;\">El programa Becas Acceso a Tecnolog\u00eda, Informaci\u00f3n y Comunicaciones (TIC)\u00a0consiste en proveer a la o el estudiante beneficiario un set de herramientas TIC para el estudio que corresponden a un computador (notebook) con softwares, contenido digitalizado y conectividad a internet.\u00a0Su principal objetivo es\u00a0contribuir al logro de objetivos de aprendizajes de estudiantes en la educaci\u00f3n escolar que requieren de un mejor acceso a las tecnolog\u00edas.<\/p>\n<p class=\"v1MsoNormal\" style=\"text-align: justify;\">En la actividad realizada el martes 17 de Junio, cerca de 383 estudiantes de 7\u00b0 b\u00e1sico de los distintos establecimientos de la comuna de Coyhaique recibieron su computador, actividad en la que estuvieron acompa\u00f1ados del Delegado Presidencial Regional Jorge D\u00edaz Guzm\u00e1n, la Seremi de Educaci\u00f3n, Katherine Miqueles, el Director Regional de JUNAEB, Manuel Vivar Aguila, y el Director del\u00a0<a href=\"https:\/\/www.facebook.com\/SLEPAysen?__cft__%5b0%5d=AZUGy0WZaKlU2Kmmwz88iVqQANSGd2LeTV7VUCaWnkCC5R3SwOi_MkrTiNUhHKggpgBCCCR8TOElKVvW-nssb1e3DeoclDq43hf6xdH6G3uqdTqlY_dptVOd9DDevQRPIW2qcDURi_BPsE9wh_a5c3wUO01sjNc5z2PhN4DsG_UJW-hEKaRvixCTLtDo4-ijhQhXXQ_f_w_jEX_U1D2SDUUA&amp;__tn__=-%5dK-R\" target=\"_blank\" rel=\"noopener noreferrer\">Servicio Local de Educaci\u00f3n P\u00fablica Ays\u00e9n<\/a>\u00a0Sebasti\u00e1n Gonz\u00e1lez.<\/p>\n<p class=\"v1MsoNormal\" style=\"text-align: justify;\">El Director Regional de Junaeb Manuel Vivar detall\u00f3 que \u201c Hoy iniciamos la entrega en la comuna de Coyhaique, pero se debe considerar que en la regi\u00f3n de Ays\u00e9n se entregar\u00e1n equipos para un total de 865 estudiantes de 7\u00b0 b\u00e1sico; beneficio que es de car\u00e1cter universal para estudiantes de establecimientos p\u00fablicos. Junaeb esta presente en la trayectoria educativa de los estudiantes desde distintos \u00e1mbitos: la alimentaci\u00f3n, la salud o la entrega de becas, y en este caso, tambi\u00e9n a trav\u00e9s de la entrega de una herramienta fundamental para acercar las tecnolog\u00edas a los hogares y facilitar los procesos de aprendizaje en el contexto actual\u201d.<\/p>\n<p class=\"v1MsoNormal\" style=\"text-align: justify;\">Durante esta primera jornada de entrega de la Beca TIC, las autoridades presentes constataron la alegr\u00eda de los estudiantes y de sus padres por contar con este equipamiento tecnol\u00f3gico de punta. As\u00ed lo expres\u00f3 Antonella Col\u00ed Santana\u00a0 estudiante de la Escuela Baquedano quien dijo \u201cme alegra recibir este computador porque es primer computador personal y con el podr\u00e9 realizar mis tareas y labores escolares\u201d.<\/p>\n<p class=\"v1MsoNormal\" style=\"text-align: justify;\">El Delegado Presidencial Jorge D\u00edaz Guzm\u00e1n destac\u00f3 que \u201cDurante el periodo de Gobierno del Presidente Gabriel Boric se est\u00e1n entregando en la regi\u00f3n cerca de 3.598 computadores, y eso forma parte del cumplimiento de compromiso de nuestra gesti\u00f3n, que es dotar a los estudiantes de s\u00e9ptimo b\u00e1sico de un computador en forma gratuita y con conexi\u00f3n a internet. Estamos contentos porque esta pol\u00edtica p\u00fablica incorpora a los alumnos de S\u00e9ptimo B\u00e1sico a las nuevas tecnolog\u00edas de la informaci\u00f3n, a la conectividad ya que afortunadamente las 10 comunas de la regi\u00f3n cuentan con internet. Es decir, no solo estamos entreg\u00e1ndoles a nuestros estudiantes un equipo tecnol\u00f3gico sino la conexi\u00f3n al mundo\u201d.<\/p>\n<p class=\"v1MsoNormal\" style=\"text-align: justify;\">En esa misma l\u00ednea, la Seremi de Educaci\u00f3n Katherine Miqueles expres\u00f3 que \u201cA uno le alegra el coraz\u00f3n ver la emoci\u00f3n de los ni\u00f1os, ni\u00f1as y sus padres de recibir en muchos casos su primer computador. \u00a0Esta es una gran pol\u00edtica educativa para nuestro sistema escolar. Adem\u00e1s de reducir la brecha digital entre estudiantes de s\u00e9ptimo b\u00e1sico, este programa permite a familias completas acceder a un computador con conexi\u00f3n a Internet. Entonces, no solo reduce la brecha entre escolares, sino que tambi\u00e9n entre las familias ya que muchas veces los propios ni\u00f1os les ense\u00f1an a sus madres, padres, t\u00edos, abuelos o persona cuidadora a utilizar esta herramienta tan importante\u201d.<\/p>\n<p class=\"v1MsoNormal\" style=\"text-align: justify;\">El Director del Slep Ays\u00e9n Sebasti\u00e1n Gonz\u00e1lez en tanto manifest\u00f3 que \u201cEstamos contentos al ver la alegr\u00eda con la que nuestros estudiantes y sus familias reciben esta herramienta educativa. Esto est\u00e1 garantizado por Junaeb para los estudiantes de s\u00e9ptimo b\u00e1sicos de los colegios de nuestra red y eso es un gran esfuerzo que les abre a los estudiantes de la educaci\u00f3n p\u00fablica puertas hacia el mundo. Invitamos a las familias de los estudiantes a que con esta herramienta que reciben se involucren en la educaci\u00f3n de sus hijos con responsabilidad\u201d.<\/p>\n<p class=\"v1MsoNormal\" style=\"text-align: justify;\">Luis Reyes profesor encargado de inform\u00e1tica de la Escuela Rural de Valle Simpson comuna de Coyhaique coment\u00f3 que \u201cEl que nuestros estudiantes tengan este equipo impacta directa y positivamente en el aprendizaje sobre todo en el \u00e1rea rural apartada de los centros urbanos. Esto les abre much\u00edsimas puertas a nuestros estudiantes y es una oportunidad \u00fanica para que se incorporen al pa\u00eds en t\u00e9rminos de informaci\u00f3n\u201d.<\/p>\n<p class=\"v1MsoNormal\" style=\"text-align: justify;\">La Beca TIC de Junaeb\u00a0 es un beneficio que tiene car\u00e1cter de universal para estudiantes de la educaci\u00f3n p\u00fablica, mientras que para los estudiantes pertenecientes a establecimientos particulares subvencionados, existe una focalizaci\u00f3n de acuerdo a vulnerabilidad social definida por Ministerio de Desarrollo Social, asign\u00e1ndose el beneficio de acuerdo a la disponibilidad de cupos. El proceso de entrega de equipamiento continua durante las pr\u00f3ximas semanas en el resto de las comunas de la regi\u00f3n, con la expectativa de haber completado la entrega en las distintas localidades a mediados del mes de Agosto.<\/p>\n<\/div><\/section><\/div><div  style='height:50px' class='hr hr-invisible   avia-builder-el-6  el_after_av_one_full  el_before_av_social_share '><span class='hr-inner ' ><span class='hr-inner-style'><\/span><\/span><\/div><\/p>\n<div  class='av-social-sharing-box  avia-builder-el-7  el_after_av_hr  el_before_av_hr  '><div class='av-share-box'><h5 class='av-share-link-description av-no-toc '>Compartir esta noticia<\/h5><ul class='av-share-box-list noLightbox'><li class='av-share-link av-social-link-facebook' ><a target=\"_blank\" aria-label=\"Compartir en Facebook\" href='https:\/\/www.facebook.com\/sharer.php?u=https:\/\/radiorevelacionfm.cl\/?p=55404&#038;t=Junaeb%20Inici%C3%B3%20en%20Coyhaique%20entrega%20de%20Becas%20TIC%20a%20865%20estudiantes%20de%20S%C3%A9ptimo%20B%C3%A1sico%20de%20la%20regi%C3%B3n' aria-hidden='false' data-av_icon='\ue8f3' data-av_iconfont='entypo-fontello' title='' data-avia-related-tooltip='Compartir en Facebook' rel=\"noopener\"><span class='avia_hidden_link_text'>Compartir en Facebook<\/span><\/a><\/li><li class='av-share-link av-social-link-twitter' ><a target=\"_blank\" aria-label=\"Compartir en Twitter\" href='https:\/\/twitter.com\/share?text=Junaeb%20Inici%C3%B3%20en%20Coyhaique%20entrega%20de%20Becas%20TIC%20a%20865%20estudiantes%20de%20S%C3%A9ptimo%20B%C3%A1sico%20de%20la%20regi%C3%B3n&#038;url=https:\/\/radiorevelacionfm.cl\/?p=55404' aria-hidden='false' data-av_icon='\ue8f1' data-av_iconfont='entypo-fontello' title='' data-avia-related-tooltip='Compartir en Twitter' rel=\"noopener\"><span class='avia_hidden_link_text'>Compartir en Twitter<\/span><\/a><\/li><li class='av-share-link av-social-link-whatsapp' ><a target=\"_blank\" aria-label=\"Compartir en Whatsapp\" href='https:\/\/api.whatsapp.com\/send?text=https:\/\/radiorevelacionfm.cl\/?p=55404' aria-hidden='false' data-av_icon='\uf232' data-av_iconfont='entypo-fontello' title='' data-avia-related-tooltip='Compartir en Whatsapp' rel=\"noopener\"><span class='avia_hidden_link_text'>Compartir en Whatsapp<\/span><\/a><\/li><li class='av-share-link av-social-link-linkedin' ><a target=\"_blank\" aria-label=\"Compartir en LinkedIn\" href='https:\/\/linkedin.com\/shareArticle?mini=true&#038;title=Junaeb%20Inici%C3%B3%20en%20Coyhaique%20entrega%20de%20Becas%20TIC%20a%20865%20estudiantes%20de%20S%C3%A9ptimo%20B%C3%A1sico%20de%20la%20regi%C3%B3n&#038;url=https:\/\/radiorevelacionfm.cl\/?p=55404' aria-hidden='false' data-av_icon='\ue8fc' data-av_iconfont='entypo-fontello' title='' data-avia-related-tooltip='Compartir en LinkedIn' rel=\"noopener\"><span class='avia_hidden_link_text'>Compartir en LinkedIn<\/span><\/a><\/li><li class='av-share-link av-social-link-mail' ><a  aria-label=\"Compartir por correo\" href='mailto:?subject=Junaeb%20Inici%C3%B3%20en%20Coyhaique%20entrega%20de%20Becas%20TIC%20a%20865%20estudiantes%20de%20S%C3%A9ptimo%20B%C3%A1sico%20de%20la%20regi%C3%B3n&#038;body=https:\/\/radiorevelacionfm.cl\/?p=55404' aria-hidden='false' data-av_icon='\ue805' data-av_iconfont='entypo-fontello' title='' data-avia-related-tooltip='Compartir por correo'><span class='avia_hidden_link_text'>Compartir por correo<\/span><\/a><\/li><\/ul><\/div><\/div>\n<div  style='height:50px' class='hr hr-invisible   avia-builder-el-8  el_after_av_social_share  el_before_av_comments_list '><span class='hr-inner ' ><span class='hr-inner-style'><\/span><\/span><\/div>\n<div  class='av-buildercomment  av-blog-meta-html-info-disabled av-blog-meta-tag-disabled  '><\/div>\n","protected":false},"excerpt":{"rendered":"","protected":false},"author":1,"featured_media":55405,"comment_status":"closed","ping_status":"closed","sticky":false,"template":"","format":"standard","meta":{"footnotes":""},"categories":[49],"tags":[],"class_list":["post-55404","post","type-post","status-publish","format-standard","has-post-thumbnail","hentry","category-educacion"],"jetpack_featured_media_url":"https:\/\/radiorevelacionfm.cl\/wp-content\/uploads\/2025\/06\/becas-tic-1-1_optimized.jpeg","_links":{"self":[{"href":"https:\/\/radiorevelacionfm.cl\/index.php?rest_route=\/wp\/v2\/posts\/55404","targetHints":{"allow":["GET"]}}],"collection":[{"href":"https:\/\/radiorevelacionfm.cl\/index.php?rest_route=\/wp\/v2\/posts"}],"about":[{"href":"https:\/\/radiorevelacionfm.cl\/index.php?rest_route=\/wp\/v2\/types\/post"}],"author":[{"embeddable":true,"href":"https:\/\/radiorevelacionfm.cl\/index.php?rest_route=\/wp\/v2\/users\/1"}],"replies":[{"embeddable":true,"href":"https:\/\/radiorevelacionfm.cl\/index.php?rest_route=%2Fwp%2Fv2%2Fcomments&post=55404"}],"version-history":[{"count":2,"href":"https:\/\/radiorevelacionfm.cl\/index.php?rest_route=\/wp\/v2\/posts\/55404\/revisions"}],"predecessor-version":[{"id":55407,"href":"https:\/\/radiorevelacionfm.cl\/index.php?rest_route=\/wp\/v2\/posts\/55404\/revisions\/55407"}],"wp:featuredmedia":[{"embeddable":true,"href":"https:\/\/radiorevelacionfm.cl\/index.php?rest_route=\/wp\/v2\/media\/55405"}],"wp:attachment":[{"href":"https:\/\/radiorevelacionfm.cl\/index.php?rest_route=%2Fwp%2Fv2%2Fmedia&parent=55404"}],"wp:term":[{"taxonomy":"category","embeddable":true,"href":"https:\/\/radiorevelacionfm.cl\/index.php?rest_route=%2Fwp%2Fv2%2Fcategories&post=55404"},{"taxonomy":"post_tag","embeddable":true,"href":"https:\/\/radiorevelacionfm.cl\/index.php?rest_route=%2Fwp%2Fv2%2Ftags&post=55404"}],"curies":[{"name":"wp","href":"https:\/\/api.w.org\/{rel}","templated":true}]}}