{"id":55400,"date":"2025-06-18T12:12:09","date_gmt":"2025-06-18T15:12:09","guid":{"rendered":"https:\/\/radiorevelacionfm.cl\/?p=55400"},"modified":"2025-06-18T12:12:09","modified_gmt":"2025-06-18T15:12:09","slug":"inacap-y-edelaysen-firman-convenio-para-fortalecer-el-aprendizaje-practico-de-estudiantes","status":"publish","type":"post","link":"https:\/\/radiorevelacionfm.cl\/?p=55400","title":{"rendered":"Inacap y Edelaysen firman convenio para fortalecer el aprendizaje pr\u00e1ctico de estudiantes"},"content":{"rendered":"<div class=\"flex_column av_one_full  flex_column_div av-zero-column-padding first  avia-builder-el-0  el_before_av_one_full  avia-builder-el-first  \" style='border-radius:0px; '><div  class='avia-image-container  av-styling-    avia-builder-el-1  avia-builder-el-no-sibling  avia-align-center '  itemprop=\"image\" itemscope=\"itemscope\" itemtype=\"https:\/\/schema.org\/ImageObject\"  ><div class='avia-image-container-inner'><div class='avia-image-overlay-wrap'><img decoding=\"async\" class='wp-image-55401 avia-img-lazy-loading-not-55401 avia_image' src=\"https:\/\/radiorevelacionfm.cl\/wp-content\/uploads\/2025\/06\/17.06.2025-Alianza-Inacap1-1-1.jpeg\" alt='' title='17.06.2025 Alianza Inacap1 (1) (1)' height=\"600\" width=\"800\"  itemprop=\"thumbnailUrl\" srcset=\"https:\/\/radiorevelacionfm.cl\/wp-content\/uploads\/2025\/06\/17.06.2025-Alianza-Inacap1-1-1.jpeg 800w, https:\/\/radiorevelacionfm.cl\/wp-content\/uploads\/2025\/06\/17.06.2025-Alianza-Inacap1-1-1-300x225.jpeg 300w, https:\/\/radiorevelacionfm.cl\/wp-content\/uploads\/2025\/06\/17.06.2025-Alianza-Inacap1-1-1-768x576.jpeg 768w, https:\/\/radiorevelacionfm.cl\/wp-content\/uploads\/2025\/06\/17.06.2025-Alianza-Inacap1-1-1-705x529.jpeg 705w, https:\/\/radiorevelacionfm.cl\/wp-content\/uploads\/2025\/06\/17.06.2025-Alianza-Inacap1-1-1-450x338.jpeg 450w, https:\/\/radiorevelacionfm.cl\/wp-content\/uploads\/2025\/06\/17.06.2025-Alianza-Inacap1-1-1-600x450.jpeg 600w\" sizes=\"(max-width: 800px) 100vw, 800px\" \/><\/div><\/div><\/div><\/div><div class=\"flex_column av_one_full  flex_column_div av-zero-column-padding first  avia-builder-el-2  el_after_av_one_full  el_before_av_one_full  column-top-margin\" style='border-radius:0px; '><section class=\"av_textblock_section \"  itemscope=\"itemscope\" itemtype=\"https:\/\/schema.org\/BlogPosting\" itemprop=\"blogPost\" ><div class='avia_textblock  '   itemprop=\"text\" ><p style=\"text-align: center;\"><strong><span style=\"font-size: 18pt;\">Inacap y Edelaysen firman convenio para fortalecer el aprendizaje pr\u00e1ctico de estudiantes<\/span><\/strong><\/p>\n<div id=\"gtx-trans\" style=\"position: absolute; left: -50px; top: 4.31534px;\">\n<div class=\"gtx-trans-icon\"><\/div>\n<\/div>\n<\/div><\/section><\/div><div class=\"flex_column av_one_full  flex_column_div av-zero-column-padding first  avia-builder-el-4  el_after_av_one_full  el_before_av_hr  column-top-margin\" style='border-radius:0px; '><section class=\"av_textblock_section \"  itemscope=\"itemscope\" itemtype=\"https:\/\/schema.org\/BlogPosting\" itemprop=\"blogPost\" ><div class='avia_textblock  '   itemprop=\"text\" ><p style=\"text-align: justify;\"><em>Esta alianza permitir\u00e1 que los estudiantes de primer a\u00f1o de la carrera de Administraci\u00f3n de Empresas apliquen sus conocimientos en desaf\u00edos reales vinculados a la innovaci\u00f3n.<\/em><\/p>\n<p style=\"text-align: justify;\">En una ceremonia realizada en Inacap sede Coyhaique, Edelaysen firm\u00f3 un convenio de colaboraci\u00f3n que permitir\u00e1 a estudiantes de primer a\u00f1o de la carrera de Administraci\u00f3n de Empresas de la instituci\u00f3n, participar en un proyecto real propuesto por la el\u00e9ctrica en el contexto de su asignatura de Innovaci\u00f3n y Emprendimiento.<\/p>\n<p style=\"text-align: justify;\">La iniciativa busca acercar a los j\u00f3venes al mundo laboral a trav\u00e9s de una experiencia concreta, por lo que los estudiantes se encuentran trabajando en grupos para aplicar sus conocimientos y proponer soluciones a una necesidad planteada. De esa manera, han desarrollado estas ideas durante el semestre, las que ser\u00e1n expuestas dentro de su examen final de la asignatura.<\/p>\n<p style=\"text-align: justify;\">En ese sentido, el Vicerrector de la Instituci\u00f3n Patrice Van de Maele agreg\u00f3 \u201cEste convenio genera en la pr\u00e1ctica que, estudiantes nuestros, concurran a la empresa \u2013 Edelaysen &#8211; , se consensue alg\u00fan \u00e1rea donde se busca instaurar o generar alguna idea de innovaci\u00f3n, fundamentalmente, de acuerdo con los procesos que la empresa pueda tener. Nuestros estudiantes con una mirada desde m\u00e1s de la teor\u00eda, ven la pr\u00e1ctica de lo que hace la empresa y encuentran o buscan soluciones de ese tipo\u201d.<\/p>\n<p style=\"text-align: justify;\">As\u00ed mismo, Mar\u00eda de los \u00c1ngeles Gajardo, jefa de Servicio al Cliente de Edelaysen destac\u00f3 el valor de este tipo de colaboraciones, que permiten generar v\u00ednculos con el mundo acad\u00e9mico, agregando qu\u00e9: \u201cGracias a esta colaboraci\u00f3n con Inacap, podemos entregar desaf\u00edos y problem\u00e1ticas reales hacia los estudiantes, de tal forma que ellos puedan robustecerse como estudiantes y que al llegar al fin de su carrera ya tengan de cierta forma un poco de experiencia en el mundo laboral y tambi\u00e9n para nosotros es una buena mirada de eventualmente soluciones un poco distintas, m\u00e1s frescas sobre como se podr\u00edan hacer las cosas y tambi\u00e9n aportar al desarrollo de la regi\u00f3n\u201d.<\/p>\n<p style=\"text-align: justify;\">La actividad marca el inicio de una etapa de trabajo conjunto entre ambas instituciones, que permitir\u00e1 conectar la innovaci\u00f3n con la realidad del sector energ\u00e9tico y abrir espacios para nuevas formas de aprendizaje.<\/p>\n<p style=\"text-align: justify;\"><strong>\u00a0<\/strong><\/p>\n<p style=\"text-align: justify;\"><strong>\u00a0<\/strong><\/p>\n<\/div><\/section><\/div><div  style='height:50px' class='hr hr-invisible   avia-builder-el-6  el_after_av_one_full  el_before_av_social_share '><span class='hr-inner ' ><span class='hr-inner-style'><\/span><\/span><\/div><\/p>\n<div  class='av-social-sharing-box  avia-builder-el-7  el_after_av_hr  el_before_av_hr  '><div class='av-share-box'><h5 class='av-share-link-description av-no-toc '>Compartir esta noticia<\/h5><ul class='av-share-box-list noLightbox'><li class='av-share-link av-social-link-facebook' ><a target=\"_blank\" aria-label=\"Compartir en Facebook\" href='https:\/\/www.facebook.com\/sharer.php?u=https:\/\/radiorevelacionfm.cl\/?p=55400&#038;t=Inacap%20y%20Edelaysen%20firman%20convenio%20para%20fortalecer%20el%20aprendizaje%20pr%C3%A1ctico%20de%20estudiantes' aria-hidden='false' data-av_icon='\ue8f3' data-av_iconfont='entypo-fontello' title='' data-avia-related-tooltip='Compartir en Facebook' rel=\"noopener\"><span class='avia_hidden_link_text'>Compartir en Facebook<\/span><\/a><\/li><li class='av-share-link av-social-link-twitter' ><a target=\"_blank\" aria-label=\"Compartir en Twitter\" href='https:\/\/twitter.com\/share?text=Inacap%20y%20Edelaysen%20firman%20convenio%20para%20fortalecer%20el%20aprendizaje%20pr%C3%A1ctico%20de%20estudiantes&#038;url=https:\/\/radiorevelacionfm.cl\/?p=55400' aria-hidden='false' data-av_icon='\ue8f1' data-av_iconfont='entypo-fontello' title='' data-avia-related-tooltip='Compartir en Twitter' rel=\"noopener\"><span class='avia_hidden_link_text'>Compartir en Twitter<\/span><\/a><\/li><li class='av-share-link av-social-link-whatsapp' ><a target=\"_blank\" aria-label=\"Compartir en Whatsapp\" href='https:\/\/api.whatsapp.com\/send?text=https:\/\/radiorevelacionfm.cl\/?p=55400' aria-hidden='false' data-av_icon='\uf232' data-av_iconfont='entypo-fontello' title='' data-avia-related-tooltip='Compartir en Whatsapp' rel=\"noopener\"><span class='avia_hidden_link_text'>Compartir en Whatsapp<\/span><\/a><\/li><li class='av-share-link av-social-link-linkedin' ><a target=\"_blank\" aria-label=\"Compartir en LinkedIn\" href='https:\/\/linkedin.com\/shareArticle?mini=true&#038;title=Inacap%20y%20Edelaysen%20firman%20convenio%20para%20fortalecer%20el%20aprendizaje%20pr%C3%A1ctico%20de%20estudiantes&#038;url=https:\/\/radiorevelacionfm.cl\/?p=55400' aria-hidden='false' data-av_icon='\ue8fc' data-av_iconfont='entypo-fontello' title='' data-avia-related-tooltip='Compartir en LinkedIn' rel=\"noopener\"><span class='avia_hidden_link_text'>Compartir en LinkedIn<\/span><\/a><\/li><li class='av-share-link av-social-link-mail' ><a  aria-label=\"Compartir por correo\" href='mailto:?subject=Inacap%20y%20Edelaysen%20firman%20convenio%20para%20fortalecer%20el%20aprendizaje%20pr%C3%A1ctico%20de%20estudiantes&#038;body=https:\/\/radiorevelacionfm.cl\/?p=55400' aria-hidden='false' data-av_icon='\ue805' data-av_iconfont='entypo-fontello' title='' data-avia-related-tooltip='Compartir por correo'><span class='avia_hidden_link_text'>Compartir por correo<\/span><\/a><\/li><\/ul><\/div><\/div>\n<div  style='height:50px' class='hr hr-invisible   avia-builder-el-8  el_after_av_social_share  el_before_av_comments_list '><span class='hr-inner ' ><span class='hr-inner-style'><\/span><\/span><\/div>\n<div  class='av-buildercomment  av-blog-meta-html-info-disabled av-blog-meta-tag-disabled  '><\/div>\n","protected":false},"excerpt":{"rendered":"","protected":false},"author":1,"featured_media":55401,"comment_status":"closed","ping_status":"closed","sticky":false,"template":"","format":"standard","meta":{"footnotes":""},"categories":[38],"tags":[],"class_list":["post-55400","post","type-post","status-publish","format-standard","has-post-thumbnail","hentry","category-regional"],"jetpack_featured_media_url":"https:\/\/radiorevelacionfm.cl\/wp-content\/uploads\/2025\/06\/17.06.2025-Alianza-Inacap1-1-1.jpeg","_links":{"self":[{"href":"https:\/\/radiorevelacionfm.cl\/index.php?rest_route=\/wp\/v2\/posts\/55400","targetHints":{"allow":["GET"]}}],"collection":[{"href":"https:\/\/radiorevelacionfm.cl\/index.php?rest_route=\/wp\/v2\/posts"}],"about":[{"href":"https:\/\/radiorevelacionfm.cl\/index.php?rest_route=\/wp\/v2\/types\/post"}],"author":[{"embeddable":true,"href":"https:\/\/radiorevelacionfm.cl\/index.php?rest_route=\/wp\/v2\/users\/1"}],"replies":[{"embeddable":true,"href":"https:\/\/radiorevelacionfm.cl\/index.php?rest_route=%2Fwp%2Fv2%2Fcomments&post=55400"}],"version-history":[{"count":2,"href":"https:\/\/radiorevelacionfm.cl\/index.php?rest_route=\/wp\/v2\/posts\/55400\/revisions"}],"predecessor-version":[{"id":55403,"href":"https:\/\/radiorevelacionfm.cl\/index.php?rest_route=\/wp\/v2\/posts\/55400\/revisions\/55403"}],"wp:featuredmedia":[{"embeddable":true,"href":"https:\/\/radiorevelacionfm.cl\/index.php?rest_route=\/wp\/v2\/media\/55401"}],"wp:attachment":[{"href":"https:\/\/radiorevelacionfm.cl\/index.php?rest_route=%2Fwp%2Fv2%2Fmedia&parent=55400"}],"wp:term":[{"taxonomy":"category","embeddable":true,"href":"https:\/\/radiorevelacionfm.cl\/index.php?rest_route=%2Fwp%2Fv2%2Fcategories&post=55400"},{"taxonomy":"post_tag","embeddable":true,"href":"https:\/\/radiorevelacionfm.cl\/index.php?rest_route=%2Fwp%2Fv2%2Ftags&post=55400"}],"curies":[{"name":"wp","href":"https:\/\/api.w.org\/{rel}","templated":true}]}}