{"id":55396,"date":"2025-06-18T11:18:52","date_gmt":"2025-06-18T14:18:52","guid":{"rendered":"https:\/\/radiorevelacionfm.cl\/?p=55396"},"modified":"2025-06-18T11:18:52","modified_gmt":"2025-06-18T14:18:52","slug":"con-exposicion-de-dibujos-stand-informativos-e-intervencion-se-conmemoro-el-dia-mundial-contra-el-trabajo-infantil-en-coyhaique","status":"publish","type":"post","link":"https:\/\/radiorevelacionfm.cl\/?p=55396","title":{"rendered":"Con exposici\u00f3n de dibujos, stand informativos e intervenci\u00f3n, se conmemor\u00f3 el D\u00eda Mundial Contra el Trabajo Infantil en Coyhaique"},"content":{"rendered":"<div class=\"flex_column av_one_full  flex_column_div av-zero-column-padding first  avia-builder-el-0  el_before_av_one_full  avia-builder-el-first  \" style='border-radius:0px; '><div  class='avia-image-container  av-styling-    avia-builder-el-1  avia-builder-el-no-sibling  avia-align-center '  itemprop=\"image\" itemscope=\"itemscope\" itemtype=\"https:\/\/schema.org\/ImageObject\"  ><div class='avia-image-container-inner'><div class='avia-image-overlay-wrap'><img decoding=\"async\" class='wp-image-55397 avia-img-lazy-loading-not-55397 avia_image' src=\"https:\/\/radiorevelacionfm.cl\/wp-content\/uploads\/2025\/06\/dia12jun_intervencionterminal-38-1_optimized.jpeg\" alt='' title='dia12jun_intervencionterminal-(38)-(1)_optimized' height=\"600\" width=\"800\"  itemprop=\"thumbnailUrl\" srcset=\"https:\/\/radiorevelacionfm.cl\/wp-content\/uploads\/2025\/06\/dia12jun_intervencionterminal-38-1_optimized.jpeg 800w, https:\/\/radiorevelacionfm.cl\/wp-content\/uploads\/2025\/06\/dia12jun_intervencionterminal-38-1_optimized-300x225.jpeg 300w, https:\/\/radiorevelacionfm.cl\/wp-content\/uploads\/2025\/06\/dia12jun_intervencionterminal-38-1_optimized-768x576.jpeg 768w, https:\/\/radiorevelacionfm.cl\/wp-content\/uploads\/2025\/06\/dia12jun_intervencionterminal-38-1_optimized-705x529.jpeg 705w, https:\/\/radiorevelacionfm.cl\/wp-content\/uploads\/2025\/06\/dia12jun_intervencionterminal-38-1_optimized-450x338.jpeg 450w, https:\/\/radiorevelacionfm.cl\/wp-content\/uploads\/2025\/06\/dia12jun_intervencionterminal-38-1_optimized-600x450.jpeg 600w\" sizes=\"(max-width: 800px) 100vw, 800px\" \/><\/div><\/div><\/div><\/div><div class=\"flex_column av_one_full  flex_column_div av-zero-column-padding first  avia-builder-el-2  el_after_av_one_full  el_before_av_one_full  column-top-margin\" style='border-radius:0px; '><section class=\"av_textblock_section \"  itemscope=\"itemscope\" itemtype=\"https:\/\/schema.org\/BlogPosting\" itemprop=\"blogPost\" ><div class='avia_textblock  '   itemprop=\"text\" ><p style=\"text-align: center;\"><span style=\"font-size: 18pt;\"><strong>Con exposici\u00f3n de dibujos, stand informativos e intervenci\u00f3n, se conmemor\u00f3 el D\u00eda Mundial Contra el Trabajo Infantil en Coyhaique <\/strong><\/span><\/p>\n<div id=\"gtx-trans\" style=\"position: absolute; left: -50px; top: 4.31534px;\">\n<div class=\"gtx-trans-icon\"><\/div>\n<\/div>\n<\/div><\/section><\/div><div class=\"flex_column av_one_full  flex_column_div av-zero-column-padding first  avia-builder-el-4  el_after_av_one_full  el_before_av_hr  column-top-margin\" style='border-radius:0px; '><section class=\"av_textblock_section \"  itemscope=\"itemscope\" itemtype=\"https:\/\/schema.org\/BlogPosting\" itemprop=\"blogPost\" ><div class='avia_textblock  '   itemprop=\"text\" ><ul>\n<li style=\"text-align: justify;\"><em>Decretado por la Organizaci\u00f3n Internacional del Trabajo (<\/em><a href=\"https:\/\/www.ilo.org\/ipec\/Campaignandadvocacy\/wdacl\/lang--es\/index.htm\"><em>OIT<\/em><\/a><em>) el a\u00f1o 2002 para visibilizar la magnitud y riesgos del trabajo infantil, el Comit\u00e9 regional CRETI Ays\u00e9n present\u00f3 cifras regionales actualizadas y expuso dibujos ganadores del concurso \u201cPongamos Fin al Trabajo Infantil\u201d, realizado por ni\u00f1os, ni\u00f1as y adolescentes de la Regi\u00f3n de Ays\u00e9n. <\/em><\/li>\n<\/ul>\n<p style=\"text-align: justify;\">En el terminal de buses de Coyhaique se realiz\u00f3 una intervenci\u00f3n con el prop\u00f3sito de visibilizar los riesgos del trabajo infantil, en una nueva conmemoraci\u00f3n del D\u00eda Mundial Contra el Trabajo Infantil, d\u00eda instaurado por la Organizaci\u00f3n Internacional del Trabajo, OIT, el 12 de junio.\u00a0 Difundir y visibilizar los riesgos del trabajo infantil, bajo qu\u00e9 normativas puede trabajar un adolescente, a trav\u00e9s de stand informativos y exposici\u00f3n de los dibujos ganadores del concurso de dibujo 2024 \u201cPongamos fin al trabajo infantil\u201d, el cual fue precisamente lanzado en este fecha el a\u00f1o pasado.<\/p>\n<p style=\"text-align: justify;\">Esta iniciativa estuvo a cargo del Comit\u00e9 Regional de Erradicaci\u00f3n del Trabajo Infantil y Protecci\u00f3n al Adolescente que Trabaja, denominado CRETI Ays\u00e9n, que en terreno desarrollan la \u201cEstrategia Nacional de Erradicaci\u00f3n del Trabajo Infantil y Protecci\u00f3n al Adolescente que Trabaja 2015-2015\u201d, liderado por la Subsecretar\u00eda del Trabajo<\/p>\n<p style=\"text-align: justify;\">Sobre la intervenci\u00f3n, el Seremi(s) del Trabajo y Previsi\u00f3n Social y Director regional del Trabajo, Christian Aros, afirm\u00f3, \u201cEstamos conmemorando el D\u00eda Internacional para la Erradicaci\u00f3n del Trabajo infantil y tambi\u00e9n dando a conocer el resultado de un concurso en el que m\u00e1s de 170 ni\u00f1os de nuestra regi\u00f3n dibuj\u00f3 el trabajo infantil, qu\u00e9 significaba para ellos, para poder darle la importancia que se merece este d\u00eda, tanto nacional como internacionalmente. Para nosotros como Ministerio del Trabajo y Previsi\u00f3n Social es muy importante porque esto va de la mano con muchas leyes que se han aprobado en el \u00faltimo tiempo, del sueldo m\u00ednimo, por ejemplo, que le entrega mayor capacidad econ\u00f3mica a las familias para que los ni\u00f1os no tengan que trabajar o la ley de conciliaci\u00f3n de la vida familiar y el trabajo, para que tambi\u00e9n haya m\u00e1s tiempo para compartir con los ni\u00f1os, y as\u00ed otras iniciativas\u201d.<\/p>\n<p style=\"text-align: justify;\">Las autoridades realizaron una distinci\u00f3n entre la creaci\u00f3n de h\u00e1bitos y aprendizaje de un oficio familiar, lo que no es trabajo infantil, tal como lo coment\u00f3 la Seremi de Gobierno, \u00darsula Mix, \u201cCuando se habla de trabajo infantil no es que tu hijo haga o no haga su cama en su casa, que te ayude a levantar la mesa, esas son cosas o deberes que una tiene que inculcara los ni\u00f1os. Nosotros ac\u00e1 nos referimos a trabajo infantil cuando eso vulnera sus derechos, por ejemplo, y que, por estar haciendo este tipo de cosas, por cuidar a un hermanito, ellos no pueden ir al colegio, tengan que cocinar, no pueden acceder a educaci\u00f3n. Para nosotros es importante, por ejemplo, en este tipo de instancias poder visualizar esta tem\u00e1tica y as\u00ed que la comunidad tenga una mirada respecto a esto, la gravedad que tiene la vulneraci\u00f3n que sufren los ni\u00f1os, verlo tambi\u00e9n en dibujos, expresados por ellos mismos, nos demuestra que ellos tienen la capacidad de imaginar y si ellos tuvieran unas condiciones de vida en la cual no tuvieran que trabajar, tendr\u00edan quiz\u00e1 perspectivas de crecimiento y sue\u00f1os a los cuales poder lograr. Hace unos d\u00edas pudimos ver la peor forma de explotaci\u00f3n, que es la explotaci\u00f3n sexual ac\u00e1 en la regi\u00f3n y eso nos permite visualizar que cercanamente tenemos este tipo de casos, que tenemos que estar atentos todos como comunidad y este tipo de instancias nos educan como sociedad. Es importante estar atento a estas circunstancias, informarse y tambi\u00e9n llamamos a la comunidad a denunciar\u201d.<\/p>\n<p style=\"text-align: justify;\">Seg\u00fan la legislaci\u00f3n chilena, la edad m\u00ednima permitida para trabajar es de 15 a\u00f1os y s\u00f3lo bajo ciertas condiciones, descartando actividades peligrosas que puedan afectar su salud, seguridad y desarrollo psicosocial, como la manipulaci\u00f3n de elementos peligrosos, cargas, atenci\u00f3n de cajas de pagos con dinero en un negocio, entre otros. As\u00ed, trabajo infantil es todo tipo de actividades o trabajos, remunerados o no, que es realizado por los ni\u00f1os y ni\u00f1as de entre 5 a 14. La \u00fanica excepci\u00f3n a tal prohibici\u00f3n es a aquellas labores realizadas en el rubro del espect\u00e1culo o art\u00edstico, el cual queda sujeto a consentimiento del adulto responsable del ni\u00f1o o ni\u00f1a tal como lo exige la legislaci\u00f3n nacional (Art. 16 del C\u00f3digo del Trabajo).<\/p>\n<p style=\"text-align: justify;\"><strong><u>Cifras y peores formas de trabajo infantil<\/u><\/strong><\/p>\n<p style=\"text-align: justify;\">En diciembre de 2024, se presentaron los resultados de la Encuesta de Actividades de Ni\u00f1os, Ni\u00f1as y Adolescentes (EANNA 2023). Esta encuesta fue desarrollada por el Ministerio de Desarrollo Social y Familia junto al Ministerio del Trabajo y Previsi\u00f3n Social, Ministerio de Mujer y Equidad de G\u00e9nero, UNICEF y OIT, desde la cual se desprenden datos relacionados con el trabajo infantil. La encuesta adem\u00e1s considera por primera vez dentro del indicador de trabajo infantil un componente de trabajo dom\u00e9stico y de cuidados no remunerado peligroso, un tipo de trabajo infantil invisibilizado y que afecta principalmente a ni\u00f1as y adolescentes mujeres. Esta encuesta se dise\u00f1\u00f3 con un alto est\u00e1ndar al seguir los lineamientos m\u00e1s recientes de la Conferencia de Estad\u00edsticos del Trabajo (CIET).<\/p>\n<p style=\"text-align: justify;\">El Seremi(s) Christian Aros se refiri\u00f3 a las cifras regionales y nacionales, \u201cEstamos tambi\u00e9n dando a conocer los resultados de la Encuesta Nacional de Ni\u00f1os, Ni\u00f1as y Adolescentes y con respecto a la cifra pa\u00eds, se mantiene un preocupante 15% de trabajo de ni\u00f1os, ni\u00f1as y adolescentes y en nuestra Regi\u00f3n de Ays\u00e9n tenemos una cifra cercana al 13%, con lo cual eso nos invita a seguir trabajando. Adem\u00e1s, como Direcci\u00f3n del Trabajo hemos realizado fiscalizaciones en la regi\u00f3n, desde el a\u00f1o 2020 a la fecha, tenemos 20 fiscalizaciones con sanciones y a lo largo del pa\u00eds, son m\u00e1s de 2 mil, donde las sanciones que hemos cursado son m\u00e1s de 3 mil millones de pesos, porque esta multa es muy grave, y eso es muy importante que lo tengan presente tambi\u00e9n los empleadores, que van desde los 200 mil pesos hasta los 93 millones de pesos\u201d, explic\u00f3 la autoridad laboral.<\/p>\n<p style=\"text-align: justify;\">La profesional del Instituto Nacional de Derechos Humanos, INDH, Carla Romo, detall\u00f3 sobre el trabajo infantil y sus peores formas, \u201cEl Trabajo infantil es una grave vulneraci\u00f3n de Derechos Humanos que ha afectado a ni\u00f1os y ni\u00f1as de forma hist\u00f3rica. Si bien hoy d\u00eda al 2025 y en virtud de toda la normativa chilena respecto a la protecci\u00f3n de ni\u00f1os, ni\u00f1as, adolescentes, mantenemos situaciones de gravedad y tal como explicaba el seremi, la situaci\u00f3n de trabajo infantil tiene dos grandes \u00e1reas, una que est\u00e1 relacionada al comercio ilegal o informal, donde hay un tercero que \u201ccontrata\u201d o recluta a un ni\u00f1o, ni\u00f1a o adolescente y est\u00e1 en un contexto de riesgo, pero tambi\u00e9n el trabajo infantil intrafamiliar, \u00a0donde entra todo el abanico del Estado a intervenir, para lograr primero eliminar o terminar esta vulneraci\u00f3n de derechos y luego orientar esta familia para que tenga mejores recursos para poder orientar y que ese ni\u00f1o tenga que vivir lo que tiene que vivir: estudiar, jugar, etc\u00e9tera. Lo m\u00e1s complejo de este fen\u00f3meno es que tenemos personas que captan, que buscan ni\u00f1os y ni\u00f1as y los introducen en contextos de riesgo, como crimen organizado, prostituci\u00f3n infantil, pornograf\u00eda infantil. Antiguamente habl\u00e1bamos de prostituci\u00f3n infantil, hoy d\u00eda ya tiene un nombre y una legislaci\u00f3n determinar, que la explotaci\u00f3n sexual infantil. Hemos ido avanzando cuando catalogar determinadamente delito por delito, en virtud de erradicar, sancionar y l\u00f3gicamente proteger a ni\u00f1os, ni\u00f1as y adolescentes\u201d.<\/p>\n<p style=\"text-align: justify;\">Con respecto a denuncias recibidas por el INDH a nivel nacional, Romo coment\u00f3, \u201cHay casos en el norte del pa\u00eds, especialmente relacionados a la venta de ni\u00f1os y ni\u00f1as. Est\u00e1 el caso de una ni\u00f1a boliviana de 9 a\u00f1os que fue vendida por un familiar a terceros y el caso de esclavitud que vivi\u00f3 un adolescente de 13 a\u00f1os, que incre\u00edblemente quien realiza la denuncia es una persona que llega a arrendar un dormitorio en la vivienda donde estaba ese adolescente. De ah\u00ed la importancia y el llamado a la comunidad, de que no podemos invisibilizar situaciones de crueldad que viven ni\u00f1os\u201d.<\/p>\n<p style=\"text-align: justify;\"><strong><u>Concurso de dibujo y factores protectores<\/u><\/strong><\/p>\n<p style=\"text-align: justify;\">Junto a stand informativos de los servicios y juegos para los asistentes, la Corporaci\u00f3n Opci\u00f3n expuso una pancarta desarrollada en talleres junto a familias \u201cQue lo \u00fanico que trabaje sea nuestra imaginaci\u00f3n\u201d con mensajes de los ni\u00f1os y ni\u00f1as y se expusieron 5 de los primeros lugares del concurso \u201cPongamos Fin al Trabajo Infantil\u201d que fue lanzado en esta fecha el a\u00f1o 2024 y donde 170 ni\u00f1os, ni\u00f1as y adolescentes de toda la regi\u00f3n, plasmaron sus creaciones y opiniones sobre el trabajo infantil.<\/p>\n<p style=\"text-align: justify;\">Uno de los factores protectores contra el trabajo infantil y vulneraci\u00f3n de derechos, son la cultura y el deporte, \u00e1reas que son integrantes tambi\u00e9n del CRETI, como reforz\u00f3 la Seremi del Deporte, Mar\u00eda Eugenia Dur\u00e1n, \u201cNosotros como Ministerio del Deporte junto a nuestro servicio asociado, Instituto Nacional de Deportes, formamos parte de este comit\u00e9, por cuanto el deporte y la actividad f\u00edsica es un factor protector. Nosotros concebimos el deporte como un derecho tambi\u00e9n en los ni\u00f1os, ni\u00f1as y adolescentes y por eso formamos parte de esta mesa, tambi\u00e9n en la b\u00fasqueda de poder concientizar sobre la importancia que sea un buen uso del tiempo libre, que es donde m\u00e1s actividad f\u00edsica o deporte realizan nuestros ni\u00f1os, ni\u00f1as y adolescentes, y en ese sentido, que conozcan la oferta program\u00e1tica que tenemos como instituto, la cual est\u00e1 en nuestras redes sociales, tanto en Facebook como en Instagram @MindepAys\u00e9n\u201d.<\/p>\n<p style=\"text-align: justify;\">La intervenci\u00f3n fue visitada por diversos pasajeros, una de ellas fue Mar\u00eda Luisa, quien valor\u00f3 la informaci\u00f3n que se entreg\u00f3 y conocer lo que opinan los ni\u00f1os, ni\u00f1as y adolescentes, \u201cEs bueno escuchar a los ni\u00f1os, muestran sus inquietudes y que es un tipo de forma abusiva incluirlos en el trabajo a tan temprana edad\u201d.<\/p>\n<p style=\"text-align: justify;\">El CRETI Ays\u00e9n est\u00e1 compuesto por 30 instituciones p\u00fablico-privadas lideradas por la Seremi de Trabajo y Previsi\u00f3n Social, participando de esta jornada la Seremi de Gobierno; Direcci\u00f3n del Trabajo; Seremi del Deporte; el director regional de INJUV, Camilo Trivi\u00f1o; Seremi de Educaci\u00f3n; Seremi Justicia y DDHH; Instituto Nacional de Derechos Humanos, INDH; Corporaci\u00f3n Opci\u00f3n; Seremi de Cultura, Artes y Patrimonio; Carabineros; Sernatur; Servicio de Reinserci\u00f3n Juvenil; Defensor\u00eda de la Ni\u00f1ez, entre otros.<\/p>\n<p style=\"text-align: justify;\">Para mayor informaci\u00f3n sobre los riesgos del trabajo infantil, la encuesta EANNA 2023 y la normativa legal vigente, los invitamos a visitar la p\u00e1gina web <a href=\"http:\/\/www.noaltrabajoinfantil.cl\/\">www.noaltrabajoinfantil.cl<\/a><\/p>\n<\/div><\/section><\/div><div  style='height:50px' class='hr hr-invisible   avia-builder-el-6  el_after_av_one_full  el_before_av_social_share '><span class='hr-inner ' ><span class='hr-inner-style'><\/span><\/span><\/div><\/p>\n<div  class='av-social-sharing-box  avia-builder-el-7  el_after_av_hr  el_before_av_hr  '><div class='av-share-box'><h5 class='av-share-link-description av-no-toc '>Compartir esta noticia<\/h5><ul class='av-share-box-list noLightbox'><li class='av-share-link av-social-link-facebook' ><a target=\"_blank\" aria-label=\"Compartir en Facebook\" href='https:\/\/www.facebook.com\/sharer.php?u=https:\/\/radiorevelacionfm.cl\/?p=55396&#038;t=Con%20exposici%C3%B3n%20de%20dibujos%2C%20stand%20informativos%20e%20intervenci%C3%B3n%2C%20se%20conmemor%C3%B3%20el%20D%C3%ADa%20Mundial%20Contra%20el%20Trabajo%20Infantil%20en%20Coyhaique' aria-hidden='false' data-av_icon='\ue8f3' data-av_iconfont='entypo-fontello' title='' data-avia-related-tooltip='Compartir en Facebook' rel=\"noopener\"><span class='avia_hidden_link_text'>Compartir en Facebook<\/span><\/a><\/li><li class='av-share-link av-social-link-twitter' ><a target=\"_blank\" aria-label=\"Compartir en Twitter\" href='https:\/\/twitter.com\/share?text=Con%20exposici%C3%B3n%20de%20dibujos%2C%20stand%20informativos%20e%20intervenci%C3%B3n%2C%20se%20conmemor%C3%B3%20el%20D%C3%ADa%20Mundial%20Contra%20el%20Trabajo%20Infantil%20en%20Coyhaique&#038;url=https:\/\/radiorevelacionfm.cl\/?p=55396' aria-hidden='false' data-av_icon='\ue8f1' data-av_iconfont='entypo-fontello' title='' data-avia-related-tooltip='Compartir en Twitter' rel=\"noopener\"><span class='avia_hidden_link_text'>Compartir en Twitter<\/span><\/a><\/li><li class='av-share-link av-social-link-whatsapp' ><a target=\"_blank\" aria-label=\"Compartir en Whatsapp\" href='https:\/\/api.whatsapp.com\/send?text=https:\/\/radiorevelacionfm.cl\/?p=55396' aria-hidden='false' data-av_icon='\uf232' data-av_iconfont='entypo-fontello' title='' data-avia-related-tooltip='Compartir en Whatsapp' rel=\"noopener\"><span class='avia_hidden_link_text'>Compartir en Whatsapp<\/span><\/a><\/li><li class='av-share-link av-social-link-linkedin' ><a target=\"_blank\" aria-label=\"Compartir en LinkedIn\" href='https:\/\/linkedin.com\/shareArticle?mini=true&#038;title=Con%20exposici%C3%B3n%20de%20dibujos%2C%20stand%20informativos%20e%20intervenci%C3%B3n%2C%20se%20conmemor%C3%B3%20el%20D%C3%ADa%20Mundial%20Contra%20el%20Trabajo%20Infantil%20en%20Coyhaique&#038;url=https:\/\/radiorevelacionfm.cl\/?p=55396' aria-hidden='false' data-av_icon='\ue8fc' data-av_iconfont='entypo-fontello' title='' data-avia-related-tooltip='Compartir en LinkedIn' rel=\"noopener\"><span class='avia_hidden_link_text'>Compartir en LinkedIn<\/span><\/a><\/li><li class='av-share-link av-social-link-mail' ><a  aria-label=\"Compartir por correo\" href='mailto:?subject=Con%20exposici%C3%B3n%20de%20dibujos%2C%20stand%20informativos%20e%20intervenci%C3%B3n%2C%20se%20conmemor%C3%B3%20el%20D%C3%ADa%20Mundial%20Contra%20el%20Trabajo%20Infantil%20en%20Coyhaique&#038;body=https:\/\/radiorevelacionfm.cl\/?p=55396' aria-hidden='false' data-av_icon='\ue805' data-av_iconfont='entypo-fontello' title='' data-avia-related-tooltip='Compartir por correo'><span class='avia_hidden_link_text'>Compartir por correo<\/span><\/a><\/li><\/ul><\/div><\/div>\n<div  style='height:50px' class='hr hr-invisible   avia-builder-el-8  el_after_av_social_share  el_before_av_comments_list '><span class='hr-inner ' ><span class='hr-inner-style'><\/span><\/span><\/div>\n<div  class='av-buildercomment  av-blog-meta-html-info-disabled av-blog-meta-tag-disabled  '><\/div>\n","protected":false},"excerpt":{"rendered":"","protected":false},"author":1,"featured_media":55397,"comment_status":"closed","ping_status":"closed","sticky":false,"template":"","format":"standard","meta":{"footnotes":""},"categories":[56],"tags":[],"class_list":["post-55396","post","type-post","status-publish","format-standard","has-post-thumbnail","hentry","category-trabajo"],"jetpack_featured_media_url":"https:\/\/radiorevelacionfm.cl\/wp-content\/uploads\/2025\/06\/dia12jun_intervencionterminal-38-1_optimized.jpeg","_links":{"self":[{"href":"https:\/\/radiorevelacionfm.cl\/index.php?rest_route=\/wp\/v2\/posts\/55396","targetHints":{"allow":["GET"]}}],"collection":[{"href":"https:\/\/radiorevelacionfm.cl\/index.php?rest_route=\/wp\/v2\/posts"}],"about":[{"href":"https:\/\/radiorevelacionfm.cl\/index.php?rest_route=\/wp\/v2\/types\/post"}],"author":[{"embeddable":true,"href":"https:\/\/radiorevelacionfm.cl\/index.php?rest_route=\/wp\/v2\/users\/1"}],"replies":[{"embeddable":true,"href":"https:\/\/radiorevelacionfm.cl\/index.php?rest_route=%2Fwp%2Fv2%2Fcomments&post=55396"}],"version-history":[{"count":2,"href":"https:\/\/radiorevelacionfm.cl\/index.php?rest_route=\/wp\/v2\/posts\/55396\/revisions"}],"predecessor-version":[{"id":55399,"href":"https:\/\/radiorevelacionfm.cl\/index.php?rest_route=\/wp\/v2\/posts\/55396\/revisions\/55399"}],"wp:featuredmedia":[{"embeddable":true,"href":"https:\/\/radiorevelacionfm.cl\/index.php?rest_route=\/wp\/v2\/media\/55397"}],"wp:attachment":[{"href":"https:\/\/radiorevelacionfm.cl\/index.php?rest_route=%2Fwp%2Fv2%2Fmedia&parent=55396"}],"wp:term":[{"taxonomy":"category","embeddable":true,"href":"https:\/\/radiorevelacionfm.cl\/index.php?rest_route=%2Fwp%2Fv2%2Fcategories&post=55396"},{"taxonomy":"post_tag","embeddable":true,"href":"https:\/\/radiorevelacionfm.cl\/index.php?rest_route=%2Fwp%2Fv2%2Ftags&post=55396"}],"curies":[{"name":"wp","href":"https:\/\/api.w.org\/{rel}","templated":true}]}}