{"id":55390,"date":"2025-06-18T11:06:24","date_gmt":"2025-06-18T14:06:24","guid":{"rendered":"https:\/\/radiorevelacionfm.cl\/?p=55390"},"modified":"2025-06-18T11:06:24","modified_gmt":"2025-06-18T14:06:24","slug":"lanzan-dos-fondos-concursables-municipales-para-organizaciones-de-la-comuna-de-aysen","status":"publish","type":"post","link":"https:\/\/radiorevelacionfm.cl\/?p=55390","title":{"rendered":"Lanzan dos fondos concursables municipales para organizaciones de la comuna de Ays\u00e9n"},"content":{"rendered":"<div class=\"flex_column av_one_full  flex_column_div av-zero-column-padding first  avia-builder-el-0  el_before_av_one_full  avia-builder-el-first  \" style='border-radius:0px; '><div  class='avia-image-container  av-styling-    avia-builder-el-1  avia-builder-el-no-sibling  avia-align-center '  itemprop=\"image\" itemscope=\"itemscope\" itemtype=\"https:\/\/schema.org\/ImageObject\"  ><div class='avia-image-container-inner'><div class='avia-image-overlay-wrap'><img decoding=\"async\" class='wp-image-55391 avia-img-lazy-loading-not-55391 avia_image' src=\"https:\/\/radiorevelacionfm.cl\/wp-content\/uploads\/2025\/06\/COM6934-1-1.jpg\" alt='' title='_COM6934 (1) (1)' height=\"600\" width=\"898\"  itemprop=\"thumbnailUrl\" srcset=\"https:\/\/radiorevelacionfm.cl\/wp-content\/uploads\/2025\/06\/COM6934-1-1.jpg 898w, https:\/\/radiorevelacionfm.cl\/wp-content\/uploads\/2025\/06\/COM6934-1-1-300x200.jpg 300w, https:\/\/radiorevelacionfm.cl\/wp-content\/uploads\/2025\/06\/COM6934-1-1-768x513.jpg 768w, https:\/\/radiorevelacionfm.cl\/wp-content\/uploads\/2025\/06\/COM6934-1-1-705x471.jpg 705w, https:\/\/radiorevelacionfm.cl\/wp-content\/uploads\/2025\/06\/COM6934-1-1-450x301.jpg 450w, https:\/\/radiorevelacionfm.cl\/wp-content\/uploads\/2025\/06\/COM6934-1-1-600x401.jpg 600w\" sizes=\"(max-width: 898px) 100vw, 898px\" \/><\/div><\/div><\/div><\/div><div class=\"flex_column av_one_full  flex_column_div av-zero-column-padding first  avia-builder-el-2  el_after_av_one_full  el_before_av_one_full  column-top-margin\" style='border-radius:0px; '><section class=\"av_textblock_section \"  itemscope=\"itemscope\" itemtype=\"https:\/\/schema.org\/BlogPosting\" itemprop=\"blogPost\" ><div class='avia_textblock  '   itemprop=\"text\" ><p style=\"text-align: center;\"><strong><span style=\"font-size: 18pt;\">Lanzan dos fondos concursables municipales para organizaciones de la comuna de Ays\u00e9n<\/span><\/strong><\/p>\n<div id=\"gtx-trans\" style=\"position: absolute; left: -50px; top: 4.31534px;\">\n<div class=\"gtx-trans-icon\"><\/div>\n<\/div>\n<\/div><\/section><\/div><div class=\"flex_column av_one_full  flex_column_div av-zero-column-padding first  avia-builder-el-4  el_after_av_one_full  el_before_av_hr  column-top-margin\" style='border-radius:0px; '><section class=\"av_textblock_section \"  itemscope=\"itemscope\" itemtype=\"https:\/\/schema.org\/BlogPosting\" itemprop=\"blogPost\" ><div class='avia_textblock  '   itemprop=\"text\" ><p style=\"text-align: justify;\"><em>Las bases del FONDEVE y el FOMAM 2025 fueron entregadas en sus respectivas ceremonias. Estos fondos beneficiar\u00e1n a juntas de vecinos y clubes de adultos mayores de Ays\u00e9n, los cuales tienen opciones de postular entre el 18 de junio y el 21 de julio.<\/em><\/p>\n<p style=\"text-align: justify;\">Una de las formas en que los municipios realizan aportes directos a las organizaciones sociales y territoriales de la comuna, es a trav\u00e9s de los fondos de Desarrollo Vecinal (FONDEVE) y Municipal del Adulto Mayor (FOMAM). Es por ello que la Municipalidad de Ays\u00e9n realiz\u00f3 las ceremonias de lanzamiento de ambos beneficios que pueden ser aprovechados por 66 organizaciones de toda la comuna.<\/p>\n<p style=\"text-align: justify;\">Este 2025 el Honorable Concejo Municipal aprob\u00f3 el aumento presupuestario dos millones de pesos para cada fondo, esto debido a que durante el a\u00f1o entraron en vigencia varias organizaciones adicionales a las de otros a\u00f1os, lo que habr\u00eda provocado una baja en el monto tope con respecto al pasado, debido a que el presupuesto destinado para cada fondo se divide seg\u00fan la cantidad de organizaciones que pueden postular, las cuales son 31 juntas de vecinos y 35 clubes de adulto mayor. Gracias a esta adici\u00f3n el monto mantendr\u00e1 el tope de anteriores ediciones.<\/p>\n<p style=\"text-align: justify;\">El alcalde de Ays\u00e9n, Luis Mart\u00ednez, explica que \u201cestos proyectos que las directivas generan al municipio con un fondo que sale del presupuesto municipal y que les permite arreglar infraestructura, salud o diferentes cosas que ellos quisieran hacer o sue\u00f1os que tienen, va generando un trabajo colaborativo entre cada uno de los miembros del club para poder sacar adelante sus proyectos. As\u00ed que, instar a las juntas de vecinos y a los clubes de adultos mayores a que participen de este programa, porque la verdad es que cada a\u00f1o va creciendo. As\u00ed que felicidades y hacer el mejor proyecto\u201d.<\/p>\n<p style=\"text-align: justify;\">Ambos fondos tienen bases parecidas, en la cual el factor m\u00e1s importante para postular es que las organizaciones est\u00e9n vigentes, lo que significa tener todos sus papeles en regla y no tener deudas debido a complicaciones con anteriores rendiciones. Las directivas tendr\u00e1n, aproximadamente, un mes para entregar sus proyectos a la OIRS de la Municipalidad de Ays\u00e9n, ya que el inicio de las postulaciones son el mi\u00e9rcoles 18 de junio y se cierra el lunes 21 de julio.<\/p>\n<p style=\"text-align: justify;\">En cuanto a las \u00e1reas de inversi\u00f3n, las organizaciones pueden trabajar en un proyecto de infraestructura, equipamiento, gesti\u00f3n comunitaria, inclusi\u00f3n y equidad de g\u00e9nero, salud p\u00fablica, medio ambiente y, en el caso del FOMAM, tambi\u00e9n se le agrega el \u00e1rea recreativa y de esparcimiento.<\/p>\n<p style=\"text-align: justify;\">Edda lucero, Secretaria de la JJVV N\u00b06 CORVI, en su experiencia con el FONDEVE comenta que \u201ces una buena instancia para que podamos usarlo en alg\u00fan bien material o social dentro de nuestra junta de vecinos, lo cual siempre nos favorecer\u00e1, porque tambi\u00e9n nos ha dado soluciones en alguna cosa que nos ha faltado, por ejemplo, una cocina, una impresora, una m\u00e1quina o sillas, con las cuales ahora tenemos bien equipada nuestra junta\u201d.<\/p>\n<p style=\"text-align: justify;\">Por su parte, Pola Bustamante, Presidenta CAM Sue\u00f1os de la Patagonia, expresa que \u201cno es mucho el monto, pero uno le pone todo el cari\u00f1o y coraz\u00f3n para aprovechar al m\u00e1ximo. El a\u00f1o pasado nosotros hicimos una entrega de ropa de cama para los socios del club y el anterior hicimos una convivencia, que fue espectacular y muy linda\u201d.<\/p>\n<p style=\"text-align: justify;\">En cuanto a las directivas que no pudieron asistir a la ceremonia, pueden retirar su carpeta con las bases del fondo en la oficina de Organizaciones Comunitarias, ubicada en las dependencias de DIDECO en la calle Teniente Merino #630. Igualmente se encuentran en la p\u00e1gina web municipal (https:\/\/puertoaysen.cl\/fomam-fondeve-2025\/).<\/p>\n<p style=\"text-align: justify;\">Ante cualquier consulta el equipo municipal puede responder a trav\u00e9s del n\u00famero +569 3436 0089 o por el correo <a href=\"mailto:ocdideco@puertoaysen.cl\">ocdideco@puertoaysen.cl<\/a> ; en cuanto las localidades de Villa Ma\u00f1ihuales e isla Las Huichas, podr\u00e1n retirar las bases y entregar sus proyectos en sus respectivas delegaciones.<\/p>\n<\/div><\/section><\/div><div  style='height:50px' class='hr hr-invisible   avia-builder-el-6  el_after_av_one_full  el_before_av_social_share '><span class='hr-inner ' ><span class='hr-inner-style'><\/span><\/span><\/div><\/p>\n<div  class='av-social-sharing-box  avia-builder-el-7  el_after_av_hr  el_before_av_hr  '><div class='av-share-box'><h5 class='av-share-link-description av-no-toc '>Compartir esta noticia<\/h5><ul class='av-share-box-list noLightbox'><li class='av-share-link av-social-link-facebook' ><a target=\"_blank\" aria-label=\"Compartir en Facebook\" href='https:\/\/www.facebook.com\/sharer.php?u=https:\/\/radiorevelacionfm.cl\/?p=55390&#038;t=Lanzan%20dos%20fondos%20concursables%20municipales%20para%20organizaciones%20de%20la%20comuna%20de%20Ays%C3%A9n' aria-hidden='false' data-av_icon='\ue8f3' data-av_iconfont='entypo-fontello' title='' data-avia-related-tooltip='Compartir en Facebook' rel=\"noopener\"><span class='avia_hidden_link_text'>Compartir en Facebook<\/span><\/a><\/li><li class='av-share-link av-social-link-twitter' ><a target=\"_blank\" aria-label=\"Compartir en Twitter\" href='https:\/\/twitter.com\/share?text=Lanzan%20dos%20fondos%20concursables%20municipales%20para%20organizaciones%20de%20la%20comuna%20de%20Ays%C3%A9n&#038;url=https:\/\/radiorevelacionfm.cl\/?p=55390' aria-hidden='false' data-av_icon='\ue8f1' data-av_iconfont='entypo-fontello' title='' data-avia-related-tooltip='Compartir en Twitter' rel=\"noopener\"><span class='avia_hidden_link_text'>Compartir en Twitter<\/span><\/a><\/li><li class='av-share-link av-social-link-whatsapp' ><a target=\"_blank\" aria-label=\"Compartir en Whatsapp\" href='https:\/\/api.whatsapp.com\/send?text=https:\/\/radiorevelacionfm.cl\/?p=55390' aria-hidden='false' data-av_icon='\uf232' data-av_iconfont='entypo-fontello' title='' data-avia-related-tooltip='Compartir en Whatsapp' rel=\"noopener\"><span class='avia_hidden_link_text'>Compartir en Whatsapp<\/span><\/a><\/li><li class='av-share-link av-social-link-linkedin' ><a target=\"_blank\" aria-label=\"Compartir en LinkedIn\" href='https:\/\/linkedin.com\/shareArticle?mini=true&#038;title=Lanzan%20dos%20fondos%20concursables%20municipales%20para%20organizaciones%20de%20la%20comuna%20de%20Ays%C3%A9n&#038;url=https:\/\/radiorevelacionfm.cl\/?p=55390' aria-hidden='false' data-av_icon='\ue8fc' data-av_iconfont='entypo-fontello' title='' data-avia-related-tooltip='Compartir en LinkedIn' rel=\"noopener\"><span class='avia_hidden_link_text'>Compartir en LinkedIn<\/span><\/a><\/li><li class='av-share-link av-social-link-mail' ><a  aria-label=\"Compartir por correo\" href='mailto:?subject=Lanzan%20dos%20fondos%20concursables%20municipales%20para%20organizaciones%20de%20la%20comuna%20de%20Ays%C3%A9n&#038;body=https:\/\/radiorevelacionfm.cl\/?p=55390' aria-hidden='false' data-av_icon='\ue805' data-av_iconfont='entypo-fontello' title='' data-avia-related-tooltip='Compartir por correo'><span class='avia_hidden_link_text'>Compartir por correo<\/span><\/a><\/li><\/ul><\/div><\/div>\n<div  style='height:50px' class='hr hr-invisible   avia-builder-el-8  el_after_av_social_share  el_before_av_comments_list '><span class='hr-inner ' ><span class='hr-inner-style'><\/span><\/span><\/div>\n<div  class='av-buildercomment  av-blog-meta-html-info-disabled av-blog-meta-tag-disabled  '><\/div>\n","protected":false},"excerpt":{"rendered":"","protected":false},"author":1,"featured_media":55391,"comment_status":"closed","ping_status":"closed","sticky":false,"template":"","format":"standard","meta":{"footnotes":""},"categories":[38],"tags":[],"class_list":["post-55390","post","type-post","status-publish","format-standard","has-post-thumbnail","hentry","category-regional"],"jetpack_featured_media_url":"https:\/\/radiorevelacionfm.cl\/wp-content\/uploads\/2025\/06\/COM6934-1-1.jpg","_links":{"self":[{"href":"https:\/\/radiorevelacionfm.cl\/index.php?rest_route=\/wp\/v2\/posts\/55390","targetHints":{"allow":["GET"]}}],"collection":[{"href":"https:\/\/radiorevelacionfm.cl\/index.php?rest_route=\/wp\/v2\/posts"}],"about":[{"href":"https:\/\/radiorevelacionfm.cl\/index.php?rest_route=\/wp\/v2\/types\/post"}],"author":[{"embeddable":true,"href":"https:\/\/radiorevelacionfm.cl\/index.php?rest_route=\/wp\/v2\/users\/1"}],"replies":[{"embeddable":true,"href":"https:\/\/radiorevelacionfm.cl\/index.php?rest_route=%2Fwp%2Fv2%2Fcomments&post=55390"}],"version-history":[{"count":2,"href":"https:\/\/radiorevelacionfm.cl\/index.php?rest_route=\/wp\/v2\/posts\/55390\/revisions"}],"predecessor-version":[{"id":55395,"href":"https:\/\/radiorevelacionfm.cl\/index.php?rest_route=\/wp\/v2\/posts\/55390\/revisions\/55395"}],"wp:featuredmedia":[{"embeddable":true,"href":"https:\/\/radiorevelacionfm.cl\/index.php?rest_route=\/wp\/v2\/media\/55391"}],"wp:attachment":[{"href":"https:\/\/radiorevelacionfm.cl\/index.php?rest_route=%2Fwp%2Fv2%2Fmedia&parent=55390"}],"wp:term":[{"taxonomy":"category","embeddable":true,"href":"https:\/\/radiorevelacionfm.cl\/index.php?rest_route=%2Fwp%2Fv2%2Fcategories&post=55390"},{"taxonomy":"post_tag","embeddable":true,"href":"https:\/\/radiorevelacionfm.cl\/index.php?rest_route=%2Fwp%2Fv2%2Ftags&post=55390"}],"curies":[{"name":"wp","href":"https:\/\/api.w.org\/{rel}","templated":true}]}}