{"id":55387,"date":"2025-06-18T10:46:45","date_gmt":"2025-06-18T13:46:45","guid":{"rendered":"https:\/\/radiorevelacionfm.cl\/?p=55387"},"modified":"2025-06-18T10:46:45","modified_gmt":"2025-06-18T13:46:45","slug":"serviu-y-universidad-de-aysen-potencian-convenio-para-proyectar-trabajo-conjunto","status":"publish","type":"post","link":"https:\/\/radiorevelacionfm.cl\/?p=55387","title":{"rendered":"Serviu y Universidad de Ays\u00e9n potencian convenio para proyectar trabajo conjunto"},"content":{"rendered":"<div class=\"flex_column av_one_full  flex_column_div av-zero-column-padding first  avia-builder-el-0  el_before_av_one_full  avia-builder-el-first  \" style='border-radius:0px; '><div  class='avia-image-container  av-styling-    avia-builder-el-1  avia-builder-el-no-sibling  avia-align-center '  itemprop=\"image\" itemscope=\"itemscope\" itemtype=\"https:\/\/schema.org\/ImageObject\"  ><div class='avia-image-container-inner'><div class='avia-image-overlay-wrap'><img decoding=\"async\" class='wp-image-55388 avia-img-lazy-loading-not-55388 avia_image' src=\"https:\/\/radiorevelacionfm.cl\/wp-content\/uploads\/2025\/06\/Representantes-de-U-Aysen-y-Serviu-potencian-convenio-de-colaboracion-1-1.jpg\" alt='' title='Representantes de U Ays\u00e9n y Serviu potencian convenio de colaboraci\u00f3n (1) (1)' height=\"600\" width=\"966\"  itemprop=\"thumbnailUrl\" srcset=\"https:\/\/radiorevelacionfm.cl\/wp-content\/uploads\/2025\/06\/Representantes-de-U-Aysen-y-Serviu-potencian-convenio-de-colaboracion-1-1.jpg 966w, https:\/\/radiorevelacionfm.cl\/wp-content\/uploads\/2025\/06\/Representantes-de-U-Aysen-y-Serviu-potencian-convenio-de-colaboracion-1-1-300x186.jpg 300w, https:\/\/radiorevelacionfm.cl\/wp-content\/uploads\/2025\/06\/Representantes-de-U-Aysen-y-Serviu-potencian-convenio-de-colaboracion-1-1-768x477.jpg 768w, https:\/\/radiorevelacionfm.cl\/wp-content\/uploads\/2025\/06\/Representantes-de-U-Aysen-y-Serviu-potencian-convenio-de-colaboracion-1-1-705x438.jpg 705w, https:\/\/radiorevelacionfm.cl\/wp-content\/uploads\/2025\/06\/Representantes-de-U-Aysen-y-Serviu-potencian-convenio-de-colaboracion-1-1-450x280.jpg 450w, https:\/\/radiorevelacionfm.cl\/wp-content\/uploads\/2025\/06\/Representantes-de-U-Aysen-y-Serviu-potencian-convenio-de-colaboracion-1-1-600x373.jpg 600w\" sizes=\"(max-width: 966px) 100vw, 966px\" \/><\/div><\/div><\/div><\/div><div class=\"flex_column av_one_full  flex_column_div av-zero-column-padding first  avia-builder-el-2  el_after_av_one_full  el_before_av_one_full  column-top-margin\" style='border-radius:0px; '><section class=\"av_textblock_section \"  itemscope=\"itemscope\" itemtype=\"https:\/\/schema.org\/BlogPosting\" itemprop=\"blogPost\" ><div class='avia_textblock  '   itemprop=\"text\" ><p style=\"text-align: center;\"><span style=\"font-size: 18pt;\"><strong>Serviu y Universidad de Ays\u00e9n potencian convenio para proyectar trabajo conjunto <\/strong><\/span><\/p>\n<div id=\"gtx-trans\" style=\"position: absolute; left: -50px; top: 4.31534px;\">\n<div class=\"gtx-trans-icon\"><\/div>\n<\/div>\n<\/div><\/section><\/div><div class=\"flex_column av_one_full  flex_column_div av-zero-column-padding first  avia-builder-el-4  el_after_av_one_full  el_before_av_hr  column-top-margin\" style='border-radius:0px; '><section class=\"av_textblock_section \"  itemscope=\"itemscope\" itemtype=\"https:\/\/schema.org\/BlogPosting\" itemprop=\"blogPost\" ><div class='avia_textblock  '   itemprop=\"text\" ><p style=\"text-align: justify;\">Un convenio de colaboraci\u00f3n que ha tenido excelentes resultados est\u00e1n implementando desde hace algunos meses el Servicio de Vivienda y Urbanizaci\u00f3n (Serviu) y la Universidad de Ays\u00e9n, permitiendo entre otras acciones la realizaci\u00f3n de pr\u00e1cticas profesionales para los alumnos de algunas carreras relacionadas con el servicio p\u00fablico.<\/p>\n<p style=\"text-align: justify;\">Los representantes de ambas instituciones, incluyendo a profesionales y alumnos, se reunieron esta semana para analizar el avance y potenciar los efectos del convenio, destacando los positivos resultados que est\u00e1 trayendo esta alianza, la cual adem\u00e1s se seguir\u00e1 fortaleciendo para incluir alumnos de otras carreras que imparte la casa de estudios superiores. De esta forma los estudiantes tienen una opci\u00f3n para poner a prueba sus conocimientos y aportar con su trabajo al mejor desarrollo de las pol\u00edticas y programas que lleva adelante el servicio p\u00fablico.<\/p>\n<p style=\"text-align: justify;\">Para la directora (S) del Serviu, Giovanna G\u00f3mez Gallardo, el convenio constituye un gran logro, ya que los ayuda mutuamente para avanzar en la correcta ejecuci\u00f3n de las pol\u00edticas p\u00fablicas en la regi\u00f3n. \u201cLa idea es que este sea un convenio de colaboraci\u00f3n amplio, donde nos podamos apoyar, en principio, en las pr\u00e1cticas profesionales. Es as\u00ed como tenemos en este momento estudiantes de la Universidad de Ays\u00e9n, de la carrera de Trabajo Social, trabajando con nosotros, abordando temas de formaci\u00f3n, de capacitaci\u00f3n de nuestros funcionarios, pero tambi\u00e9n en todo lo que sirva, que ellos tambi\u00e9n puedan hacer tesis y estudiar aspectos que nosotros estamos trabajando. Eso permite que nos den m\u00e1s conocimiento te\u00f3rico, s\u00f3lido, y nos ayuda a saber si estamos bien enfocados en nuestra pol\u00edtica respecto de la regi\u00f3n. As\u00ed que muy contenta de poder trabajar de la mano con la Universidad de Ays\u00e9n\u201d, afirm\u00f3.<\/p>\n<p style=\"text-align: justify;\">De igual forma el encargado de las pr\u00e1cticas de la carrera de Trabajo Social de la universidad de Ays\u00e9n, Esteban Cofr\u00e9, tambi\u00e9n valor\u00f3 la colaboraci\u00f3n mutua, ya que les permite complementar la formaci\u00f3n profesional de los estudiantes. \u00a0\u201cYa vamos en la segunda generaci\u00f3n de estudiantes, con muy buen \u00e9xito, y esto ha implicado tambi\u00e9n que estudiantes que el a\u00f1o pasado estaban en pr\u00e1ctica, hoy en d\u00eda est\u00e9n generando sus investigaciones situadas y con gran aporte disciplinario y cient\u00edfico para la implementaci\u00f3n de las pol\u00edticas p\u00fablicas de la regi\u00f3n. A futuro la idea es poder profundizar no solamente con esta carrera, sino adem\u00e1s con otras carreras, como Psicolog\u00eda, Ingenier\u00eda Comercial o Derecho y Administraci\u00f3n P\u00fablica, que vienen el pr\u00f3ximo a\u00f1o, y para eso es una muy buena experiencia estar transitando con esto\u201d indic\u00f3.<\/p>\n<p style=\"text-align: justify;\">Finalmente, el estudiante en pr\u00e1ctica de la carrera de Trabajo Social, Jonathan Soto se mostr\u00f3 muy satisfecho con su experiencia de pr\u00e1ctica en el Serviu, ya que le ha permitido aprender y adem\u00e1s aportar en las \u00e1reas que tiene que ver con su futura profesi\u00f3n. \u201cEn primera instancia ten\u00eda un poco de incertidumbre porque no sab\u00eda en qu\u00e9 centro iba a ingresar, pero con ayuda de mi profesor pude elegir a Serviu y bueno, fue una buena elecci\u00f3n porque el departamento donde me encuentro tiene mucha relaci\u00f3n con lo que se ve en mi carrera, lo que vendr\u00eda siendo familia en s\u00ed, entonces eso me ha agradado y siento que voy por el camino correcto\u201d, indic\u00f3.<\/p>\n<p style=\"text-align: justify;\">Tras la jornada de trabajo tanto el Serviu como la Universidad de Ays\u00e9n reiteraron su compromiso por seguir fortaleciendo los lazos de colaboraci\u00f3n, asumiendo que el convenio vigente abre positivas proyecciones para ambas partes y para la comunidad en general.<\/p>\n<\/div><\/section><\/div><div  style='height:50px' class='hr hr-invisible   avia-builder-el-6  el_after_av_one_full  el_before_av_social_share '><span class='hr-inner ' ><span class='hr-inner-style'><\/span><\/span><\/div><\/p>\n<div  class='av-social-sharing-box  avia-builder-el-7  el_after_av_hr  el_before_av_hr  '><div class='av-share-box'><h5 class='av-share-link-description av-no-toc '>Compartir esta noticia<\/h5><ul class='av-share-box-list noLightbox'><li class='av-share-link av-social-link-facebook' ><a target=\"_blank\" aria-label=\"Compartir en Facebook\" href='https:\/\/www.facebook.com\/sharer.php?u=https:\/\/radiorevelacionfm.cl\/?p=55387&#038;t=Serviu%20y%20Universidad%20de%20Ays%C3%A9n%20potencian%20convenio%20para%20proyectar%20trabajo%20conjunto' aria-hidden='false' data-av_icon='\ue8f3' data-av_iconfont='entypo-fontello' title='' data-avia-related-tooltip='Compartir en Facebook' rel=\"noopener\"><span class='avia_hidden_link_text'>Compartir en Facebook<\/span><\/a><\/li><li class='av-share-link av-social-link-twitter' ><a target=\"_blank\" aria-label=\"Compartir en Twitter\" href='https:\/\/twitter.com\/share?text=Serviu%20y%20Universidad%20de%20Ays%C3%A9n%20potencian%20convenio%20para%20proyectar%20trabajo%20conjunto&#038;url=https:\/\/radiorevelacionfm.cl\/?p=55387' aria-hidden='false' data-av_icon='\ue8f1' data-av_iconfont='entypo-fontello' title='' data-avia-related-tooltip='Compartir en Twitter' rel=\"noopener\"><span class='avia_hidden_link_text'>Compartir en Twitter<\/span><\/a><\/li><li class='av-share-link av-social-link-whatsapp' ><a target=\"_blank\" aria-label=\"Compartir en Whatsapp\" href='https:\/\/api.whatsapp.com\/send?text=https:\/\/radiorevelacionfm.cl\/?p=55387' aria-hidden='false' data-av_icon='\uf232' data-av_iconfont='entypo-fontello' title='' data-avia-related-tooltip='Compartir en Whatsapp' rel=\"noopener\"><span class='avia_hidden_link_text'>Compartir en Whatsapp<\/span><\/a><\/li><li class='av-share-link av-social-link-linkedin' ><a target=\"_blank\" aria-label=\"Compartir en LinkedIn\" href='https:\/\/linkedin.com\/shareArticle?mini=true&#038;title=Serviu%20y%20Universidad%20de%20Ays%C3%A9n%20potencian%20convenio%20para%20proyectar%20trabajo%20conjunto&#038;url=https:\/\/radiorevelacionfm.cl\/?p=55387' aria-hidden='false' data-av_icon='\ue8fc' data-av_iconfont='entypo-fontello' title='' data-avia-related-tooltip='Compartir en LinkedIn' rel=\"noopener\"><span class='avia_hidden_link_text'>Compartir en LinkedIn<\/span><\/a><\/li><li class='av-share-link av-social-link-mail' ><a  aria-label=\"Compartir por correo\" href='mailto:?subject=Serviu%20y%20Universidad%20de%20Ays%C3%A9n%20potencian%20convenio%20para%20proyectar%20trabajo%20conjunto&#038;body=https:\/\/radiorevelacionfm.cl\/?p=55387' aria-hidden='false' data-av_icon='\ue805' data-av_iconfont='entypo-fontello' title='' data-avia-related-tooltip='Compartir por correo'><span class='avia_hidden_link_text'>Compartir por correo<\/span><\/a><\/li><\/ul><\/div><\/div>\n<div  style='height:50px' class='hr hr-invisible   avia-builder-el-8  el_after_av_social_share  el_before_av_comments_list '><span class='hr-inner ' ><span class='hr-inner-style'><\/span><\/span><\/div>\n<div  class='av-buildercomment  av-blog-meta-html-info-disabled av-blog-meta-tag-disabled  '><\/div>\n","protected":false},"excerpt":{"rendered":"","protected":false},"author":1,"featured_media":55388,"comment_status":"closed","ping_status":"closed","sticky":false,"template":"","format":"standard","meta":{"footnotes":""},"categories":[57],"tags":[],"class_list":["post-55387","post","type-post","status-publish","format-standard","has-post-thumbnail","hentry","category-vivienda"],"jetpack_featured_media_url":"https:\/\/radiorevelacionfm.cl\/wp-content\/uploads\/2025\/06\/Representantes-de-U-Aysen-y-Serviu-potencian-convenio-de-colaboracion-1-1.jpg","_links":{"self":[{"href":"https:\/\/radiorevelacionfm.cl\/index.php?rest_route=\/wp\/v2\/posts\/55387","targetHints":{"allow":["GET"]}}],"collection":[{"href":"https:\/\/radiorevelacionfm.cl\/index.php?rest_route=\/wp\/v2\/posts"}],"about":[{"href":"https:\/\/radiorevelacionfm.cl\/index.php?rest_route=\/wp\/v2\/types\/post"}],"author":[{"embeddable":true,"href":"https:\/\/radiorevelacionfm.cl\/index.php?rest_route=\/wp\/v2\/users\/1"}],"replies":[{"embeddable":true,"href":"https:\/\/radiorevelacionfm.cl\/index.php?rest_route=%2Fwp%2Fv2%2Fcomments&post=55387"}],"version-history":[{"count":2,"href":"https:\/\/radiorevelacionfm.cl\/index.php?rest_route=\/wp\/v2\/posts\/55387\/revisions"}],"predecessor-version":[{"id":55394,"href":"https:\/\/radiorevelacionfm.cl\/index.php?rest_route=\/wp\/v2\/posts\/55387\/revisions\/55394"}],"wp:featuredmedia":[{"embeddable":true,"href":"https:\/\/radiorevelacionfm.cl\/index.php?rest_route=\/wp\/v2\/media\/55388"}],"wp:attachment":[{"href":"https:\/\/radiorevelacionfm.cl\/index.php?rest_route=%2Fwp%2Fv2%2Fmedia&parent=55387"}],"wp:term":[{"taxonomy":"category","embeddable":true,"href":"https:\/\/radiorevelacionfm.cl\/index.php?rest_route=%2Fwp%2Fv2%2Fcategories&post=55387"},{"taxonomy":"post_tag","embeddable":true,"href":"https:\/\/radiorevelacionfm.cl\/index.php?rest_route=%2Fwp%2Fv2%2Ftags&post=55387"}],"curies":[{"name":"wp","href":"https:\/\/api.w.org\/{rel}","templated":true}]}}