{"id":55384,"date":"2025-06-18T10:34:28","date_gmt":"2025-06-18T13:34:28","guid":{"rendered":"https:\/\/radiorevelacionfm.cl\/?p=55384"},"modified":"2025-06-18T10:34:28","modified_gmt":"2025-06-18T13:34:28","slug":"pdi-aysen-inaugura-sala-de-entrevista-investigativa-videograbada","status":"publish","type":"post","link":"https:\/\/radiorevelacionfm.cl\/?p=55384","title":{"rendered":"PDI Ays\u00e9n inaugura sala de Entrevista Investigativa Videograbada"},"content":{"rendered":"<div class=\"flex_column av_one_full  flex_column_div av-zero-column-padding first  avia-builder-el-0  el_before_av_one_full  avia-builder-el-first  \" style='border-radius:0px; '><div  class='avia-image-container  av-styling-    avia-builder-el-1  avia-builder-el-no-sibling  avia-align-center '  itemprop=\"image\" itemscope=\"itemscope\" itemtype=\"https:\/\/schema.org\/ImageObject\"  ><div class='avia-image-container-inner'><div class='avia-image-overlay-wrap'><img decoding=\"async\" class='wp-image-55385 avia-img-lazy-loading-not-55385 avia_image' src=\"https:\/\/radiorevelacionfm.cl\/wp-content\/uploads\/2025\/06\/IMG_6345-1-1.jpg\" alt='' title='IMG_6345 (1) (1)' height=\"600\" width=\"1067\"  itemprop=\"thumbnailUrl\" srcset=\"https:\/\/radiorevelacionfm.cl\/wp-content\/uploads\/2025\/06\/IMG_6345-1-1.jpg 1067w, https:\/\/radiorevelacionfm.cl\/wp-content\/uploads\/2025\/06\/IMG_6345-1-1-300x169.jpg 300w, https:\/\/radiorevelacionfm.cl\/wp-content\/uploads\/2025\/06\/IMG_6345-1-1-1030x579.jpg 1030w, https:\/\/radiorevelacionfm.cl\/wp-content\/uploads\/2025\/06\/IMG_6345-1-1-768x432.jpg 768w, https:\/\/radiorevelacionfm.cl\/wp-content\/uploads\/2025\/06\/IMG_6345-1-1-705x396.jpg 705w, https:\/\/radiorevelacionfm.cl\/wp-content\/uploads\/2025\/06\/IMG_6345-1-1-450x253.jpg 450w, https:\/\/radiorevelacionfm.cl\/wp-content\/uploads\/2025\/06\/IMG_6345-1-1-600x337.jpg 600w\" sizes=\"(max-width: 1067px) 100vw, 1067px\" \/><\/div><\/div><\/div><\/div><div class=\"flex_column av_one_full  flex_column_div av-zero-column-padding first  avia-builder-el-2  el_after_av_one_full  el_before_av_one_full  column-top-margin\" style='border-radius:0px; '><section class=\"av_textblock_section \"  itemscope=\"itemscope\" itemtype=\"https:\/\/schema.org\/BlogPosting\" itemprop=\"blogPost\" ><div class='avia_textblock  '   itemprop=\"text\" ><p style=\"text-align: center;\"><span style=\"font-size: 18pt;\"><strong>PDI Ays\u00e9n inaugura sala de Entrevista Investigativa Videograbada<\/strong><\/span><\/p>\n<div id=\"gtx-trans\" style=\"position: absolute; left: -50px; top: 4.31534px;\">\n<div class=\"gtx-trans-icon\"><\/div>\n<\/div>\n<\/div><\/section><\/div><div class=\"flex_column av_one_full  flex_column_div av-zero-column-padding first  avia-builder-el-4  el_after_av_one_full  el_before_av_hr  column-top-margin\" style='border-radius:0px; '><section class=\"av_textblock_section \"  itemscope=\"itemscope\" itemtype=\"https:\/\/schema.org\/BlogPosting\" itemprop=\"blogPost\" ><div class='avia_textblock  '   itemprop=\"text\" ><p style=\"text-align: justify;\">En el marco del cumplimiento de la Ley N\u00b021.057 que regula las entrevistas grabadas en video y otras medidas de resguardo a menores de edad, v\u00edctimas de delitos sexuales y otros delitos violentos, la Polic\u00eda de Investigaciones de Chile inaugur\u00f3 la sala de Entrevista Investigativa Videograbada del Complejo Policial Coyhaique.<\/p>\n<p style=\"text-align: justify;\">Desde la puesta en marcha de la ley, hace seis a\u00f1os, esta metodolog\u00eda de trabajo ha permitido velar por los derechos fundamentales del ni\u00f1o, ni\u00f1a y adolescente, evitando la victimizaci\u00f3n secundaria. En ese sentido, esta iniciativa permiti\u00f3 integrar un nuevo espacio acondicionado a la red de salas del sistema de justicia penal a nivel regional, con la finalidad de entregar un registro claro, verificable y transparente de lo que declaran las v\u00edctimas, evitando distorsiones o manipulaciones en el testimonio.<\/p>\n<p style=\"text-align: justify;\">Sobre la importancia que reviste esta sala, el jefe de la Regi\u00f3n Policial de Ays\u00e9n, prefecto inspector Javier Valenzuela Riquelme, se\u00f1al\u00f3 que \u201cpara la Polic\u00eda de Investigaciones de Chile es altamente reconfortante poder entregar esta sala, especialmente adaptada para ese fin, a todo el ecosistema de seguridad y justicia de la Regi\u00f3n de Ays\u00e9n\u201d, agregando que esta sala va a poder ser utilizada por \u201ccualquier oferente debidamente certificado por la SEREMI de Justicia\u201d. Adem\u00e1s, el jefe policial indic\u00f3 que el fondo de este proyecto es el bienestar integral de ni\u00f1os, ni\u00f1as y adolescentes que han sido v\u00edctimas de delitos graves, evitando, fundamentalmente, su victimizaci\u00f3n secundaria.<\/p>\n<p style=\"text-align: justify;\">Para la habilitaci\u00f3n e implementaci\u00f3n de este nuevo espacio, la PDI invirti\u00f3 m\u00e1s de 34 millones de pesos, con fondos sectoriales de la instituci\u00f3n, los que fueron destinados al acondicionamiento del espacio, nuevas instalaciones y la adquisici\u00f3n del equipamiento t\u00e9cnico acorde a los est\u00e1ndares del mercado, los que permitir\u00e1n llevar a cabo una grabaci\u00f3n certera y clara de la entrevista realizada al ni\u00f1o, ni\u00f1a o adolescente v\u00edctima de delitos graves.<\/p>\n<p style=\"text-align: justify;\"><strong>Aporte al sistema de seguridad y justicia penal<\/strong><\/p>\n<p style=\"text-align: justify;\">En la actividad, participaron distintas autoridades regionales vinculadas al \u00e1mbito de la seguridad, justicia y protecci\u00f3n, as\u00ed como tambi\u00e9n invitadas especiales de la Fundaci\u00f3n Amparo y Justicia y el Centro de Entrevista Investigativa Videograbada de la PDI.<\/p>\n<p style=\"text-align: justify;\">Al respecto el fiscal regional (s) del Ministerio P\u00fablico, Jos\u00e9 Moris Ferrando, indic\u00f3 que \u201ccontar con un nuevo espacio habilitado y en \u00f3ptimas condiciones para efectos de poder entrevistar a aquellos adolescentes, ni\u00f1os y ni\u00f1as que son v\u00edctimas o testigos en casos de delitos graves, es una muy buena noticia para la comunidad. Como Fiscal\u00eda estamos muy alegres en torno a que se haya podido habilitar este espacio por parte de la Polic\u00eda de Investigaciones, confiamos en que se podr\u00e1 utilizar en todos los casos en que sea necesario, principalmente, frente a delitos flagrantes en que se requiere una intervenci\u00f3n r\u00e1pida\u201d.<\/p>\n<p style=\"text-align: justify;\">Por su parte, el delegado presidencial regional, Jorge D\u00edaz Guzm\u00e1n, valor\u00f3 el trabajo de la PDI al implementar esta sala especial para que los ni\u00f1os, ni\u00f1as y adolescentes no vuelvan a ser victimizados, luego de sufrir alg\u00fan delito o haber sido testigo de ellos. \u201cEsta Ley N\u00b021.057 lo que hace es permitir que tengamos esta infraestructura para atender a quienes son v\u00edctimas de delitos de toda \u00edndole\u201d.<\/p>\n<p style=\"text-align: justify;\">Del mismo modo, el delegado regional destac\u00f3 que se trata de \u201cun espacio seguro donde gente experta podr\u00e1 obtener informaci\u00f3n que sirva para perseguir a quienes cometen estos delitos y sean sancionados debidamente. Por lo tanto, creo que este trabajo t\u00e9cnico y profesional que se ha hecho ac\u00e1 en este recinto es fundamental para proteger a los ni\u00f1os y para hacer justicia\u201d.<\/p>\n<\/div><\/section><\/div><div  style='height:50px' class='hr hr-invisible   avia-builder-el-6  el_after_av_one_full  el_before_av_social_share '><span class='hr-inner ' ><span class='hr-inner-style'><\/span><\/span><\/div><\/p>\n<div  class='av-social-sharing-box  avia-builder-el-7  el_after_av_hr  el_before_av_hr  '><div class='av-share-box'><h5 class='av-share-link-description av-no-toc '>Compartir esta noticia<\/h5><ul class='av-share-box-list noLightbox'><li class='av-share-link av-social-link-facebook' ><a target=\"_blank\" aria-label=\"Compartir en Facebook\" href='https:\/\/www.facebook.com\/sharer.php?u=https:\/\/radiorevelacionfm.cl\/?p=55384&#038;t=PDI%20Ays%C3%A9n%20inaugura%20sala%20de%20Entrevista%20Investigativa%20Videograbada' aria-hidden='false' data-av_icon='\ue8f3' data-av_iconfont='entypo-fontello' title='' data-avia-related-tooltip='Compartir en Facebook' rel=\"noopener\"><span class='avia_hidden_link_text'>Compartir en Facebook<\/span><\/a><\/li><li class='av-share-link av-social-link-twitter' ><a target=\"_blank\" aria-label=\"Compartir en Twitter\" href='https:\/\/twitter.com\/share?text=PDI%20Ays%C3%A9n%20inaugura%20sala%20de%20Entrevista%20Investigativa%20Videograbada&#038;url=https:\/\/radiorevelacionfm.cl\/?p=55384' aria-hidden='false' data-av_icon='\ue8f1' data-av_iconfont='entypo-fontello' title='' data-avia-related-tooltip='Compartir en Twitter' rel=\"noopener\"><span class='avia_hidden_link_text'>Compartir en Twitter<\/span><\/a><\/li><li class='av-share-link av-social-link-whatsapp' ><a target=\"_blank\" aria-label=\"Compartir en Whatsapp\" href='https:\/\/api.whatsapp.com\/send?text=https:\/\/radiorevelacionfm.cl\/?p=55384' aria-hidden='false' data-av_icon='\uf232' data-av_iconfont='entypo-fontello' title='' data-avia-related-tooltip='Compartir en Whatsapp' rel=\"noopener\"><span class='avia_hidden_link_text'>Compartir en Whatsapp<\/span><\/a><\/li><li class='av-share-link av-social-link-linkedin' ><a target=\"_blank\" aria-label=\"Compartir en LinkedIn\" href='https:\/\/linkedin.com\/shareArticle?mini=true&#038;title=PDI%20Ays%C3%A9n%20inaugura%20sala%20de%20Entrevista%20Investigativa%20Videograbada&#038;url=https:\/\/radiorevelacionfm.cl\/?p=55384' aria-hidden='false' data-av_icon='\ue8fc' data-av_iconfont='entypo-fontello' title='' data-avia-related-tooltip='Compartir en LinkedIn' rel=\"noopener\"><span class='avia_hidden_link_text'>Compartir en LinkedIn<\/span><\/a><\/li><li class='av-share-link av-social-link-mail' ><a  aria-label=\"Compartir por correo\" href='mailto:?subject=PDI%20Ays%C3%A9n%20inaugura%20sala%20de%20Entrevista%20Investigativa%20Videograbada&#038;body=https:\/\/radiorevelacionfm.cl\/?p=55384' aria-hidden='false' data-av_icon='\ue805' data-av_iconfont='entypo-fontello' title='' data-avia-related-tooltip='Compartir por correo'><span class='avia_hidden_link_text'>Compartir por correo<\/span><\/a><\/li><\/ul><\/div><\/div>\n<div  style='height:50px' class='hr hr-invisible   avia-builder-el-8  el_after_av_social_share  el_before_av_comments_list '><span class='hr-inner ' ><span class='hr-inner-style'><\/span><\/span><\/div>\n<div  class='av-buildercomment  av-blog-meta-html-info-disabled av-blog-meta-tag-disabled  '><\/div>\n","protected":false},"excerpt":{"rendered":"","protected":false},"author":1,"featured_media":55385,"comment_status":"closed","ping_status":"closed","sticky":false,"template":"","format":"standard","meta":{"footnotes":""},"categories":[36],"tags":[],"class_list":["post-55384","post","type-post","status-publish","format-standard","has-post-thumbnail","hentry","category-policial"],"jetpack_featured_media_url":"https:\/\/radiorevelacionfm.cl\/wp-content\/uploads\/2025\/06\/IMG_6345-1-1.jpg","_links":{"self":[{"href":"https:\/\/radiorevelacionfm.cl\/index.php?rest_route=\/wp\/v2\/posts\/55384","targetHints":{"allow":["GET"]}}],"collection":[{"href":"https:\/\/radiorevelacionfm.cl\/index.php?rest_route=\/wp\/v2\/posts"}],"about":[{"href":"https:\/\/radiorevelacionfm.cl\/index.php?rest_route=\/wp\/v2\/types\/post"}],"author":[{"embeddable":true,"href":"https:\/\/radiorevelacionfm.cl\/index.php?rest_route=\/wp\/v2\/users\/1"}],"replies":[{"embeddable":true,"href":"https:\/\/radiorevelacionfm.cl\/index.php?rest_route=%2Fwp%2Fv2%2Fcomments&post=55384"}],"version-history":[{"count":2,"href":"https:\/\/radiorevelacionfm.cl\/index.php?rest_route=\/wp\/v2\/posts\/55384\/revisions"}],"predecessor-version":[{"id":55393,"href":"https:\/\/radiorevelacionfm.cl\/index.php?rest_route=\/wp\/v2\/posts\/55384\/revisions\/55393"}],"wp:featuredmedia":[{"embeddable":true,"href":"https:\/\/radiorevelacionfm.cl\/index.php?rest_route=\/wp\/v2\/media\/55385"}],"wp:attachment":[{"href":"https:\/\/radiorevelacionfm.cl\/index.php?rest_route=%2Fwp%2Fv2%2Fmedia&parent=55384"}],"wp:term":[{"taxonomy":"category","embeddable":true,"href":"https:\/\/radiorevelacionfm.cl\/index.php?rest_route=%2Fwp%2Fv2%2Fcategories&post=55384"},{"taxonomy":"post_tag","embeddable":true,"href":"https:\/\/radiorevelacionfm.cl\/index.php?rest_route=%2Fwp%2Fv2%2Ftags&post=55384"}],"curies":[{"name":"wp","href":"https:\/\/api.w.org\/{rel}","templated":true}]}}