{"id":55369,"date":"2025-06-17T19:37:33","date_gmt":"2025-06-17T22:37:33","guid":{"rendered":"https:\/\/radiorevelacionfm.cl\/?p=55369"},"modified":"2025-06-17T19:44:03","modified_gmt":"2025-06-17T22:44:03","slug":"mop-aysen-informa-avances-en-despeje-de-ruta-7-tras-rodado-ocurrido-el-lunes-16-de-junio","status":"publish","type":"post","link":"https:\/\/radiorevelacionfm.cl\/?p=55369","title":{"rendered":"MOP Ays\u00e9n informa avances en despeje de ruta 7 tras rodado ocurrido el lunes 16 de junio"},"content":{"rendered":"<div class=\"flex_column av_one_full  flex_column_div av-zero-column-padding first  avia-builder-el-0  el_before_av_one_full  avia-builder-el-first  \" style='border-radius:0px; '><div  class='avia-image-container  av-styling-    avia-builder-el-1  avia-builder-el-no-sibling  avia-align-center '  itemprop=\"image\" itemscope=\"itemscope\" itemtype=\"https:\/\/schema.org\/ImageObject\"  ><div class='avia-image-container-inner'><div class='avia-image-overlay-wrap'><img decoding=\"async\" class='wp-image-55370 avia-img-lazy-loading-not-55370 avia_image' src=\"https:\/\/radiorevelacionfm.cl\/wp-content\/uploads\/2025\/06\/corte-ruta-17_optimized.06.25-1-1.jpg\" alt='' title='corte-ruta-17_optimized.06.25-(1)-(1)' height=\"600\" width=\"1050\"  itemprop=\"thumbnailUrl\" srcset=\"https:\/\/radiorevelacionfm.cl\/wp-content\/uploads\/2025\/06\/corte-ruta-17_optimized.06.25-1-1.jpg 1050w, https:\/\/radiorevelacionfm.cl\/wp-content\/uploads\/2025\/06\/corte-ruta-17_optimized.06.25-1-1-300x171.jpg 300w, https:\/\/radiorevelacionfm.cl\/wp-content\/uploads\/2025\/06\/corte-ruta-17_optimized.06.25-1-1-1030x589.jpg 1030w, https:\/\/radiorevelacionfm.cl\/wp-content\/uploads\/2025\/06\/corte-ruta-17_optimized.06.25-1-1-768x439.jpg 768w, https:\/\/radiorevelacionfm.cl\/wp-content\/uploads\/2025\/06\/corte-ruta-17_optimized.06.25-1-1-705x403.jpg 705w, https:\/\/radiorevelacionfm.cl\/wp-content\/uploads\/2025\/06\/corte-ruta-17_optimized.06.25-1-1-450x257.jpg 450w, https:\/\/radiorevelacionfm.cl\/wp-content\/uploads\/2025\/06\/corte-ruta-17_optimized.06.25-1-1-600x343.jpg 600w\" sizes=\"(max-width: 1050px) 100vw, 1050px\" \/><\/div><\/div><\/div><\/div>\n<div class=\"flex_column av_one_full  flex_column_div av-zero-column-padding first  avia-builder-el-2  el_after_av_one_full  el_before_av_one_full  column-top-margin\" style='border-radius:0px; '><section class=\"av_textblock_section \"  itemscope=\"itemscope\" itemtype=\"https:\/\/schema.org\/BlogPosting\" itemprop=\"blogPost\" ><div class='avia_textblock  '   itemprop=\"text\" ><p style=\"text-align: center;\"><strong><span style=\"font-size: 18pt;\">MOP Ays\u00e9n informa avances en despeje de ruta 7 tras rodado ocurrido el lunes 16 de junio<\/span><\/strong><\/p>\n<div id=\"gtx-trans\" style=\"position: absolute; left: -50px; top: 4.31534px;\">\n<div class=\"gtx-trans-icon\"><\/div>\n<\/div>\n<\/div><\/section><\/div>\n<div class=\"flex_column av_one_full  flex_column_div av-zero-column-padding first  avia-builder-el-4  el_after_av_one_full  el_before_av_hr  column-top-margin\" style='border-radius:0px; '><section class=\"av_textblock_section \"  itemscope=\"itemscope\" itemtype=\"https:\/\/schema.org\/BlogPosting\" itemprop=\"blogPost\" ><div class='avia_textblock  '   itemprop=\"text\" ><p style=\"text-align: justify;\">El Ministerio de Obras P\u00fablicas, a trav\u00e9s de la Direcci\u00f3n de Vialidad, informa que durante la jornada de este martes se avanz\u00f3 significativamente en los trabajos de despeje de la Ruta 7, a la altura del kil\u00f3metro 390, tras el rodado ocurrido la tarde del lunes 16 de junio.<\/p>\n<p style=\"text-align: justify;\">Desde el lugar de la emergencia, la seremi del MOP Ays\u00e9n, Paloma Jara, se\u00f1al\u00f3:<\/p>\n<p style=\"text-align: justify;\">\u201cNos encontramos en el kil\u00f3metro 390 de la Ruta 7, nuestra Carretera Austral, en conjunto con nuestro director de Vialidad, don Renzo Sanders, y nuestro jefe de Conservaci\u00f3n, Patricio Dur\u00e1n, donde se han realizado durante esta ma\u00f1ana las labores de despeje de la ruta, logrando ya a eso de las 14:00 horas mantener la conectividad entre Puyuhuapi y el sur de nuestra regi\u00f3n. Como podemos observar, est\u00e1n pasando ya no solo veh\u00edculos menores, sino tambi\u00e9n algunos camiones. Y los trabajos se van a mantener durante estos d\u00edas para realizar el despeje completo\u201d.<\/p>\n<p style=\"text-align: justify;\">En ese sentido, la autoridad explic\u00f3 que, debido a las condiciones clim\u00e1ticas adversas y con el fin de proteger a las personas que transitan por la zona, se implementar\u00e1 un corte preventivo en el tramo comprendido entre el Cruce Cisnes y Puyuhuapi.<\/p>\n<p style=\"text-align: justify;\">\u201cEste corte se va a realizar todos los d\u00edas desde las 19:00 horas hasta las 08:00 del d\u00eda siguiente. Esto con la intenci\u00f3n de que podamos proteger a todos los que circulan, porque podemos ver que sigue habiendo precipitaciones y eventualmente podr\u00eda haber otro fen\u00f3meno que pudiese afectar la conectividad y la vida de las personas\u201d, indic\u00f3 la seremi.<\/p>\n<\/div><\/section><\/div><div  style='height:50px' class='hr hr-invisible   avia-builder-el-6  el_after_av_one_full  el_before_av_social_share '><span class='hr-inner ' ><span class='hr-inner-style'><\/span><\/span><\/div><\/p>\n<div  class='av-social-sharing-box  avia-builder-el-7  el_after_av_hr  el_before_av_hr  '><div class='av-share-box'><h5 class='av-share-link-description av-no-toc '>Compartir esta noticia<\/h5><ul class='av-share-box-list noLightbox'><li class='av-share-link av-social-link-facebook' ><a target=\"_blank\" aria-label=\"Compartir en Facebook\" href='https:\/\/www.facebook.com\/sharer.php?u=https:\/\/radiorevelacionfm.cl\/?p=55369&#038;t=MOP%20Ays%C3%A9n%20informa%20avances%20en%20despeje%20de%20ruta%207%20tras%20rodado%20ocurrido%20el%20lunes%2016%20de%20junio' aria-hidden='false' data-av_icon='\ue8f3' data-av_iconfont='entypo-fontello' title='' data-avia-related-tooltip='Compartir en Facebook' rel=\"noopener\"><span class='avia_hidden_link_text'>Compartir en Facebook<\/span><\/a><\/li><li class='av-share-link av-social-link-twitter' ><a target=\"_blank\" aria-label=\"Compartir en Twitter\" href='https:\/\/twitter.com\/share?text=MOP%20Ays%C3%A9n%20informa%20avances%20en%20despeje%20de%20ruta%207%20tras%20rodado%20ocurrido%20el%20lunes%2016%20de%20junio&#038;url=https:\/\/radiorevelacionfm.cl\/?p=55369' aria-hidden='false' data-av_icon='\ue8f1' data-av_iconfont='entypo-fontello' title='' data-avia-related-tooltip='Compartir en Twitter' rel=\"noopener\"><span class='avia_hidden_link_text'>Compartir en Twitter<\/span><\/a><\/li><li class='av-share-link av-social-link-whatsapp' ><a target=\"_blank\" aria-label=\"Compartir en Whatsapp\" href='https:\/\/api.whatsapp.com\/send?text=https:\/\/radiorevelacionfm.cl\/?p=55369' aria-hidden='false' data-av_icon='\uf232' data-av_iconfont='entypo-fontello' title='' data-avia-related-tooltip='Compartir en Whatsapp' rel=\"noopener\"><span class='avia_hidden_link_text'>Compartir en Whatsapp<\/span><\/a><\/li><li class='av-share-link av-social-link-linkedin' ><a target=\"_blank\" aria-label=\"Compartir en LinkedIn\" href='https:\/\/linkedin.com\/shareArticle?mini=true&#038;title=MOP%20Ays%C3%A9n%20informa%20avances%20en%20despeje%20de%20ruta%207%20tras%20rodado%20ocurrido%20el%20lunes%2016%20de%20junio&#038;url=https:\/\/radiorevelacionfm.cl\/?p=55369' aria-hidden='false' data-av_icon='\ue8fc' data-av_iconfont='entypo-fontello' title='' data-avia-related-tooltip='Compartir en LinkedIn' rel=\"noopener\"><span class='avia_hidden_link_text'>Compartir en LinkedIn<\/span><\/a><\/li><li class='av-share-link av-social-link-mail' ><a  aria-label=\"Compartir por correo\" href='mailto:?subject=MOP%20Ays%C3%A9n%20informa%20avances%20en%20despeje%20de%20ruta%207%20tras%20rodado%20ocurrido%20el%20lunes%2016%20de%20junio&#038;body=https:\/\/radiorevelacionfm.cl\/?p=55369' aria-hidden='false' data-av_icon='\ue805' data-av_iconfont='entypo-fontello' title='' data-avia-related-tooltip='Compartir por correo'><span class='avia_hidden_link_text'>Compartir por correo<\/span><\/a><\/li><\/ul><\/div><\/div>\n<div  style='height:50px' class='hr hr-invisible   avia-builder-el-8  el_after_av_social_share  el_before_av_comments_list '><span class='hr-inner ' ><span class='hr-inner-style'><\/span><\/span><\/div>\n<div  class='av-buildercomment  av-blog-meta-html-info-disabled av-blog-meta-tag-disabled  '><\/div>\n","protected":false},"excerpt":{"rendered":"","protected":false},"author":1,"featured_media":55370,"comment_status":"closed","ping_status":"closed","sticky":false,"template":"","format":"standard","meta":{"footnotes":""},"categories":[38],"tags":[],"class_list":["post-55369","post","type-post","status-publish","format-standard","has-post-thumbnail","hentry","category-regional"],"jetpack_featured_media_url":"https:\/\/radiorevelacionfm.cl\/wp-content\/uploads\/2025\/06\/corte-ruta-17_optimized.06.25-1-1.jpg","_links":{"self":[{"href":"https:\/\/radiorevelacionfm.cl\/index.php?rest_route=\/wp\/v2\/posts\/55369","targetHints":{"allow":["GET"]}}],"collection":[{"href":"https:\/\/radiorevelacionfm.cl\/index.php?rest_route=\/wp\/v2\/posts"}],"about":[{"href":"https:\/\/radiorevelacionfm.cl\/index.php?rest_route=\/wp\/v2\/types\/post"}],"author":[{"embeddable":true,"href":"https:\/\/radiorevelacionfm.cl\/index.php?rest_route=\/wp\/v2\/users\/1"}],"replies":[{"embeddable":true,"href":"https:\/\/radiorevelacionfm.cl\/index.php?rest_route=%2Fwp%2Fv2%2Fcomments&post=55369"}],"version-history":[{"count":3,"href":"https:\/\/radiorevelacionfm.cl\/index.php?rest_route=\/wp\/v2\/posts\/55369\/revisions"}],"predecessor-version":[{"id":55372,"href":"https:\/\/radiorevelacionfm.cl\/index.php?rest_route=\/wp\/v2\/posts\/55369\/revisions\/55372"}],"wp:featuredmedia":[{"embeddable":true,"href":"https:\/\/radiorevelacionfm.cl\/index.php?rest_route=\/wp\/v2\/media\/55370"}],"wp:attachment":[{"href":"https:\/\/radiorevelacionfm.cl\/index.php?rest_route=%2Fwp%2Fv2%2Fmedia&parent=55369"}],"wp:term":[{"taxonomy":"category","embeddable":true,"href":"https:\/\/radiorevelacionfm.cl\/index.php?rest_route=%2Fwp%2Fv2%2Fcategories&post=55369"},{"taxonomy":"post_tag","embeddable":true,"href":"https:\/\/radiorevelacionfm.cl\/index.php?rest_route=%2Fwp%2Fv2%2Ftags&post=55369"}],"curies":[{"name":"wp","href":"https:\/\/api.w.org\/{rel}","templated":true}]}}