{"id":55366,"date":"2025-06-17T20:26:28","date_gmt":"2025-06-17T23:26:28","guid":{"rendered":"https:\/\/radiorevelacionfm.cl\/?p=55366"},"modified":"2025-06-17T20:30:55","modified_gmt":"2025-06-17T23:30:55","slug":"corfo-abre-convocatoria-para-programa-de-internacionalizacion-en-alemania-con-foco-en-salud-y-liderazgo-femenino","status":"publish","type":"post","link":"https:\/\/radiorevelacionfm.cl\/?p=55366","title":{"rendered":"Corfo abre convocatoria para programa de internacionalizaci\u00f3n en Alemania con foco en salud y liderazgo femenino"},"content":{"rendered":"<div class=\"flex_column av_one_full  flex_column_div av-zero-column-padding first  avia-builder-el-0  el_before_av_one_full  avia-builder-el-first  \" style='border-radius:0px; '><div  class='avia-image-container  av-styling-    avia-builder-el-1  avia-builder-el-no-sibling  avia-align-center '  itemprop=\"image\" itemscope=\"itemscope\" itemtype=\"https:\/\/schema.org\/ImageObject\"  ><div class='avia-image-container-inner'><div class='avia-image-overlay-wrap'><img decoding=\"async\" class='wp-image-55367 avia-img-lazy-loading-not-55367 avia_image' src=\"https:\/\/radiorevelacionfm.cl\/wp-content\/uploads\/2025\/06\/PBG_Empresas-Lideradas-por-Mujeres-1-1.jpg\" alt='' title='PBG_Empresas Lideradas por Mujeres (1) (1)' height=\"600\" width=\"900\"  itemprop=\"thumbnailUrl\" srcset=\"https:\/\/radiorevelacionfm.cl\/wp-content\/uploads\/2025\/06\/PBG_Empresas-Lideradas-por-Mujeres-1-1.jpg 900w, https:\/\/radiorevelacionfm.cl\/wp-content\/uploads\/2025\/06\/PBG_Empresas-Lideradas-por-Mujeres-1-1-300x200.jpg 300w, https:\/\/radiorevelacionfm.cl\/wp-content\/uploads\/2025\/06\/PBG_Empresas-Lideradas-por-Mujeres-1-1-768x512.jpg 768w, https:\/\/radiorevelacionfm.cl\/wp-content\/uploads\/2025\/06\/PBG_Empresas-Lideradas-por-Mujeres-1-1-705x470.jpg 705w, https:\/\/radiorevelacionfm.cl\/wp-content\/uploads\/2025\/06\/PBG_Empresas-Lideradas-por-Mujeres-1-1-450x300.jpg 450w, https:\/\/radiorevelacionfm.cl\/wp-content\/uploads\/2025\/06\/PBG_Empresas-Lideradas-por-Mujeres-1-1-600x400.jpg 600w\" sizes=\"(max-width: 900px) 100vw, 900px\" \/><\/div><\/div><\/div><\/div><div class=\"flex_column av_one_full  flex_column_div av-zero-column-padding first  avia-builder-el-2  el_after_av_one_full  el_before_av_one_full  column-top-margin\" style='border-radius:0px; '><section class=\"av_textblock_section \"  itemscope=\"itemscope\" itemtype=\"https:\/\/schema.org\/BlogPosting\" itemprop=\"blogPost\" ><div class='avia_textblock  '   itemprop=\"text\" ><p style=\"text-align: center;\"><span style=\"font-size: 18pt;\"><b>Corfo abre convocatoria para programa de internacionalizaci\u00f3n en Alemania con foco en salud y liderazgo femenino<\/b><\/span><\/p>\n<div id=\"gtx-trans\" style=\"position: absolute; left: -50px; top: 4.31534px;\">\n<div class=\"gtx-trans-icon\"><\/div>\n<\/div>\n<\/div><\/section><\/div><div class=\"flex_column av_one_full  flex_column_div av-zero-column-padding first  avia-builder-el-4  el_after_av_one_full  el_before_av_hr  column-top-margin\" style='border-radius:0px; '><section class=\"av_textblock_section \"  itemscope=\"itemscope\" itemtype=\"https:\/\/schema.org\/BlogPosting\" itemprop=\"blogPost\" ><div class='avia_textblock  '   itemprop=\"text\" ><p style=\"font-weight: 400; text-align: justify;\"><em>Las postulaciones est\u00e1n abiertas hasta el 30 de junio para pymes y empresas lideradas por mujeres interesadas en escalar sus negocios en el mercado alem\u00e1n. Este a\u00f1o, el programa pone \u00e9nfasis en tecnolog\u00edas m\u00e9dicas y ofrece formaci\u00f3n presencial y online, adem\u00e1s de una pasant\u00eda en Alemania.<\/em><\/p>\n<p style=\"font-weight: 400; text-align: justify;\"><strong>\u00a0<\/strong>Corfo abri\u00f3 una nueva convocatoria para el programa\u00a0<a href=\"https:\/\/sway.cloud.microsoft\/ktvqehwcqW7cCpou?ref=LinkedIn\" data-saferedirecturl=\"https:\/\/www.google.com\/url?q=https:\/\/sway.cloud.microsoft\/ktvqehwcqW7cCpou?ref%3DLinkedIn&amp;source=gmail&amp;ust=1750277673420000&amp;usg=AOvVaw2z58ISTfp6G1-b0fzcIc-S\"><em>Partnering in Business with Germany<\/em><\/a>, una iniciativa del gobierno alem\u00e1n que promueve la internacionalizaci\u00f3n de peque\u00f1as y medianas empresas chilenas, mediante formaci\u00f3n especializada y la posibilidad de viajar a Alemania por tres semanas para concretar oportunidades de negocio y colaboraci\u00f3n.<\/p>\n<p style=\"font-weight: 400; text-align: justify;\">En esta ocasi\u00f3n, el programa contempla dos l\u00edneas de participaci\u00f3n paralelas:<\/p>\n<ul style=\"font-weight: 400; text-align: justify;\">\n<li><strong>Women in Business<\/strong>, orientado a fortalecer el liderazgo de empresarias y apoyar a mujeres que buscan escalar sus negocios e innovar en sus respectivas industrias.<\/li>\n<li><strong>Grupo Abierto<\/strong>, dirigido a empresas de diversos sectores econ\u00f3micos, con especial foco este a\u00f1o en el \u00e1mbito de la salud y las tecnolog\u00edas m\u00e9dicas.<\/li>\n<\/ul>\n<p style=\"font-weight: 400; text-align: justify;\">En el marco de esta segunda l\u00ednea, las empresas del sector salud podr\u00e1n participar en\u00a0<a href=\"https:\/\/www.medica-tradefair.com\/\" data-saferedirecturl=\"https:\/\/www.google.com\/url?q=https:\/\/www.medica-tradefair.com\/&amp;source=gmail&amp;ust=1750277673420000&amp;usg=AOvVaw3X_cFFRsU7y4vYQeFEJy8w\"><strong>Medica 2025<\/strong><\/a>, una de las ferias internacionales m\u00e1s relevantes del rubro, que se realizar\u00e1 entre el 17 y 20 de noviembre en D\u00fcsseldorf, Alemania.<\/p>\n<p style=\"font-weight: 400; text-align: justify;\">Ambos grupos comparten un mismo proceso de postulaci\u00f3n y selecci\u00f3n, pero sus actividades espec\u00edficas y fechas de viaje a Alemania variar\u00e1n seg\u00fan la l\u00ednea a la que postulen.<\/p>\n<p style=\"font-weight: 400; text-align: justify;\">El programa consta de una fase de preparaci\u00f3n online de seis semanas y una estancia en Alemania de 3 semanas. Durante la fase de preparaci\u00f3n se lleva a cabo un taller introductorio presencial en Santiago de 2 d\u00edas, 3 cursos de formaci\u00f3n en l\u00ednea y tutor\u00edas individuales.<\/p>\n<p style=\"font-weight: 400; text-align: justify;\">Durante la estancia en Alemania se ofrece un programa a tiempo completo de lunes a viernes orientado a conocer el potencial del mercado alem\u00e1n. Se realizan cursos de formaci\u00f3n interactivos y visitas a empresas, adem\u00e1s, se tendr\u00e1 la oportunidad de mantener reuniones B2B en persona con posibles socios comerciales.<\/p>\n<p style=\"font-weight: 400; text-align: justify;\">Los participantes ser\u00e1n responsables de cubrir el costo del pasaje a\u00e9reo Chile\/Alemania\/Chile. En tanto, el ministerio alem\u00e1n cubre el costo de la capacitaci\u00f3n, los gastos de alojamiento con media pensi\u00f3n en Alemania, los viajes en grupo para visitas a empresas, el transporte a reuniones y los seguros b\u00e1sicos de salud, accidente y responsabilidad civil.<\/p>\n<p style=\"font-weight: 400; text-align: justify;\">Las postulaciones estar\u00e1n abiertas hasta el\u00a0<strong>30 de junio de 2025<\/strong>. Para m\u00e1s informaci\u00f3n sobre los requisitos y formularios visita\u00a0<a href=\"http:\/\/www.corfo.cl\/\" data-saferedirecturl=\"https:\/\/www.google.com\/url?q=http:\/\/www.corfo.cl&amp;source=gmail&amp;ust=1750277673420000&amp;usg=AOvVaw0TYgCV17PAMxPfMBuWrAkC\">www.corfo.cl<\/a><\/p>\n<\/div><\/section><\/div><div  style='height:50px' class='hr hr-invisible   avia-builder-el-6  el_after_av_one_full  el_before_av_social_share '><span class='hr-inner ' ><span class='hr-inner-style'><\/span><\/span><\/div><\/p>\n<div  class='av-social-sharing-box  avia-builder-el-7  el_after_av_hr  el_before_av_hr  '><div class='av-share-box'><h5 class='av-share-link-description av-no-toc '>Compartir esta noticia<\/h5><ul class='av-share-box-list noLightbox'><li class='av-share-link av-social-link-facebook' ><a target=\"_blank\" aria-label=\"Compartir en Facebook\" href='https:\/\/www.facebook.com\/sharer.php?u=https:\/\/radiorevelacionfm.cl\/?p=55366&#038;t=Corfo%20abre%20convocatoria%20para%20programa%20de%20internacionalizaci%C3%B3n%20en%20Alemania%20con%20foco%20en%20salud%20y%20liderazgo%20femenino' aria-hidden='false' data-av_icon='\ue8f3' data-av_iconfont='entypo-fontello' title='' data-avia-related-tooltip='Compartir en Facebook' rel=\"noopener\"><span class='avia_hidden_link_text'>Compartir en Facebook<\/span><\/a><\/li><li class='av-share-link av-social-link-twitter' ><a target=\"_blank\" aria-label=\"Compartir en Twitter\" href='https:\/\/twitter.com\/share?text=Corfo%20abre%20convocatoria%20para%20programa%20de%20internacionalizaci%C3%B3n%20en%20Alemania%20con%20foco%20en%20salud%20y%20liderazgo%20femenino&#038;url=https:\/\/radiorevelacionfm.cl\/?p=55366' aria-hidden='false' data-av_icon='\ue8f1' data-av_iconfont='entypo-fontello' title='' data-avia-related-tooltip='Compartir en Twitter' rel=\"noopener\"><span class='avia_hidden_link_text'>Compartir en Twitter<\/span><\/a><\/li><li class='av-share-link av-social-link-whatsapp' ><a target=\"_blank\" aria-label=\"Compartir en Whatsapp\" href='https:\/\/api.whatsapp.com\/send?text=https:\/\/radiorevelacionfm.cl\/?p=55366' aria-hidden='false' data-av_icon='\uf232' data-av_iconfont='entypo-fontello' title='' data-avia-related-tooltip='Compartir en Whatsapp' rel=\"noopener\"><span class='avia_hidden_link_text'>Compartir en Whatsapp<\/span><\/a><\/li><li class='av-share-link av-social-link-linkedin' ><a target=\"_blank\" aria-label=\"Compartir en LinkedIn\" href='https:\/\/linkedin.com\/shareArticle?mini=true&#038;title=Corfo%20abre%20convocatoria%20para%20programa%20de%20internacionalizaci%C3%B3n%20en%20Alemania%20con%20foco%20en%20salud%20y%20liderazgo%20femenino&#038;url=https:\/\/radiorevelacionfm.cl\/?p=55366' aria-hidden='false' data-av_icon='\ue8fc' data-av_iconfont='entypo-fontello' title='' data-avia-related-tooltip='Compartir en LinkedIn' rel=\"noopener\"><span class='avia_hidden_link_text'>Compartir en LinkedIn<\/span><\/a><\/li><li class='av-share-link av-social-link-mail' ><a  aria-label=\"Compartir por correo\" href='mailto:?subject=Corfo%20abre%20convocatoria%20para%20programa%20de%20internacionalizaci%C3%B3n%20en%20Alemania%20con%20foco%20en%20salud%20y%20liderazgo%20femenino&#038;body=https:\/\/radiorevelacionfm.cl\/?p=55366' aria-hidden='false' data-av_icon='\ue805' data-av_iconfont='entypo-fontello' title='' data-avia-related-tooltip='Compartir por correo'><span class='avia_hidden_link_text'>Compartir por correo<\/span><\/a><\/li><\/ul><\/div><\/div>\n<div  style='height:50px' class='hr hr-invisible   avia-builder-el-8  el_after_av_social_share  el_before_av_comments_list '><span class='hr-inner ' ><span class='hr-inner-style'><\/span><\/span><\/div>\n<div  class='av-buildercomment  av-blog-meta-html-info-disabled av-blog-meta-tag-disabled  '><\/div>\n","protected":false},"excerpt":{"rendered":"","protected":false},"author":1,"featured_media":55367,"comment_status":"closed","ping_status":"closed","sticky":false,"template":"","format":"standard","meta":{"footnotes":""},"categories":[38],"tags":[],"class_list":["post-55366","post","type-post","status-publish","format-standard","has-post-thumbnail","hentry","category-regional"],"jetpack_featured_media_url":"https:\/\/radiorevelacionfm.cl\/wp-content\/uploads\/2025\/06\/PBG_Empresas-Lideradas-por-Mujeres-1-1.jpg","_links":{"self":[{"href":"https:\/\/radiorevelacionfm.cl\/index.php?rest_route=\/wp\/v2\/posts\/55366","targetHints":{"allow":["GET"]}}],"collection":[{"href":"https:\/\/radiorevelacionfm.cl\/index.php?rest_route=\/wp\/v2\/posts"}],"about":[{"href":"https:\/\/radiorevelacionfm.cl\/index.php?rest_route=\/wp\/v2\/types\/post"}],"author":[{"embeddable":true,"href":"https:\/\/radiorevelacionfm.cl\/index.php?rest_route=\/wp\/v2\/users\/1"}],"replies":[{"embeddable":true,"href":"https:\/\/radiorevelacionfm.cl\/index.php?rest_route=%2Fwp%2Fv2%2Fcomments&post=55366"}],"version-history":[{"count":2,"href":"https:\/\/radiorevelacionfm.cl\/index.php?rest_route=\/wp\/v2\/posts\/55366\/revisions"}],"predecessor-version":[{"id":55379,"href":"https:\/\/radiorevelacionfm.cl\/index.php?rest_route=\/wp\/v2\/posts\/55366\/revisions\/55379"}],"wp:featuredmedia":[{"embeddable":true,"href":"https:\/\/radiorevelacionfm.cl\/index.php?rest_route=\/wp\/v2\/media\/55367"}],"wp:attachment":[{"href":"https:\/\/radiorevelacionfm.cl\/index.php?rest_route=%2Fwp%2Fv2%2Fmedia&parent=55366"}],"wp:term":[{"taxonomy":"category","embeddable":true,"href":"https:\/\/radiorevelacionfm.cl\/index.php?rest_route=%2Fwp%2Fv2%2Fcategories&post=55366"},{"taxonomy":"post_tag","embeddable":true,"href":"https:\/\/radiorevelacionfm.cl\/index.php?rest_route=%2Fwp%2Fv2%2Ftags&post=55366"}],"curies":[{"name":"wp","href":"https:\/\/api.w.org\/{rel}","templated":true}]}}