{"id":55363,"date":"2025-06-17T20:04:37","date_gmt":"2025-06-17T23:04:37","guid":{"rendered":"https:\/\/radiorevelacionfm.cl\/?p=55363"},"modified":"2025-06-17T20:04:37","modified_gmt":"2025-06-17T23:04:37","slug":"municipio-de-rio-ibanez-y-servicio-de-salud-aysen-firman-acuerdo-para-realizar-mejoras-en-posta-de-puerto-ibanez","status":"publish","type":"post","link":"https:\/\/radiorevelacionfm.cl\/?p=55363","title":{"rendered":"Municipio de R\u00edo Ib\u00e1\u00f1ez y Servicio de Salud Ays\u00e9n firman acuerdo para realizar mejoras en Posta de Puerto Ib\u00e1\u00f1ez"},"content":{"rendered":"<div class=\"flex_column av_one_full  flex_column_div av-zero-column-padding first  avia-builder-el-0  el_before_av_one_full  avia-builder-el-first  \" style='border-radius:0px; '><div  class='avia-image-container  av-styling-    avia-builder-el-1  avia-builder-el-no-sibling  avia-align-center '  itemprop=\"image\" itemscope=\"itemscope\" itemtype=\"https:\/\/schema.org\/ImageObject\"  ><div class='avia-image-container-inner'><div class='avia-image-overlay-wrap'><img decoding=\"async\" class='wp-image-55364 avia-img-lazy-loading-not-55364 avia_image' src=\"https:\/\/radiorevelacionfm.cl\/wp-content\/uploads\/2025\/06\/dsc03132-1_optimized.jpg\" alt='' title='dsc03132-(1)_optimized' height=\"600\" width=\"1066\"  itemprop=\"thumbnailUrl\" srcset=\"https:\/\/radiorevelacionfm.cl\/wp-content\/uploads\/2025\/06\/dsc03132-1_optimized.jpg 1066w, https:\/\/radiorevelacionfm.cl\/wp-content\/uploads\/2025\/06\/dsc03132-1_optimized-300x169.jpg 300w, https:\/\/radiorevelacionfm.cl\/wp-content\/uploads\/2025\/06\/dsc03132-1_optimized-1030x580.jpg 1030w, https:\/\/radiorevelacionfm.cl\/wp-content\/uploads\/2025\/06\/dsc03132-1_optimized-768x432.jpg 768w, https:\/\/radiorevelacionfm.cl\/wp-content\/uploads\/2025\/06\/dsc03132-1_optimized-705x397.jpg 705w, https:\/\/radiorevelacionfm.cl\/wp-content\/uploads\/2025\/06\/dsc03132-1_optimized-450x253.jpg 450w, https:\/\/radiorevelacionfm.cl\/wp-content\/uploads\/2025\/06\/dsc03132-1_optimized-600x338.jpg 600w\" sizes=\"(max-width: 1066px) 100vw, 1066px\" \/><\/div><\/div><\/div><\/div>\n<div class=\"flex_column av_one_full  flex_column_div av-zero-column-padding first  avia-builder-el-2  el_after_av_one_full  el_before_av_one_full  column-top-margin\" style='border-radius:0px; '><section class=\"av_textblock_section \"  itemscope=\"itemscope\" itemtype=\"https:\/\/schema.org\/BlogPosting\" itemprop=\"blogPost\" ><div class='avia_textblock  '   itemprop=\"text\" ><p style=\"text-align: center;\"><span style=\"font-size: 18pt;\"><strong>Municipio de R\u00edo Ib\u00e1\u00f1ez y Servicio de Salud Ays\u00e9n firman acuerdo para realizar mejoras en Posta de Puerto Ib\u00e1\u00f1ez<\/strong><\/span><\/p>\n<div id=\"gtx-trans\" style=\"position: absolute; left: -50px; top: 4.31534px;\">\n<div class=\"gtx-trans-icon\"><\/div>\n<\/div>\n<\/div><\/section><\/div><div class=\"flex_column av_one_full  flex_column_div av-zero-column-padding first  avia-builder-el-4  el_after_av_one_full  el_before_av_hr  column-top-margin\" style='border-radius:0px; '><section class=\"av_textblock_section \"  itemscope=\"itemscope\" itemtype=\"https:\/\/schema.org\/BlogPosting\" itemprop=\"blogPost\" ><div class='avia_textblock  '   itemprop=\"text\" ><p style=\"text-align: justify;\">A la espera del proyecto definitivo de reposici\u00f3n de la Posta de Salud de Puerto Ingeniero Ib\u00e1\u00f1ez, el pasado lunes 16 de junio se concret\u00f3 la firma de una carta de compromiso entre el alcalde de R\u00edo Ib\u00e1\u00f1ez, Marcelo J\u00e9lvez C\u00e1rdenas, y el director del Servicio de Salud Ays\u00e9n, Juan Pablo Bravo Quintana, para avanzar de forma colaborativa en un mejoramiento de la infraestructura existente de este dispositivo, que permitir\u00e1 dar respuestas a necesidades actuales de la comunidad en atenci\u00f3n primaria.<\/p>\n<p style=\"text-align: justify;\">Seg\u00fan el documento, desde el organismo estatal se dispondr\u00e1 de profesionales especializados para dise\u00f1ar y luego, durante 2026, realizar obras de conservaci\u00f3n en los boxes, para as\u00ed asegurar la operatividad y la pertinencia t\u00e9cnica que requiere el establecimiento para su funcionamiento, mientras se desarrolla la iniciativa final de la nueva posta.<\/p>\n<p style=\"text-align: justify;\">Para tales efectos, la municipalidad asumir\u00e1 la importante tarea de buscar el financiamiento requerido, a trav\u00e9s del Gobierno Regional de Ays\u00e9n, para impulsar la ejecuci\u00f3n de estas mejoras, como soluci\u00f3n a las sentidas solicitudes que la comunidad ha manifestado en el presente.<\/p>\n<p style=\"text-align: justify;\">Este avance representa un paso significativo en el fortalecimiento del sistema de atenci\u00f3n primaria de Puerto Ingeniero Ib\u00e1\u00f1ez. En este contexto, el edil Marcelo J\u00e9lvez indic\u00f3 que \u201cestamos reafirmando nuestro compromiso de construir un R\u00edo Ib\u00e1\u00f1ez con m\u00e1s salud, m\u00e1s comunidad y m\u00e1s desarrollo. Es una alineaci\u00f3n de voluntades para trabajar arduamente y tener estos m\u00f3dulos con el objetivo de brindar una cobertura \u00f3ptima para nuestra comunidad\u201d.<\/p>\n<p style=\"text-align: justify;\">Por su parte, el director del Servicio de Salud Ays\u00e9n, Juan Pablo Bravo Quintana se\u00f1al\u00f3 que \u201cfirmamos un compromiso conjunto con el alcalde de R\u00edo Ib\u00e1\u00f1ez para avanzar en mejoras concretas en la infraestructura de la posta de salud de la comuna. Sabemos que la comunidad necesita espacios m\u00e1s dignos y adecuados, por eso, mientras se trabaja en un proyecto definitivo para este dispositivo, impulsaremos acciones que permitan fortalecer las condiciones actuales y, con ello, mejorar tambi\u00e9n la calidad de las atenciones que reciben las vecinas y vecinos\u201d.<\/p>\n<\/div><\/section><\/div><\/p>\n<div  style='height:50px' class='hr hr-invisible   avia-builder-el-6  el_after_av_one_full  el_before_av_social_share '><span class='hr-inner ' ><span class='hr-inner-style'><\/span><\/span><\/div>\n<div  class='av-social-sharing-box  avia-builder-el-7  el_after_av_hr  el_before_av_hr  '><div class='av-share-box'><h5 class='av-share-link-description av-no-toc '>Compartir esta noticia<\/h5><ul class='av-share-box-list noLightbox'><li class='av-share-link av-social-link-facebook' ><a target=\"_blank\" aria-label=\"Compartir en Facebook\" href='https:\/\/www.facebook.com\/sharer.php?u=https:\/\/radiorevelacionfm.cl\/?p=55363&#038;t=Municipio%20de%20R%C3%ADo%20Ib%C3%A1%C3%B1ez%20y%20Servicio%20de%20Salud%20Ays%C3%A9n%20firman%20acuerdo%20para%20realizar%20mejoras%20en%20Posta%20de%20Puerto%20Ib%C3%A1%C3%B1ez' aria-hidden='false' data-av_icon='\ue8f3' data-av_iconfont='entypo-fontello' title='' data-avia-related-tooltip='Compartir en Facebook' rel=\"noopener\"><span class='avia_hidden_link_text'>Compartir en Facebook<\/span><\/a><\/li><li class='av-share-link av-social-link-twitter' ><a target=\"_blank\" aria-label=\"Compartir en Twitter\" href='https:\/\/twitter.com\/share?text=Municipio%20de%20R%C3%ADo%20Ib%C3%A1%C3%B1ez%20y%20Servicio%20de%20Salud%20Ays%C3%A9n%20firman%20acuerdo%20para%20realizar%20mejoras%20en%20Posta%20de%20Puerto%20Ib%C3%A1%C3%B1ez&#038;url=https:\/\/radiorevelacionfm.cl\/?p=55363' aria-hidden='false' data-av_icon='\ue8f1' data-av_iconfont='entypo-fontello' title='' data-avia-related-tooltip='Compartir en Twitter' rel=\"noopener\"><span class='avia_hidden_link_text'>Compartir en Twitter<\/span><\/a><\/li><li class='av-share-link av-social-link-whatsapp' ><a target=\"_blank\" aria-label=\"Compartir en Whatsapp\" href='https:\/\/api.whatsapp.com\/send?text=https:\/\/radiorevelacionfm.cl\/?p=55363' aria-hidden='false' data-av_icon='\uf232' data-av_iconfont='entypo-fontello' title='' data-avia-related-tooltip='Compartir en Whatsapp' rel=\"noopener\"><span class='avia_hidden_link_text'>Compartir en Whatsapp<\/span><\/a><\/li><li class='av-share-link av-social-link-linkedin' ><a target=\"_blank\" aria-label=\"Compartir en LinkedIn\" href='https:\/\/linkedin.com\/shareArticle?mini=true&#038;title=Municipio%20de%20R%C3%ADo%20Ib%C3%A1%C3%B1ez%20y%20Servicio%20de%20Salud%20Ays%C3%A9n%20firman%20acuerdo%20para%20realizar%20mejoras%20en%20Posta%20de%20Puerto%20Ib%C3%A1%C3%B1ez&#038;url=https:\/\/radiorevelacionfm.cl\/?p=55363' aria-hidden='false' data-av_icon='\ue8fc' data-av_iconfont='entypo-fontello' title='' data-avia-related-tooltip='Compartir en LinkedIn' rel=\"noopener\"><span class='avia_hidden_link_text'>Compartir en LinkedIn<\/span><\/a><\/li><li class='av-share-link av-social-link-mail' ><a  aria-label=\"Compartir por correo\" href='mailto:?subject=Municipio%20de%20R%C3%ADo%20Ib%C3%A1%C3%B1ez%20y%20Servicio%20de%20Salud%20Ays%C3%A9n%20firman%20acuerdo%20para%20realizar%20mejoras%20en%20Posta%20de%20Puerto%20Ib%C3%A1%C3%B1ez&#038;body=https:\/\/radiorevelacionfm.cl\/?p=55363' aria-hidden='false' data-av_icon='\ue805' data-av_iconfont='entypo-fontello' title='' data-avia-related-tooltip='Compartir por correo'><span class='avia_hidden_link_text'>Compartir por correo<\/span><\/a><\/li><\/ul><\/div><\/div>\n<div  style='height:50px' class='hr hr-invisible   avia-builder-el-8  el_after_av_social_share  el_before_av_comments_list '><span class='hr-inner ' ><span class='hr-inner-style'><\/span><\/span><\/div>\n<div  class='av-buildercomment  av-blog-meta-html-info-disabled av-blog-meta-tag-disabled  '><\/div>\n","protected":false},"excerpt":{"rendered":"","protected":false},"author":1,"featured_media":55364,"comment_status":"closed","ping_status":"closed","sticky":false,"template":"","format":"standard","meta":{"footnotes":""},"categories":[46],"tags":[],"class_list":["post-55363","post","type-post","status-publish","format-standard","has-post-thumbnail","hentry","category-salud"],"jetpack_featured_media_url":"https:\/\/radiorevelacionfm.cl\/wp-content\/uploads\/2025\/06\/dsc03132-1_optimized.jpg","_links":{"self":[{"href":"https:\/\/radiorevelacionfm.cl\/index.php?rest_route=\/wp\/v2\/posts\/55363","targetHints":{"allow":["GET"]}}],"collection":[{"href":"https:\/\/radiorevelacionfm.cl\/index.php?rest_route=\/wp\/v2\/posts"}],"about":[{"href":"https:\/\/radiorevelacionfm.cl\/index.php?rest_route=\/wp\/v2\/types\/post"}],"author":[{"embeddable":true,"href":"https:\/\/radiorevelacionfm.cl\/index.php?rest_route=\/wp\/v2\/users\/1"}],"replies":[{"embeddable":true,"href":"https:\/\/radiorevelacionfm.cl\/index.php?rest_route=%2Fwp%2Fv2%2Fcomments&post=55363"}],"version-history":[{"count":3,"href":"https:\/\/radiorevelacionfm.cl\/index.php?rest_route=\/wp\/v2\/posts\/55363\/revisions"}],"predecessor-version":[{"id":55378,"href":"https:\/\/radiorevelacionfm.cl\/index.php?rest_route=\/wp\/v2\/posts\/55363\/revisions\/55378"}],"wp:featuredmedia":[{"embeddable":true,"href":"https:\/\/radiorevelacionfm.cl\/index.php?rest_route=\/wp\/v2\/media\/55364"}],"wp:attachment":[{"href":"https:\/\/radiorevelacionfm.cl\/index.php?rest_route=%2Fwp%2Fv2%2Fmedia&parent=55363"}],"wp:term":[{"taxonomy":"category","embeddable":true,"href":"https:\/\/radiorevelacionfm.cl\/index.php?rest_route=%2Fwp%2Fv2%2Fcategories&post=55363"},{"taxonomy":"post_tag","embeddable":true,"href":"https:\/\/radiorevelacionfm.cl\/index.php?rest_route=%2Fwp%2Fv2%2Ftags&post=55363"}],"curies":[{"name":"wp","href":"https:\/\/api.w.org\/{rel}","templated":true}]}}