{"id":55357,"date":"2025-06-17T17:17:20","date_gmt":"2025-06-17T20:17:20","guid":{"rendered":"https:\/\/radiorevelacionfm.cl\/?p=55357"},"modified":"2025-06-17T17:17:20","modified_gmt":"2025-06-17T20:17:20","slug":"estudiantes-universitarios-destacan-economia-circular-y-enfoque-sostenible-en-planta-de-reciclajes-martino","status":"publish","type":"post","link":"https:\/\/radiorevelacionfm.cl\/?p=55357","title":{"rendered":"Estudiantes universitarios destacan econom\u00eda circular y enfoque sostenible en Planta de Reciclajes Martino"},"content":{"rendered":"<div class=\"flex_column av_one_full  flex_column_div av-zero-column-padding first  avia-builder-el-0  el_before_av_one_full  avia-builder-el-first  \" style='border-radius:0px; '><div  class='avia-image-container  av-styling-    avia-builder-el-1  avia-builder-el-no-sibling  avia-align-center '  itemprop=\"image\" itemscope=\"itemscope\" itemtype=\"https:\/\/schema.org\/ImageObject\"  ><div class='avia-image-container-inner'><div class='avia-image-overlay-wrap'><img decoding=\"async\" class='wp-image-55358 avia-img-lazy-loading-not-55358 avia_image' src=\"https:\/\/radiorevelacionfm.cl\/wp-content\/uploads\/2025\/06\/Univ-3-1-1.jpg\" alt='' title='Univ 3 (1) (1)' height=\"600\" width=\"1067\"  itemprop=\"thumbnailUrl\" srcset=\"https:\/\/radiorevelacionfm.cl\/wp-content\/uploads\/2025\/06\/Univ-3-1-1.jpg 1067w, https:\/\/radiorevelacionfm.cl\/wp-content\/uploads\/2025\/06\/Univ-3-1-1-300x169.jpg 300w, https:\/\/radiorevelacionfm.cl\/wp-content\/uploads\/2025\/06\/Univ-3-1-1-1030x579.jpg 1030w, https:\/\/radiorevelacionfm.cl\/wp-content\/uploads\/2025\/06\/Univ-3-1-1-768x432.jpg 768w, https:\/\/radiorevelacionfm.cl\/wp-content\/uploads\/2025\/06\/Univ-3-1-1-705x396.jpg 705w, https:\/\/radiorevelacionfm.cl\/wp-content\/uploads\/2025\/06\/Univ-3-1-1-450x253.jpg 450w, https:\/\/radiorevelacionfm.cl\/wp-content\/uploads\/2025\/06\/Univ-3-1-1-600x337.jpg 600w\" sizes=\"(max-width: 1067px) 100vw, 1067px\" \/><\/div><\/div><\/div><\/div><div class=\"flex_column av_one_full  flex_column_div av-zero-column-padding first  avia-builder-el-2  el_after_av_one_full  el_before_av_one_full  column-top-margin\" style='border-radius:0px; '><section class=\"av_textblock_section \"  itemscope=\"itemscope\" itemtype=\"https:\/\/schema.org\/BlogPosting\" itemprop=\"blogPost\" ><div class='avia_textblock  '   itemprop=\"text\" ><p style=\"text-align: center;\"><strong><span style=\"font-size: 18pt;\">Estudiantes universitarios destacan econom\u00eda circular y enfoque sostenible en Planta de Reciclajes Martino<\/span><\/strong><\/p>\n<div id=\"gtx-trans\" style=\"position: absolute; left: -50px; top: 4.31534px;\">\n<div class=\"gtx-trans-icon\"><\/div>\n<\/div>\n<\/div><\/section><\/div><div class=\"flex_column av_one_full  flex_column_div av-zero-column-padding first  avia-builder-el-4  el_after_av_one_full  el_before_av_hr  column-top-margin\" style='border-radius:0px; '><section class=\"av_textblock_section \"  itemscope=\"itemscope\" itemtype=\"https:\/\/schema.org\/BlogPosting\" itemprop=\"blogPost\" ><div class='avia_textblock  '   itemprop=\"text\" ><p class=\"v1MsoNormal\" style=\"text-align: justify;\">\u00a0\u00abEl sello de nuestra carrera universitaria es el desarrollo\u00a0 sostenible y el emprendimiento,\u00a0 donde el enfoque de los negocios es que sean de\u00a0 econom\u00eda circular\u00a0 y conciencia ambiental\u00bb, as\u00ed describi\u00f3 su experiencia en la Planta de Reciclajes Martino durante una visita \u00a0\u00a0guiada en compa\u00f1\u00eda de veinticuatro estudiantes, la Jefa de Carrera de Ingenier\u00eda Comercial\u00a0\u00a0 \u00a0de la Universidad de Ays\u00e9n,\u00a0 Carolina Aguirre.<\/p>\n<p class=\"v1MsoNormal\" style=\"text-align: justify;\">En forma adicional destac\u00f3 que \u00abla\u00a0 intenci\u00f3n de\u00a0 nuestra visita en\u00a0 esta\u00a0 planta de reciclaje es que sus precursores ponen en pr\u00e1ctica lo que nosotros estamos ense\u00f1ando y aprendiendo en la formaci\u00f3n educativa de nuestros estudiantes. Y en ese sentido, Martino\u00a0 es un gran ejemplo de lo que se hace en la Regi\u00f3n de Ays\u00e9n, por ser una empresa reconocida en el rubro por sus buenas pr\u00e1cticas de desarrollo sostenible e innovaci\u00f3n\u00bb, concluy\u00f3.<\/p>\n<p class=\"v1MsoNormal\" style=\"text-align: justify;\">En el marco de su plan de relacionamiento y v\u00ednculo\u00a0 comunitario, la Planta de Tratamiento de Residuos S\u00f3lidos Inorg\u00e1nicos Domiciliarios e Industriales de Ays\u00e9n, calendariza cada a\u00f1o la visita de establecimientos educativos\u00a0\u00a0 de la comuna, centros de formaci\u00f3n t\u00e9cnica profesional de\u00a0 la regi\u00f3n y en esta oportunidad,\u00a0 la de los estudiantes de las carreras de Ingenier\u00eda Comercial e Ingenier\u00eda Industrial, pertenecientes a la Universidad de Ays\u00e9n, quienes se trasladaron\u00a0 desde la ciudad de Coyhaique para vivir esta experiencia educativa en terreno.<\/p>\n<p class=\"v1MsoNormal\" style=\"text-align: justify;\">Al respecto Christian Martino, Gestor de Residuos y due\u00f1o de la empresa, destac\u00f3 la visita de la delegaci\u00f3n universitaria, \u00abfue muy importante que los estudiantes estuvieran en nuestras instalaciones conociendo de manera directa nuestra gesti\u00f3n de residuos, donde se aplican conceptos como la reducci\u00f3n,\u00a0 reutilizaci\u00f3n y reciclaje. Valoro mucho\u00a0 que el enfoque de las futuras generaciones de profesionales comprendan la importancia de la correcta\u00a0 disposici\u00f3n final de los residuos en el planeta en base a la econom\u00eda circular\u00bb, indic\u00f3.<\/p>\n<p class=\"v1MsoNormal\" style=\"text-align: justify;\">Al t\u00e9rmino del recorrido por la planta de reciclajes \u00abMartino\u00bb, la estudiante de Ingenier\u00eda Comercial de la Universidad de Ays\u00e9n, Dennis Flores, reconoci\u00f3 que antes ya hab\u00edan tenido, como grupo curso,\u00a0\u00a0 la oportunidad de recorrer una planta de reciclaje, \u00abpero no hab\u00edamos visto el nivel de separaci\u00f3n y distribuci\u00f3n de los residuos como en esta ocasi\u00f3n, lo que nos permiti\u00f3 conocer\u00a0\u00a0\u00a0\u00a0 en forma acabada el proceso y despejar algunas dudas sobre la econom\u00eda circular\u00a0 y las importancia de educar sobre estas materias desde temprana edad\u00bb, agreg\u00f3.<\/p>\n<p class=\"v1MsoNormal\" style=\"text-align: justify;\">En la misma l\u00ednea,\u00a0 el estudiante de la carrera de ingenier\u00eda Industrial, Jos\u00e9 Castillo, expres\u00f3 su valoraci\u00f3n de la experiencia en el sentido que \u00abel hecho de que podamos recibir una charla explicativa en el mismo lugar acerca de la econom\u00eda circular y reciclaje,\u00a0\u00a0\u00a0 nos permite verlo y entenderlo de una manera m\u00e1s pr\u00e1ctica y eso es muy importante para la generaci\u00f3n futura de nuevos proyectos\u00bb, acot\u00f3.<\/p>\n<p class=\"v1MsoNormal\" style=\"text-align: justify;\">Con 20 a\u00f1os de trayectoria en el rubro, la\u00a0 Planta de Reciclajes Martino, recepciona \u00a0residuos domiciliarios e industriales,\u00a0 como el cart\u00f3n, vidrio y pl\u00e1stico, entre otros, \u00a0los acopia temporalmente y\u00a0\u00a0 les brinda\u00a0\u00a0 un tratamiento adecuado para su posterior reciclaje en distintas plantas \u00a0recicladoras del pa\u00eds.<\/p>\n<\/div><\/section><\/div><div  style='height:50px' class='hr hr-invisible   avia-builder-el-6  el_after_av_one_full  el_before_av_social_share '><span class='hr-inner ' ><span class='hr-inner-style'><\/span><\/span><\/div><\/p>\n<div  class='av-social-sharing-box  avia-builder-el-7  el_after_av_hr  el_before_av_hr  '><div class='av-share-box'><h5 class='av-share-link-description av-no-toc '>Compartir esta noticia<\/h5><ul class='av-share-box-list noLightbox'><li class='av-share-link av-social-link-facebook' ><a target=\"_blank\" aria-label=\"Compartir en Facebook\" href='https:\/\/www.facebook.com\/sharer.php?u=https:\/\/radiorevelacionfm.cl\/?p=55357&#038;t=Estudiantes%20universitarios%20destacan%20econom%C3%ADa%20circular%20y%20enfoque%20sostenible%20en%20Planta%20de%20Reciclajes%20Martino' aria-hidden='false' data-av_icon='\ue8f3' data-av_iconfont='entypo-fontello' title='' data-avia-related-tooltip='Compartir en Facebook' rel=\"noopener\"><span class='avia_hidden_link_text'>Compartir en Facebook<\/span><\/a><\/li><li class='av-share-link av-social-link-twitter' ><a target=\"_blank\" aria-label=\"Compartir en Twitter\" href='https:\/\/twitter.com\/share?text=Estudiantes%20universitarios%20destacan%20econom%C3%ADa%20circular%20y%20enfoque%20sostenible%20en%20Planta%20de%20Reciclajes%20Martino&#038;url=https:\/\/radiorevelacionfm.cl\/?p=55357' aria-hidden='false' data-av_icon='\ue8f1' data-av_iconfont='entypo-fontello' title='' data-avia-related-tooltip='Compartir en Twitter' rel=\"noopener\"><span class='avia_hidden_link_text'>Compartir en Twitter<\/span><\/a><\/li><li class='av-share-link av-social-link-whatsapp' ><a target=\"_blank\" aria-label=\"Compartir en Whatsapp\" href='https:\/\/api.whatsapp.com\/send?text=https:\/\/radiorevelacionfm.cl\/?p=55357' aria-hidden='false' data-av_icon='\uf232' data-av_iconfont='entypo-fontello' title='' data-avia-related-tooltip='Compartir en Whatsapp' rel=\"noopener\"><span class='avia_hidden_link_text'>Compartir en Whatsapp<\/span><\/a><\/li><li class='av-share-link av-social-link-linkedin' ><a target=\"_blank\" aria-label=\"Compartir en LinkedIn\" href='https:\/\/linkedin.com\/shareArticle?mini=true&#038;title=Estudiantes%20universitarios%20destacan%20econom%C3%ADa%20circular%20y%20enfoque%20sostenible%20en%20Planta%20de%20Reciclajes%20Martino&#038;url=https:\/\/radiorevelacionfm.cl\/?p=55357' aria-hidden='false' data-av_icon='\ue8fc' data-av_iconfont='entypo-fontello' title='' data-avia-related-tooltip='Compartir en LinkedIn' rel=\"noopener\"><span class='avia_hidden_link_text'>Compartir en LinkedIn<\/span><\/a><\/li><li class='av-share-link av-social-link-mail' ><a  aria-label=\"Compartir por correo\" href='mailto:?subject=Estudiantes%20universitarios%20destacan%20econom%C3%ADa%20circular%20y%20enfoque%20sostenible%20en%20Planta%20de%20Reciclajes%20Martino&#038;body=https:\/\/radiorevelacionfm.cl\/?p=55357' aria-hidden='false' data-av_icon='\ue805' data-av_iconfont='entypo-fontello' title='' data-avia-related-tooltip='Compartir por correo'><span class='avia_hidden_link_text'>Compartir por correo<\/span><\/a><\/li><\/ul><\/div><\/div>\n<div  style='height:50px' class='hr hr-invisible   avia-builder-el-8  el_after_av_social_share  el_before_av_comments_list '><span class='hr-inner ' ><span class='hr-inner-style'><\/span><\/span><\/div>\n<div  class='av-buildercomment  av-blog-meta-html-info-disabled av-blog-meta-tag-disabled  '><\/div>\n","protected":false},"excerpt":{"rendered":"","protected":false},"author":1,"featured_media":55358,"comment_status":"closed","ping_status":"closed","sticky":false,"template":"","format":"standard","meta":{"footnotes":""},"categories":[49,39],"tags":[],"class_list":["post-55357","post","type-post","status-publish","format-standard","has-post-thumbnail","hentry","category-educacion","category-medio-ambiente"],"jetpack_featured_media_url":"https:\/\/radiorevelacionfm.cl\/wp-content\/uploads\/2025\/06\/Univ-3-1-1.jpg","_links":{"self":[{"href":"https:\/\/radiorevelacionfm.cl\/index.php?rest_route=\/wp\/v2\/posts\/55357","targetHints":{"allow":["GET"]}}],"collection":[{"href":"https:\/\/radiorevelacionfm.cl\/index.php?rest_route=\/wp\/v2\/posts"}],"about":[{"href":"https:\/\/radiorevelacionfm.cl\/index.php?rest_route=\/wp\/v2\/types\/post"}],"author":[{"embeddable":true,"href":"https:\/\/radiorevelacionfm.cl\/index.php?rest_route=\/wp\/v2\/users\/1"}],"replies":[{"embeddable":true,"href":"https:\/\/radiorevelacionfm.cl\/index.php?rest_route=%2Fwp%2Fv2%2Fcomments&post=55357"}],"version-history":[{"count":2,"href":"https:\/\/radiorevelacionfm.cl\/index.php?rest_route=\/wp\/v2\/posts\/55357\/revisions"}],"predecessor-version":[{"id":55362,"href":"https:\/\/radiorevelacionfm.cl\/index.php?rest_route=\/wp\/v2\/posts\/55357\/revisions\/55362"}],"wp:featuredmedia":[{"embeddable":true,"href":"https:\/\/radiorevelacionfm.cl\/index.php?rest_route=\/wp\/v2\/media\/55358"}],"wp:attachment":[{"href":"https:\/\/radiorevelacionfm.cl\/index.php?rest_route=%2Fwp%2Fv2%2Fmedia&parent=55357"}],"wp:term":[{"taxonomy":"category","embeddable":true,"href":"https:\/\/radiorevelacionfm.cl\/index.php?rest_route=%2Fwp%2Fv2%2Fcategories&post=55357"},{"taxonomy":"post_tag","embeddable":true,"href":"https:\/\/radiorevelacionfm.cl\/index.php?rest_route=%2Fwp%2Fv2%2Ftags&post=55357"}],"curies":[{"name":"wp","href":"https:\/\/api.w.org\/{rel}","templated":true}]}}