{"id":55354,"date":"2025-06-17T15:59:20","date_gmt":"2025-06-17T18:59:20","guid":{"rendered":"https:\/\/radiorevelacionfm.cl\/?p=55354"},"modified":"2025-06-17T15:59:20","modified_gmt":"2025-06-17T18:59:20","slug":"taller-educativo-desarrollado-por-injuv-rompe-mitos-y-entrega-herramientas-a-juventudes-de-la-comuna-de-aysen","status":"publish","type":"post","link":"https:\/\/radiorevelacionfm.cl\/?p=55354","title":{"rendered":"Taller educativo desarrollado por INJUV rompe mitos y entrega herramientas a juventudes de la comuna de Ays\u00e9n"},"content":{"rendered":"<div class=\"flex_column av_one_full  flex_column_div av-zero-column-padding first  avia-builder-el-0  el_before_av_one_full  avia-builder-el-first  \" style='border-radius:0px; '><div  class='avia-image-container  av-styling-    avia-builder-el-1  avia-builder-el-no-sibling  avia-align-center '  itemprop=\"image\" itemscope=\"itemscope\" itemtype=\"https:\/\/schema.org\/ImageObject\"  ><div class='avia-image-container-inner'><div class='avia-image-overlay-wrap'><img decoding=\"async\" class='wp-image-55355 avia-img-lazy-loading-not-55355 avia_image' src=\"https:\/\/radiorevelacionfm.cl\/wp-content\/uploads\/2025\/06\/FOTO-1-89-1-1.jpg\" alt='' title='FOTO 1 (89) (1) (1)' height=\"600\" width=\"1007\"  itemprop=\"thumbnailUrl\" srcset=\"https:\/\/radiorevelacionfm.cl\/wp-content\/uploads\/2025\/06\/FOTO-1-89-1-1.jpg 1007w, https:\/\/radiorevelacionfm.cl\/wp-content\/uploads\/2025\/06\/FOTO-1-89-1-1-300x179.jpg 300w, https:\/\/radiorevelacionfm.cl\/wp-content\/uploads\/2025\/06\/FOTO-1-89-1-1-768x458.jpg 768w, https:\/\/radiorevelacionfm.cl\/wp-content\/uploads\/2025\/06\/FOTO-1-89-1-1-705x420.jpg 705w, https:\/\/radiorevelacionfm.cl\/wp-content\/uploads\/2025\/06\/FOTO-1-89-1-1-450x268.jpg 450w, https:\/\/radiorevelacionfm.cl\/wp-content\/uploads\/2025\/06\/FOTO-1-89-1-1-600x357.jpg 600w\" sizes=\"(max-width: 1007px) 100vw, 1007px\" \/><\/div><\/div><\/div><\/div><div class=\"flex_column av_one_full  flex_column_div av-zero-column-padding first  avia-builder-el-2  el_after_av_one_full  el_before_av_one_full  column-top-margin\" style='border-radius:0px; '><section class=\"av_textblock_section \"  itemscope=\"itemscope\" itemtype=\"https:\/\/schema.org\/BlogPosting\" itemprop=\"blogPost\" ><div class='avia_textblock  '   itemprop=\"text\" ><p style=\"text-align: center;\"><span style=\"font-size: 18pt;\"><strong>Taller educativo desarrollado por INJUV rompe mitos y entrega herramientas a juventudes de la comuna de Ays\u00e9n<\/strong><\/span><\/p>\n<div id=\"gtx-trans\" style=\"position: absolute; left: -50px; top: 4.31534px;\">\n<div class=\"gtx-trans-icon\"><\/div>\n<\/div>\n<\/div><\/section><\/div><div class=\"flex_column av_one_full  flex_column_div av-zero-column-padding first  avia-builder-el-4  el_after_av_one_full  el_before_av_hr  column-top-margin\" style='border-radius:0px; '><section class=\"av_textblock_section \"  itemscope=\"itemscope\" itemtype=\"https:\/\/schema.org\/BlogPosting\" itemprop=\"blogPost\" ><div class='avia_textblock  '   itemprop=\"text\" ><p style=\"text-align: justify;\">Con el objetivo de fomentar el bienestar f\u00edsico, mental y emocional de las juventudes, el Instituto Nacional de la Juventud (INJUV), realiz\u00f3 una nueva activaci\u00f3n regional de su programa \u201cHablemos de Todo\u201d, iniciativa dirigida a estudiantes del Centro de Estudios Patagonia en la comuna de Ays\u00e9n.<\/p>\n<p style=\"text-align: justify;\">La jornada fue liderada por la matrona, Adela Villa Lepio, quien entrego una completa orientaci\u00f3n sobre pr\u00e1cticas sexuales seguras, acompa\u00f1ada de informaci\u00f3n actualizada y respaldada por evidencia cient\u00edfica. La actividad tuvo como prop\u00f3sito principal entregar herramientas claras y efectivas que fortalezcan el autocuidado y la toma de decisiones informadas entre las y los j\u00f3venes participantes.<\/p>\n<p style=\"text-align: justify;\">\u201cCon este tipo de talleres buscamos romper prejuicios, entregar informaci\u00f3n clara y abrir espacios seguros donde las juventudes puedan hablar de lo que muchas veces se silencia. En Ays\u00e9n nos tomamos en serio el bienestar integral de las y los j\u00f3venes, y por eso seguiremos desplegando estas iniciativas que combinan orientaci\u00f3n profesional con di\u00e1logo directo, sin tab\u00faes y con mucho respeto\u201d, sostuvo el Director Regional de INJUV, Camilo Trivi\u00f1o Urtubia.<\/p>\n<p style=\"text-align: justify;\">Catalina Burgos Y\u00e1\u00f1ez,\u00a0 destac\u00f3 la instancia desarrollada por INJUV y sostuvo que \u201ces importante que se realicen este tipo de talleres, ya que nos entregan bastante informaci\u00f3n, sirven a\u00fan m\u00e1s a las personas que no conocen sobre el tema y no se informan c\u00f3mo deber\u00edan hacerlo\u201d.<\/p>\n<p style=\"text-align: justify;\">En tanto, Osvaldo Oyarz\u00fan Carrera, destac\u00f3 la din\u00e1mica del encuentro y se\u00f1al\u00f3 que \u201cestuvo educativa y entretenida la actividad, es bueno que en nuestro establecimiento educacional se realicen este tipo de charlas y talleres porque falta conocer y tambi\u00e9n informarse sobre el tema. Ojal\u00e1 se realicen m\u00e1s encuentros como este y con otros temas que tambi\u00e9n nos interesan\u201d.<\/p>\n<p style=\"text-align: justify;\">\u201cHablemos de Todo\u201d es una iniciativa que combina acciones presenciales con apoyo en l\u00ednea. El programa cuenta con un chat gratuito y confidencial, atendido por profesionales de la salud mental, disponible de lunes a viernes entre las 10:00 y 21:00 horas, y los s\u00e1bados de 11:00 a 17:00 horas. A trav\u00e9s de este canal, se entrega orientaci\u00f3n, contenci\u00f3n emocional y derivaci\u00f3n, en caso de ser necesario.<\/p>\n<p style=\"text-align: justify;\">Para este a\u00f1o 2025, el programa priorizar\u00e1 tres tem\u00e1ticas identificadas por las propias juventudes durante el Encuentro Territorial 2024: ansiedad, consumo de alcohol y drogas, e interrupci\u00f3n voluntaria del embarazo. Estos ejes ser\u00e1n el foco del trabajo regional en Ays\u00e9n.<\/p>\n<p style=\"text-align: justify;\">Las y los j\u00f3venes que deseen conocer m\u00e1s sobre esta iniciativa pueden visitar el sitio web <a href=\"http:\/\/hablemosdetodo.injuv.gob.cl\">hablemosdetodo.injuv.gob.cl<\/a>, seguir las redes sociales de INJUV Ays\u00e9n (@injuvaysen en Instagram, Twitter y Facebook), o acudir directamente a la Direcci\u00f3n Regional, ubicada en Manuel Rodr\u00edguez #239, Coyhaique. El horario de atenci\u00f3n es de lunes a viernes, de 08:30 a 17:30 horas, horario continuado y viernes hasta las 16:00 horas.<\/p>\n<\/div><\/section><\/div><div  style='height:50px' class='hr hr-invisible   avia-builder-el-6  el_after_av_one_full  el_before_av_social_share '><span class='hr-inner ' ><span class='hr-inner-style'><\/span><\/span><\/div><\/p>\n<div  class='av-social-sharing-box  avia-builder-el-7  el_after_av_hr  el_before_av_hr  '><div class='av-share-box'><h5 class='av-share-link-description av-no-toc '>Compartir esta noticia<\/h5><ul class='av-share-box-list noLightbox'><li class='av-share-link av-social-link-facebook' ><a target=\"_blank\" aria-label=\"Compartir en Facebook\" href='https:\/\/www.facebook.com\/sharer.php?u=https:\/\/radiorevelacionfm.cl\/?p=55354&#038;t=Taller%20educativo%20desarrollado%20por%20INJUV%20rompe%20mitos%20y%20entrega%20herramientas%20a%20juventudes%20de%20la%20comuna%20de%20Ays%C3%A9n' aria-hidden='false' data-av_icon='\ue8f3' data-av_iconfont='entypo-fontello' title='' data-avia-related-tooltip='Compartir en Facebook' rel=\"noopener\"><span class='avia_hidden_link_text'>Compartir en Facebook<\/span><\/a><\/li><li class='av-share-link av-social-link-twitter' ><a target=\"_blank\" aria-label=\"Compartir en Twitter\" href='https:\/\/twitter.com\/share?text=Taller%20educativo%20desarrollado%20por%20INJUV%20rompe%20mitos%20y%20entrega%20herramientas%20a%20juventudes%20de%20la%20comuna%20de%20Ays%C3%A9n&#038;url=https:\/\/radiorevelacionfm.cl\/?p=55354' aria-hidden='false' data-av_icon='\ue8f1' data-av_iconfont='entypo-fontello' title='' data-avia-related-tooltip='Compartir en Twitter' rel=\"noopener\"><span class='avia_hidden_link_text'>Compartir en Twitter<\/span><\/a><\/li><li class='av-share-link av-social-link-whatsapp' ><a target=\"_blank\" aria-label=\"Compartir en Whatsapp\" href='https:\/\/api.whatsapp.com\/send?text=https:\/\/radiorevelacionfm.cl\/?p=55354' aria-hidden='false' data-av_icon='\uf232' data-av_iconfont='entypo-fontello' title='' data-avia-related-tooltip='Compartir en Whatsapp' rel=\"noopener\"><span class='avia_hidden_link_text'>Compartir en Whatsapp<\/span><\/a><\/li><li class='av-share-link av-social-link-linkedin' ><a target=\"_blank\" aria-label=\"Compartir en LinkedIn\" href='https:\/\/linkedin.com\/shareArticle?mini=true&#038;title=Taller%20educativo%20desarrollado%20por%20INJUV%20rompe%20mitos%20y%20entrega%20herramientas%20a%20juventudes%20de%20la%20comuna%20de%20Ays%C3%A9n&#038;url=https:\/\/radiorevelacionfm.cl\/?p=55354' aria-hidden='false' data-av_icon='\ue8fc' data-av_iconfont='entypo-fontello' title='' data-avia-related-tooltip='Compartir en LinkedIn' rel=\"noopener\"><span class='avia_hidden_link_text'>Compartir en LinkedIn<\/span><\/a><\/li><li class='av-share-link av-social-link-mail' ><a  aria-label=\"Compartir por correo\" href='mailto:?subject=Taller%20educativo%20desarrollado%20por%20INJUV%20rompe%20mitos%20y%20entrega%20herramientas%20a%20juventudes%20de%20la%20comuna%20de%20Ays%C3%A9n&#038;body=https:\/\/radiorevelacionfm.cl\/?p=55354' aria-hidden='false' data-av_icon='\ue805' data-av_iconfont='entypo-fontello' title='' data-avia-related-tooltip='Compartir por correo'><span class='avia_hidden_link_text'>Compartir por correo<\/span><\/a><\/li><\/ul><\/div><\/div>\n<div  style='height:50px' class='hr hr-invisible   avia-builder-el-8  el_after_av_social_share  el_before_av_comments_list '><span class='hr-inner ' ><span class='hr-inner-style'><\/span><\/span><\/div>\n<div  class='av-buildercomment  av-blog-meta-html-info-disabled av-blog-meta-tag-disabled  '><\/div>\n","protected":false},"excerpt":{"rendered":"","protected":false},"author":1,"featured_media":55355,"comment_status":"closed","ping_status":"closed","sticky":false,"template":"","format":"standard","meta":{"footnotes":""},"categories":[62],"tags":[],"class_list":["post-55354","post","type-post","status-publish","format-standard","has-post-thumbnail","hentry","category-social"],"jetpack_featured_media_url":"https:\/\/radiorevelacionfm.cl\/wp-content\/uploads\/2025\/06\/FOTO-1-89-1-1.jpg","_links":{"self":[{"href":"https:\/\/radiorevelacionfm.cl\/index.php?rest_route=\/wp\/v2\/posts\/55354","targetHints":{"allow":["GET"]}}],"collection":[{"href":"https:\/\/radiorevelacionfm.cl\/index.php?rest_route=\/wp\/v2\/posts"}],"about":[{"href":"https:\/\/radiorevelacionfm.cl\/index.php?rest_route=\/wp\/v2\/types\/post"}],"author":[{"embeddable":true,"href":"https:\/\/radiorevelacionfm.cl\/index.php?rest_route=\/wp\/v2\/users\/1"}],"replies":[{"embeddable":true,"href":"https:\/\/radiorevelacionfm.cl\/index.php?rest_route=%2Fwp%2Fv2%2Fcomments&post=55354"}],"version-history":[{"count":2,"href":"https:\/\/radiorevelacionfm.cl\/index.php?rest_route=\/wp\/v2\/posts\/55354\/revisions"}],"predecessor-version":[{"id":55361,"href":"https:\/\/radiorevelacionfm.cl\/index.php?rest_route=\/wp\/v2\/posts\/55354\/revisions\/55361"}],"wp:featuredmedia":[{"embeddable":true,"href":"https:\/\/radiorevelacionfm.cl\/index.php?rest_route=\/wp\/v2\/media\/55355"}],"wp:attachment":[{"href":"https:\/\/radiorevelacionfm.cl\/index.php?rest_route=%2Fwp%2Fv2%2Fmedia&parent=55354"}],"wp:term":[{"taxonomy":"category","embeddable":true,"href":"https:\/\/radiorevelacionfm.cl\/index.php?rest_route=%2Fwp%2Fv2%2Fcategories&post=55354"},{"taxonomy":"post_tag","embeddable":true,"href":"https:\/\/radiorevelacionfm.cl\/index.php?rest_route=%2Fwp%2Fv2%2Ftags&post=55354"}],"curies":[{"name":"wp","href":"https:\/\/api.w.org\/{rel}","templated":true}]}}