{"id":5535,"date":"2021-06-22T21:09:25","date_gmt":"2021-06-23T00:09:25","guid":{"rendered":"https:\/\/radiorevelacionfm.cl\/?p=5535"},"modified":"2021-06-22T21:09:25","modified_gmt":"2021-06-23T00:09:25","slug":"en-pleno-corazon-de-la-patagonia-mujeres-al-servicio-de-la-patria","status":"publish","type":"post","link":"https:\/\/radiorevelacionfm.cl\/?p=5535","title":{"rendered":"En pleno coraz\u00f3n de la Patagonia: \u201cMujeres al servicio de la patria\u201d"},"content":{"rendered":"<div class=\"flex_column av_one_full  flex_column_div av-zero-column-padding first  avia-builder-el-0  el_before_av_one_full  avia-builder-el-first  \" style='border-radius:0px; '><div  class='avia-image-container  av-styling-    avia-builder-el-1  avia-builder-el-no-sibling  avia-align-center '  itemprop=\"image\" itemscope=\"itemscope\" itemtype=\"https:\/\/schema.org\/ImageObject\"  ><div class='avia-image-container-inner'><div class='avia-image-overlay-wrap'><img decoding=\"async\" class='wp-image-5536 avia-img-lazy-loading-not-5536 avia_image' src=\"https:\/\/radiorevelacionfm.cl\/wp-content\/uploads\/2021\/06\/Ejercito-Image-2021-06-14-1.jpeg\" alt='' title='Ejercito Image-2021-06-14 (1)' height=\"590\" width=\"1214\"  itemprop=\"thumbnailUrl\" srcset=\"https:\/\/radiorevelacionfm.cl\/wp-content\/uploads\/2021\/06\/Ejercito-Image-2021-06-14-1.jpeg 1214w, https:\/\/radiorevelacionfm.cl\/wp-content\/uploads\/2021\/06\/Ejercito-Image-2021-06-14-1-300x146.jpeg 300w, https:\/\/radiorevelacionfm.cl\/wp-content\/uploads\/2021\/06\/Ejercito-Image-2021-06-14-1-1030x501.jpeg 1030w, https:\/\/radiorevelacionfm.cl\/wp-content\/uploads\/2021\/06\/Ejercito-Image-2021-06-14-1-768x373.jpeg 768w, https:\/\/radiorevelacionfm.cl\/wp-content\/uploads\/2021\/06\/Ejercito-Image-2021-06-14-1-705x343.jpeg 705w, https:\/\/radiorevelacionfm.cl\/wp-content\/uploads\/2021\/06\/Ejercito-Image-2021-06-14-1-600x292.jpeg 600w\" sizes=\"(max-width: 1214px) 100vw, 1214px\" \/><\/div><\/div><\/div><\/div><div class=\"flex_column av_one_full  flex_column_div av-zero-column-padding first  avia-builder-el-2  el_after_av_one_full  el_before_av_one_full  column-top-margin\" style='border-radius:0px; '><section class=\"av_textblock_section \"  itemscope=\"itemscope\" itemtype=\"https:\/\/schema.org\/BlogPosting\" itemprop=\"blogPost\" ><div class='avia_textblock  '   itemprop=\"text\" ><p style=\"text-align: center;\"><strong><span style=\"font-size: 18pt;\">En pleno coraz\u00f3n de la Patagonia: \u201cMujeres al servicio de la patria\u201d<\/span><\/strong><\/p>\n<div id=\"gtx-trans\" style=\"position: absolute; left: -50px; top: 4.31534px;\">\n<div class=\"gtx-trans-icon\"><\/div>\n<\/div>\n<\/div><\/section><\/div><div class=\"flex_column av_one_full  flex_column_div av-zero-column-padding first  avia-builder-el-4  el_after_av_one_full  el_before_av_hr  column-top-margin\" style='border-radius:0px; '><section class=\"av_textblock_section \"  itemscope=\"itemscope\" itemtype=\"https:\/\/schema.org\/BlogPosting\" itemprop=\"blogPost\" ><div class='avia_textblock  '   itemprop=\"text\" ><p style=\"text-align: justify;\">En la Regi\u00f3n de Ays\u00e9n, a m\u00e1s de 1.443 kil\u00f3metros de Santiago, espec\u00edficamente en la ciudad de Coyhaique, en pleno coraz\u00f3n de la Patagonia, donde las temperaturas en invierno pueden llegar a -15 grados, se encuentra un grupo de j\u00f3venes muchachas realizando de forma voluntaria el Servicio Militar.<\/p>\n<p style=\"text-align: justify;\">Ellas forman parte de la Compa\u00f1\u00eda de Telecomunicaciones N\u00b08 \u201cCoyhaique\u201d del Destacamento Motorizado N\u00b014 \u201cAys\u00e9n, la mayor\u00eda provienen de otras regiones, algunas nunca hab\u00edan estado tanto tiempo fuera de su hogar, y mucho menos en una zona austral con un clima extremadamente frio, pero hay algo que las une y motiva y \u00a0es su vocaci\u00f3n de servir a la patria, sobre todo en un momento tan complejo debido a la emergencia sanitaria causada por el COVID-19.<\/p>\n<p style=\"text-align: justify;\">La soldado conscripto Yameli Rojas Gonz\u00e1lez, \u00a0proveniente de la ciudad de Talca nos cuenta que sus padres no entend\u00edan porqu\u00e9 una ni\u00f1a de tan s\u00f3lo 9 a\u00f1os, deseaba tanto ser militar, si en su familia nadie pertenec\u00eda o perteneci\u00f3 a las Fuerzas Armadas, pero ella so\u00f1aba con convertirse en soldado. \u201cMi mam\u00e1 no me hac\u00eda mucho caso, pensaba que eran cosas de cabra chica. Yo no me perd\u00eda ning\u00fan desfile o parada militar, me imaginaba que alg\u00fan d\u00eda estar\u00eda ah\u00ed\u201d, nos cuenta. Sin embargo estaba decidida, que quer\u00eda ser militar, al cumplir los 17 a\u00f1os se inscribi\u00f3 voluntariamente para realizar el Servicio Militar.<\/p>\n<p style=\"text-align: justify;\">Fue un proceso dif\u00edcil de convencer, en especial, a su madre, pero al verla tan decidida, hoy la apoyan. \u201cTerminado mi Servicio quiero postular a las Escuelas Matrices y continuar con la carrera militar, cumplir mi sue\u00f1o\u201d, puntualiz\u00f3 Yameli.<\/p>\n<p style=\"text-align: justify;\">La Compa\u00f1\u00eda de Telecomunicaciones N\u00b08 \u201cCoyhaique\u201d cuenta con una dotaci\u00f3n de Soldados Conscriptos, la funci\u00f3n de esta unidad es brindar enlace y comunicaciones no s\u00f3lo a unidades militares, sino adem\u00e1s apoyar a la ciudadan\u00eda en mejoras de sus redes de comunicaci\u00f3n en caso de que alguna localidad lo requiera.<\/p>\n<p style=\"text-align: justify;\">Los soldados conscriptos en su comienzo realizan el per\u00edodo llamado Fase de Formaci\u00f3n del Combatiente Individual, es la primera etapa del per\u00edodo de especializaci\u00f3n t\u00e9cnica con el prop\u00f3sito que los soldados conscriptos sean capaces de aplicar procedimientos t\u00e9cnicos de combate b\u00e1sicos. Dentro de esta fase se encuentran las instrucciones de tiro, lanzamiento de granada, primeros auxilios, esgrima de corvo, orientaci\u00f3n de carta y br\u00fajula, sobre esta \u00faltima se refiere el instructor Cabo 1 Juan Lagos Pruessing, \u201cLos soldados ac\u00e1 aprenden a obtener un azimut , orientarse en el terreno, para formarse como combatiente individual y a futuro\u00a0 poder emplear los equipos de telecomunicaciones\u201d.<\/p>\n<p style=\"text-align: justify;\">Finalmente, est\u00e1s j\u00f3venes soldados reci\u00e9n inician un camino de entrenamiento, que a punta de perseverancia y empuje cumplen con su deber c\u00edvico comprometi\u00e9ndose voluntariamente a salvaguardar la Patria hasta rendir la vida si fuese necesario.<\/p>\n<\/div><\/section><\/div><div  style='height:50px' class='hr hr-invisible   avia-builder-el-6  el_after_av_one_full  el_before_av_social_share '><span class='hr-inner ' ><span class='hr-inner-style'><\/span><\/span><\/div><\/p>\n<div  class='av-social-sharing-box  avia-builder-el-7  el_after_av_hr  el_before_av_hr  '><div class='av-share-box'><h5 class='av-share-link-description av-no-toc '>Compartir esta noticia<\/h5><ul class='av-share-box-list noLightbox'><li class='av-share-link av-social-link-facebook' ><a target=\"_blank\" aria-label=\"Compartir en Facebook\" href='https:\/\/www.facebook.com\/sharer.php?u=https:\/\/radiorevelacionfm.cl\/?p=5535&#038;t=En%20pleno%20coraz%C3%B3n%20de%20la%20Patagonia%3A%20%E2%80%9CMujeres%20al%20servicio%20de%20la%20patria%E2%80%9D' aria-hidden='false' data-av_icon='\ue8f3' data-av_iconfont='entypo-fontello' title='' data-avia-related-tooltip='Compartir en Facebook' rel=\"noopener\"><span class='avia_hidden_link_text'>Compartir en Facebook<\/span><\/a><\/li><li class='av-share-link av-social-link-twitter' ><a target=\"_blank\" aria-label=\"Compartir en Twitter\" href='https:\/\/twitter.com\/share?text=En%20pleno%20coraz%C3%B3n%20de%20la%20Patagonia%3A%20%E2%80%9CMujeres%20al%20servicio%20de%20la%20patria%E2%80%9D&#038;url=https:\/\/radiorevelacionfm.cl\/?p=5535' aria-hidden='false' data-av_icon='\ue8f1' data-av_iconfont='entypo-fontello' title='' data-avia-related-tooltip='Compartir en Twitter' rel=\"noopener\"><span class='avia_hidden_link_text'>Compartir en Twitter<\/span><\/a><\/li><li class='av-share-link av-social-link-whatsapp' ><a target=\"_blank\" aria-label=\"Compartir en Whatsapp\" href='https:\/\/api.whatsapp.com\/send?text=https:\/\/radiorevelacionfm.cl\/?p=5535' aria-hidden='false' data-av_icon='\uf232' data-av_iconfont='entypo-fontello' title='' data-avia-related-tooltip='Compartir en Whatsapp' rel=\"noopener\"><span class='avia_hidden_link_text'>Compartir en Whatsapp<\/span><\/a><\/li><li class='av-share-link av-social-link-linkedin' ><a target=\"_blank\" aria-label=\"Compartir en LinkedIn\" href='https:\/\/linkedin.com\/shareArticle?mini=true&#038;title=En%20pleno%20coraz%C3%B3n%20de%20la%20Patagonia%3A%20%E2%80%9CMujeres%20al%20servicio%20de%20la%20patria%E2%80%9D&#038;url=https:\/\/radiorevelacionfm.cl\/?p=5535' aria-hidden='false' data-av_icon='\ue8fc' data-av_iconfont='entypo-fontello' title='' data-avia-related-tooltip='Compartir en LinkedIn' rel=\"noopener\"><span class='avia_hidden_link_text'>Compartir en LinkedIn<\/span><\/a><\/li><li class='av-share-link av-social-link-mail' ><a  aria-label=\"Compartir por correo\" href='mailto:?subject=En%20pleno%20coraz%C3%B3n%20de%20la%20Patagonia%3A%20%E2%80%9CMujeres%20al%20servicio%20de%20la%20patria%E2%80%9D&#038;body=https:\/\/radiorevelacionfm.cl\/?p=5535' aria-hidden='false' data-av_icon='\ue805' data-av_iconfont='entypo-fontello' title='' data-avia-related-tooltip='Compartir por correo'><span class='avia_hidden_link_text'>Compartir por correo<\/span><\/a><\/li><\/ul><\/div><\/div>\n<div  style='height:50px' class='hr hr-invisible   avia-builder-el-8  el_after_av_social_share  el_before_av_comments_list '><span class='hr-inner ' ><span class='hr-inner-style'><\/span><\/span><\/div>\n<div  class='av-buildercomment  av-blog-meta-html-info-disabled av-blog-meta-tag-disabled  '><\/div>\n","protected":false},"excerpt":{"rendered":"","protected":false},"author":1,"featured_media":5536,"comment_status":"open","ping_status":"open","sticky":false,"template":"","format":"standard","meta":{"footnotes":""},"categories":[38],"tags":[],"class_list":["post-5535","post","type-post","status-publish","format-standard","has-post-thumbnail","hentry","category-regional"],"jetpack_featured_media_url":"https:\/\/radiorevelacionfm.cl\/wp-content\/uploads\/2021\/06\/Ejercito-Image-2021-06-14-1.jpeg","_links":{"self":[{"href":"https:\/\/radiorevelacionfm.cl\/index.php?rest_route=\/wp\/v2\/posts\/5535","targetHints":{"allow":["GET"]}}],"collection":[{"href":"https:\/\/radiorevelacionfm.cl\/index.php?rest_route=\/wp\/v2\/posts"}],"about":[{"href":"https:\/\/radiorevelacionfm.cl\/index.php?rest_route=\/wp\/v2\/types\/post"}],"author":[{"embeddable":true,"href":"https:\/\/radiorevelacionfm.cl\/index.php?rest_route=\/wp\/v2\/users\/1"}],"replies":[{"embeddable":true,"href":"https:\/\/radiorevelacionfm.cl\/index.php?rest_route=%2Fwp%2Fv2%2Fcomments&post=5535"}],"version-history":[{"count":1,"href":"https:\/\/radiorevelacionfm.cl\/index.php?rest_route=\/wp\/v2\/posts\/5535\/revisions"}],"predecessor-version":[{"id":5537,"href":"https:\/\/radiorevelacionfm.cl\/index.php?rest_route=\/wp\/v2\/posts\/5535\/revisions\/5537"}],"wp:featuredmedia":[{"embeddable":true,"href":"https:\/\/radiorevelacionfm.cl\/index.php?rest_route=\/wp\/v2\/media\/5536"}],"wp:attachment":[{"href":"https:\/\/radiorevelacionfm.cl\/index.php?rest_route=%2Fwp%2Fv2%2Fmedia&parent=5535"}],"wp:term":[{"taxonomy":"category","embeddable":true,"href":"https:\/\/radiorevelacionfm.cl\/index.php?rest_route=%2Fwp%2Fv2%2Fcategories&post=5535"},{"taxonomy":"post_tag","embeddable":true,"href":"https:\/\/radiorevelacionfm.cl\/index.php?rest_route=%2Fwp%2Fv2%2Ftags&post=5535"}],"curies":[{"name":"wp","href":"https:\/\/api.w.org\/{rel}","templated":true}]}}