{"id":55349,"date":"2025-06-17T14:50:03","date_gmt":"2025-06-17T17:50:03","guid":{"rendered":"https:\/\/radiorevelacionfm.cl\/?p=55349"},"modified":"2025-06-17T14:50:03","modified_gmt":"2025-06-17T17:50:03","slug":"senadora-ordenes-insistio-al-ministerio-de-salud-la-necesidad-de-que-se-instale-una-unidad-de-dialisis-en-chile-chico","status":"publish","type":"post","link":"https:\/\/radiorevelacionfm.cl\/?p=55349","title":{"rendered":"Senadora \u00d3rdenes insisti\u00f3 al Ministerio de Salud la necesidad de que se instale una Unidad de Di\u00e1lisis en Chile Chico"},"content":{"rendered":"<div class=\"flex_column av_one_full  flex_column_div av-zero-column-padding first  avia-builder-el-0  el_before_av_one_full  avia-builder-el-first  \" style='border-radius:0px; '><div  class='avia-image-container  av-styling-    avia-builder-el-1  avia-builder-el-no-sibling  avia-align-center '  itemprop=\"image\" itemscope=\"itemscope\" itemtype=\"https:\/\/schema.org\/ImageObject\"  ><div class='avia-image-container-inner'><div class='avia-image-overlay-wrap'><img decoding=\"async\" class='wp-image-55350 avia-img-lazy-loading-not-55350 avia_image' src=\"https:\/\/radiorevelacionfm.cl\/wp-content\/uploads\/2025\/06\/FOTO-3-1-1.jpeg\" alt='' title='FOTO #3 (1) (1)' height=\"600\" width=\"898\"  itemprop=\"thumbnailUrl\" srcset=\"https:\/\/radiorevelacionfm.cl\/wp-content\/uploads\/2025\/06\/FOTO-3-1-1.jpeg 898w, https:\/\/radiorevelacionfm.cl\/wp-content\/uploads\/2025\/06\/FOTO-3-1-1-300x200.jpeg 300w, https:\/\/radiorevelacionfm.cl\/wp-content\/uploads\/2025\/06\/FOTO-3-1-1-768x513.jpeg 768w, https:\/\/radiorevelacionfm.cl\/wp-content\/uploads\/2025\/06\/FOTO-3-1-1-705x471.jpeg 705w, https:\/\/radiorevelacionfm.cl\/wp-content\/uploads\/2025\/06\/FOTO-3-1-1-450x301.jpeg 450w, https:\/\/radiorevelacionfm.cl\/wp-content\/uploads\/2025\/06\/FOTO-3-1-1-600x401.jpeg 600w\" sizes=\"(max-width: 898px) 100vw, 898px\" \/><\/div><\/div><\/div><\/div><div class=\"flex_column av_one_full  flex_column_div av-zero-column-padding first  avia-builder-el-2  el_after_av_one_full  el_before_av_one_full  column-top-margin\" style='border-radius:0px; '><section class=\"av_textblock_section \"  itemscope=\"itemscope\" itemtype=\"https:\/\/schema.org\/BlogPosting\" itemprop=\"blogPost\" ><div class='avia_textblock  '   itemprop=\"text\" ><p style=\"text-align: center;\"><span style=\"font-size: 18pt;\"><strong>Senadora \u00d3rdenes insisti\u00f3 al Ministerio de Salud la necesidad de que se instale una Unidad de Di\u00e1lisis en Chile Chico <\/strong><\/span><\/p>\n<div id=\"gtx-trans\" style=\"position: absolute; left: -50px; top: 4.31534px;\">\n<div class=\"gtx-trans-icon\"><\/div>\n<\/div>\n<\/div><\/section><\/div><div class=\"flex_column av_one_full  flex_column_div av-zero-column-padding first  avia-builder-el-4  el_after_av_one_full  el_before_av_hr  column-top-margin\" style='border-radius:0px; '><section class=\"av_textblock_section \"  itemscope=\"itemscope\" itemtype=\"https:\/\/schema.org\/BlogPosting\" itemprop=\"blogPost\" ><div class='avia_textblock  '   itemprop=\"text\" ><p style=\"text-align: justify;\">Recogiendo las distintas inquietudes de la comunidad de Chile Chico en su \u00faltima visita a la comuna del sol, la senadora de la regi\u00f3n de Ays\u00e9n, Ximena \u00d3rdenes Neira, solicit\u00f3 al Ejecutivo mediante un oficio en la Comisi\u00f3n de Salud del Senado se contemple la instalaci\u00f3n de una Unidad de Di\u00e1lisis para el Hospital Leopoldo Ortega.<\/p>\n<p style=\"text-align: justify;\">Pese a que el Centro de salud ser\u00e1 un hospital baja complejidad, ha sido destacado a nivel mundial por su tecnolog\u00eda, sin embargo, la legisladora insisti\u00f3 ante la ministra de Salud, Ximena Aguilera y los subsecretarios presentes en la comisi\u00f3n, de Salud P\u00fablica y de Redes Asistenciales, sobre la importancia de que la gente de Ays\u00e9n pueda tener tratamientos como el de di\u00e1lisis en su propia comuna.<\/p>\n<p style=\"text-align: justify;\">\u201cProntamente se inaugurar\u00e1 el nuevo Hospital de Chile Chico, el Hospital doctor Leopoldo Ortega Rodr\u00edguez. Esto es materia de orgullo para todos los ayseninos y ayseninas\u201d, coment\u00f3 Ordenes, destacando el recinto, el cual visit\u00f3 durante la \u00faltima semana de mayo.<\/p>\n<p style=\"text-align: justify;\">En tanto al requerimiento oficiado en la Comisi\u00f3n, la parlamentaria sostuvo que al igual que el alcalde de la comuna y su consejo, espera \u201cque esta nueva infraestructura de alto est\u00e1ndar cuente con una Unidad de Di\u00e1lisis, para evitar el traslado de los pacientes que, hoy, se realiza desde Chile Chico a la capital regional\u201d<\/p>\n<p style=\"text-align: justify;\">Ordenes ha puesto su foco en que la regi\u00f3n tenga mayor resolutividad en las propias comunas donde viven las personas, bandera que tambi\u00e9n ha levantado a nivel regional, poniendo en valor proyectos tan emblem\u00e1ticos como la Unidad de Hemodinamia, para pacientes cardiol\u00f3gicos, pero tambi\u00e9n a nivel local, con este tipo de requerimientos.<\/p>\n<p style=\"text-align: justify;\">\u201cEn una temporada como la que estamos viviendo, de invierno, donde las condiciones son adversas, complica y se pone en riesgo este tipo de tratamientos\u201d, recalc\u00f3, dando cuenta de las m\u00faltiples situaciones que sufren las familias al momento de salir de sus comunas al ser trasladados para enfrentar sus tratamientos.<\/p>\n<p style=\"text-align: justify;\">\u201cEsperamos que esto sea acogido por el Ministerio de Salud, que estaba presente, representado a trav\u00e9s de su ministra y subsecretarios\u201d, insisti\u00f3 la senadora, indicando que espera que a partir de esta obra, \u201cque va a ser muy importante para la comunidad\u201d, se sume este servicio, que calific\u00f3 de \u201cfundamental para aquellos pacientes que necesitan de una di\u00e1lisis\u201d.<\/p>\n<\/div><\/section><\/div><div  style='height:50px' class='hr hr-invisible   avia-builder-el-6  el_after_av_one_full  el_before_av_social_share '><span class='hr-inner ' ><span class='hr-inner-style'><\/span><\/span><\/div><\/p>\n<div  class='av-social-sharing-box  avia-builder-el-7  el_after_av_hr  el_before_av_hr  '><div class='av-share-box'><h5 class='av-share-link-description av-no-toc '>Compartir esta noticia<\/h5><ul class='av-share-box-list noLightbox'><li class='av-share-link av-social-link-facebook' ><a target=\"_blank\" aria-label=\"Compartir en Facebook\" href='https:\/\/www.facebook.com\/sharer.php?u=https:\/\/radiorevelacionfm.cl\/?p=55349&#038;t=Senadora%20%C3%93rdenes%20insisti%C3%B3%20al%20Ministerio%20de%20Salud%20la%20necesidad%20de%20que%20se%20instale%20una%20Unidad%20de%20Di%C3%A1lisis%20en%20Chile%20Chico' aria-hidden='false' data-av_icon='\ue8f3' data-av_iconfont='entypo-fontello' title='' data-avia-related-tooltip='Compartir en Facebook' rel=\"noopener\"><span class='avia_hidden_link_text'>Compartir en Facebook<\/span><\/a><\/li><li class='av-share-link av-social-link-twitter' ><a target=\"_blank\" aria-label=\"Compartir en Twitter\" href='https:\/\/twitter.com\/share?text=Senadora%20%C3%93rdenes%20insisti%C3%B3%20al%20Ministerio%20de%20Salud%20la%20necesidad%20de%20que%20se%20instale%20una%20Unidad%20de%20Di%C3%A1lisis%20en%20Chile%20Chico&#038;url=https:\/\/radiorevelacionfm.cl\/?p=55349' aria-hidden='false' data-av_icon='\ue8f1' data-av_iconfont='entypo-fontello' title='' data-avia-related-tooltip='Compartir en Twitter' rel=\"noopener\"><span class='avia_hidden_link_text'>Compartir en Twitter<\/span><\/a><\/li><li class='av-share-link av-social-link-whatsapp' ><a target=\"_blank\" aria-label=\"Compartir en Whatsapp\" href='https:\/\/api.whatsapp.com\/send?text=https:\/\/radiorevelacionfm.cl\/?p=55349' aria-hidden='false' data-av_icon='\uf232' data-av_iconfont='entypo-fontello' title='' data-avia-related-tooltip='Compartir en Whatsapp' rel=\"noopener\"><span class='avia_hidden_link_text'>Compartir en Whatsapp<\/span><\/a><\/li><li class='av-share-link av-social-link-linkedin' ><a target=\"_blank\" aria-label=\"Compartir en LinkedIn\" href='https:\/\/linkedin.com\/shareArticle?mini=true&#038;title=Senadora%20%C3%93rdenes%20insisti%C3%B3%20al%20Ministerio%20de%20Salud%20la%20necesidad%20de%20que%20se%20instale%20una%20Unidad%20de%20Di%C3%A1lisis%20en%20Chile%20Chico&#038;url=https:\/\/radiorevelacionfm.cl\/?p=55349' aria-hidden='false' data-av_icon='\ue8fc' data-av_iconfont='entypo-fontello' title='' data-avia-related-tooltip='Compartir en LinkedIn' rel=\"noopener\"><span class='avia_hidden_link_text'>Compartir en LinkedIn<\/span><\/a><\/li><li class='av-share-link av-social-link-mail' ><a  aria-label=\"Compartir por correo\" href='mailto:?subject=Senadora%20%C3%93rdenes%20insisti%C3%B3%20al%20Ministerio%20de%20Salud%20la%20necesidad%20de%20que%20se%20instale%20una%20Unidad%20de%20Di%C3%A1lisis%20en%20Chile%20Chico&#038;body=https:\/\/radiorevelacionfm.cl\/?p=55349' aria-hidden='false' data-av_icon='\ue805' data-av_iconfont='entypo-fontello' title='' data-avia-related-tooltip='Compartir por correo'><span class='avia_hidden_link_text'>Compartir por correo<\/span><\/a><\/li><\/ul><\/div><\/div>\n<div  style='height:50px' class='hr hr-invisible   avia-builder-el-8  el_after_av_social_share  el_before_av_comments_list '><span class='hr-inner ' ><span class='hr-inner-style'><\/span><\/span><\/div>\n<div  class='av-buildercomment  av-blog-meta-html-info-disabled av-blog-meta-tag-disabled  '><\/div>\n","protected":false},"excerpt":{"rendered":"","protected":false},"author":1,"featured_media":55350,"comment_status":"closed","ping_status":"closed","sticky":false,"template":"","format":"standard","meta":{"footnotes":""},"categories":[46],"tags":[],"class_list":["post-55349","post","type-post","status-publish","format-standard","has-post-thumbnail","hentry","category-salud"],"jetpack_featured_media_url":"https:\/\/radiorevelacionfm.cl\/wp-content\/uploads\/2025\/06\/FOTO-3-1-1.jpeg","_links":{"self":[{"href":"https:\/\/radiorevelacionfm.cl\/index.php?rest_route=\/wp\/v2\/posts\/55349","targetHints":{"allow":["GET"]}}],"collection":[{"href":"https:\/\/radiorevelacionfm.cl\/index.php?rest_route=\/wp\/v2\/posts"}],"about":[{"href":"https:\/\/radiorevelacionfm.cl\/index.php?rest_route=\/wp\/v2\/types\/post"}],"author":[{"embeddable":true,"href":"https:\/\/radiorevelacionfm.cl\/index.php?rest_route=\/wp\/v2\/users\/1"}],"replies":[{"embeddable":true,"href":"https:\/\/radiorevelacionfm.cl\/index.php?rest_route=%2Fwp%2Fv2%2Fcomments&post=55349"}],"version-history":[{"count":2,"href":"https:\/\/radiorevelacionfm.cl\/index.php?rest_route=\/wp\/v2\/posts\/55349\/revisions"}],"predecessor-version":[{"id":55360,"href":"https:\/\/radiorevelacionfm.cl\/index.php?rest_route=\/wp\/v2\/posts\/55349\/revisions\/55360"}],"wp:featuredmedia":[{"embeddable":true,"href":"https:\/\/radiorevelacionfm.cl\/index.php?rest_route=\/wp\/v2\/media\/55350"}],"wp:attachment":[{"href":"https:\/\/radiorevelacionfm.cl\/index.php?rest_route=%2Fwp%2Fv2%2Fmedia&parent=55349"}],"wp:term":[{"taxonomy":"category","embeddable":true,"href":"https:\/\/radiorevelacionfm.cl\/index.php?rest_route=%2Fwp%2Fv2%2Fcategories&post=55349"},{"taxonomy":"post_tag","embeddable":true,"href":"https:\/\/radiorevelacionfm.cl\/index.php?rest_route=%2Fwp%2Fv2%2Ftags&post=55349"}],"curies":[{"name":"wp","href":"https:\/\/api.w.org\/{rel}","templated":true}]}}