{"id":55346,"date":"2025-06-17T13:34:13","date_gmt":"2025-06-17T16:34:13","guid":{"rendered":"https:\/\/radiorevelacionfm.cl\/?p=55346"},"modified":"2025-06-17T13:34:13","modified_gmt":"2025-06-17T16:34:13","slug":"mideso-y-core-aysen-logran-historico-acuerdo-dirigido-a-personas-mayores","status":"publish","type":"post","link":"https:\/\/radiorevelacionfm.cl\/?p=55346","title":{"rendered":"MIDESO Y CORE AYS\u00c9N logran hist\u00f3rico acuerdo dirigido a personas mayores"},"content":{"rendered":"<div class=\"flex_column av_one_full  flex_column_div av-zero-column-padding first  avia-builder-el-0  el_before_av_one_full  avia-builder-el-first  \" style='border-radius:0px; '><div  class='avia-image-container  av-styling-    avia-builder-el-1  avia-builder-el-no-sibling  avia-align-center '  itemprop=\"image\" itemscope=\"itemscope\" itemtype=\"https:\/\/schema.org\/ImageObject\"  ><div class='avia-image-container-inner'><div class='avia-image-overlay-wrap'><img decoding=\"async\" class='wp-image-55347 avia-img-lazy-loading-not-55347 avia_image' src=\"https:\/\/radiorevelacionfm.cl\/wp-content\/uploads\/2025\/06\/acuerdo-1-1-1.jpeg\" alt='' title='acuerdo 1 (1) (1)' height=\"600\" width=\"800\"  itemprop=\"thumbnailUrl\" srcset=\"https:\/\/radiorevelacionfm.cl\/wp-content\/uploads\/2025\/06\/acuerdo-1-1-1.jpeg 800w, https:\/\/radiorevelacionfm.cl\/wp-content\/uploads\/2025\/06\/acuerdo-1-1-1-300x225.jpeg 300w, https:\/\/radiorevelacionfm.cl\/wp-content\/uploads\/2025\/06\/acuerdo-1-1-1-768x576.jpeg 768w, https:\/\/radiorevelacionfm.cl\/wp-content\/uploads\/2025\/06\/acuerdo-1-1-1-705x529.jpeg 705w, https:\/\/radiorevelacionfm.cl\/wp-content\/uploads\/2025\/06\/acuerdo-1-1-1-450x338.jpeg 450w, https:\/\/radiorevelacionfm.cl\/wp-content\/uploads\/2025\/06\/acuerdo-1-1-1-600x450.jpeg 600w\" sizes=\"(max-width: 800px) 100vw, 800px\" \/><\/div><\/div><\/div><\/div><div class=\"flex_column av_one_full  flex_column_div av-zero-column-padding first  avia-builder-el-2  el_after_av_one_full  el_before_av_one_full  column-top-margin\" style='border-radius:0px; '><section class=\"av_textblock_section \"  itemscope=\"itemscope\" itemtype=\"https:\/\/schema.org\/BlogPosting\" itemprop=\"blogPost\" ><div class='avia_textblock  '   itemprop=\"text\" ><p style=\"text-align: center;\"><strong><span style=\"font-size: 18pt;\">MIDESO Y CORE AYS\u00c9N logran hist\u00f3rico acuerdo dirigido a personas mayores<\/span><\/strong><\/p>\n<div id=\"gtx-trans\" style=\"position: absolute; left: -50px; top: 4.31534px;\">\n<div class=\"gtx-trans-icon\"><\/div>\n<\/div>\n<\/div><\/section><\/div><div class=\"flex_column av_one_full  flex_column_div av-zero-column-padding first  avia-builder-el-4  el_after_av_one_full  el_before_av_hr  column-top-margin\" style='border-radius:0px; '><section class=\"av_textblock_section \"  itemscope=\"itemscope\" itemtype=\"https:\/\/schema.org\/BlogPosting\" itemprop=\"blogPost\" ><div class='avia_textblock  '   itemprop=\"text\" ><div class=\"v1elementToProof\" style=\"text-align: justify;\"><i>En votaci\u00f3n un\u00e1nime del consejo regional se logra aprobar la futura firma de convenio que permitir\u00e1 ampliar la cobertura de distintos programas orientados a personas mayores de la regi\u00f3n de Ays\u00e9n.<\/i><\/div>\n<div><\/div>\n<div class=\"v1elementToProof\" style=\"text-align: justify;\">Con el objetivo de conocer la oferta program\u00e1tica dirigida a personas mayores de la regi\u00f3n de Ays\u00e9n, es que la Comisi\u00f3n de Personas Mayores y Familia del Consejo Regional de Ays\u00e9n invit\u00f3 a exponer al Servicio Nacional del Adulto Mayor, Senama y Ministerio de Desarrollo Social y Familia. En la ocasi\u00f3n la Seremi de la Cartera Karina Acevedo Auad pudo dar cuenta de la cobertura regional que existe actualmente, demanda por apoyos y cifras de poblaci\u00f3n mayor que alcanza a 20.663, siendo el 19,2% del total aysenino.<\/div>\n<div><\/div>\n<div class=\"v1elementToProof\" style=\"text-align: justify;\">Tras la exposici\u00f3n que luego se llev\u00f3 a discusi\u00f3n en el pleno, el consejero y presidente de la comisi\u00f3n de Personas Mayores y Familia Julio Rossel asinti\u00f3 que pese a los esfuerzos Ministeriales la cobertura de programas y apoyos hacia personas\u00a0 mayores es insuficiente por lo que \u00abHemos logrado un acuerdo hist\u00f3rico, en menos de dos meses que lleva constituida la comisi\u00f3n hemos podido comprometer al Gobierno Regional a elaborar un acuerdo de colaboraci\u00f3n que nos permita mejorar o ampliar la cobertura de muchos de los programas que est\u00e1n enfocados en los adultos mayores, esto con un convenio con el Ministerio de Desarrollo Social que nos va a permitir beneficiar a personas mayores desde Melinka a Villa O&#8217;Higgins. Estoy muy contento y agradecido por el apoyo de mis pares y esperamos pronto dar muy buenas noticias de los avances de este acuerdo comprometido\u00bb.<\/div>\n<div><\/div>\n<div class=\"v1elementToProof\" style=\"text-align: justify;\">Valorando la instancia y el compromiso del Gobierno Regional en sumar iniciativas que vayan en apoyo de las personas mayores, la Seremi de Desarrollo Social y Familia Karina Acevedo \u00a0destac\u00f3 \u00abHemos ya sostenido reuniones previas con el Gobernador quien cuenta con la disposici\u00f3n para colaborarnos con los distintos programas, pero sin duda este hito en particular es un acuerdo que parte en la Comisi\u00f3n de Personas Mayores y Familia que preside el Consejero Rossel para apoyar en programas que ya estamos ejecutando nosotros como Ministerio, pero sobre todo para llegar a personas mayores donde no tenemos cobertura, este acuerdo nos permite llegar con una pol\u00edtica regional para personas mayores pertinente. Estamos muy contentos porque este trabajo mancomunado entre el gobierno regional y la comisi\u00f3n de personas mayores va a ser de todos modos un ganar-ganar para la regi\u00f3n de Ays\u00e9n\u00bb.<\/div>\n<div><\/div>\n<div class=\"v1elementToProof\" style=\"text-align: justify;\">Compartiendo el sentir y necesidad de abordar las pol\u00edticas p\u00fablicas que promuevan un envejecimiento digno, activo y saludable en el territorio aysenino el Gobernador regional Marcelo Santana relev\u00f3 \u00abestamos revisando el tema en nuestra comisi\u00f3n del adulto mayor. Ha venido la Seremi de Desarrollo Social a entregarnos una completa radiograf\u00eda al trabajo que hace dicho ministerio en la regi\u00f3n y, que por supuesto, tenemos que fortalecer con recursos del gobierno regional. Esperamos prontamente poder comenzar a destrabar y tambi\u00e9n invertir en aquellas localidades y comunas en donde es necesario llegar con estas pol\u00edticas p\u00fablicas tan importantes que benefician a adultos mayores de nuestra regi\u00f3n de Ays\u00e9n y As\u00ed mismo avanzar decididamente en este trabajo que para nosotros ha sido prioridad y que le estamos dando el impulso necesario para tratar de llegar con beneficios a la poblaci\u00f3n adulta mayor de Ays\u00e9n\u00bb.<\/div>\n<div><\/div>\n<div class=\"v1elementToProof\" style=\"text-align: justify;\">Hay que se\u00f1alar finalmente que desde la Divisi\u00f3n de Desarrollo Social y Humano, en conjunto con la Seremi de Desarrollo Social y Familia, se ha fortalecido el trabajo de esta nueva Comisi\u00f3n del Gobierno Regional, en esa l\u00ednea el Consejero Pablo Guglielmi reforz\u00f3 el mensaje de la Comisi\u00f3n de Personas Mayores que est\u00e1 compuesta por los Cores Ximena Novoa, Rodrigo Rivera y Gustavo Villarroel \u00abHemos tenido varias conversaciones en relaci\u00f3n a personas mayores y encuentros siendo el \u00faltimo con la Seremi de Desarrollo Social y Familia Karina Acevedo quien expuso la situaci\u00f3n actual, de forma un\u00e1nime creemos como comisi\u00f3n que se analice la posibilidad de inyectar recursos en algunos programas que son eficientes y que necesitamos que sigan creciendo para que lleguen a todas nuestras personas mayores\u00bb.<\/div>\n<div class=\"v1elementToProof\" style=\"text-align: justify;\"><\/div>\n<\/div><\/section><\/div><div  style='height:50px' class='hr hr-invisible   avia-builder-el-6  el_after_av_one_full  el_before_av_social_share '><span class='hr-inner ' ><span class='hr-inner-style'><\/span><\/span><\/div><\/p>\n<div  class='av-social-sharing-box  avia-builder-el-7  el_after_av_hr  el_before_av_hr  '><div class='av-share-box'><h5 class='av-share-link-description av-no-toc '>Compartir esta noticia<\/h5><ul class='av-share-box-list noLightbox'><li class='av-share-link av-social-link-facebook' ><a target=\"_blank\" aria-label=\"Compartir en Facebook\" href='https:\/\/www.facebook.com\/sharer.php?u=https:\/\/radiorevelacionfm.cl\/?p=55346&#038;t=MIDESO%20Y%20CORE%20AYS%C3%89N%20logran%20hist%C3%B3rico%20acuerdo%20dirigido%20a%20personas%20mayores' aria-hidden='false' data-av_icon='\ue8f3' data-av_iconfont='entypo-fontello' title='' data-avia-related-tooltip='Compartir en Facebook' rel=\"noopener\"><span class='avia_hidden_link_text'>Compartir en Facebook<\/span><\/a><\/li><li class='av-share-link av-social-link-twitter' ><a target=\"_blank\" aria-label=\"Compartir en Twitter\" href='https:\/\/twitter.com\/share?text=MIDESO%20Y%20CORE%20AYS%C3%89N%20logran%20hist%C3%B3rico%20acuerdo%20dirigido%20a%20personas%20mayores&#038;url=https:\/\/radiorevelacionfm.cl\/?p=55346' aria-hidden='false' data-av_icon='\ue8f1' data-av_iconfont='entypo-fontello' title='' data-avia-related-tooltip='Compartir en Twitter' rel=\"noopener\"><span class='avia_hidden_link_text'>Compartir en Twitter<\/span><\/a><\/li><li class='av-share-link av-social-link-whatsapp' ><a target=\"_blank\" aria-label=\"Compartir en Whatsapp\" href='https:\/\/api.whatsapp.com\/send?text=https:\/\/radiorevelacionfm.cl\/?p=55346' aria-hidden='false' data-av_icon='\uf232' data-av_iconfont='entypo-fontello' title='' data-avia-related-tooltip='Compartir en Whatsapp' rel=\"noopener\"><span class='avia_hidden_link_text'>Compartir en Whatsapp<\/span><\/a><\/li><li class='av-share-link av-social-link-linkedin' ><a target=\"_blank\" aria-label=\"Compartir en LinkedIn\" href='https:\/\/linkedin.com\/shareArticle?mini=true&#038;title=MIDESO%20Y%20CORE%20AYS%C3%89N%20logran%20hist%C3%B3rico%20acuerdo%20dirigido%20a%20personas%20mayores&#038;url=https:\/\/radiorevelacionfm.cl\/?p=55346' aria-hidden='false' data-av_icon='\ue8fc' data-av_iconfont='entypo-fontello' title='' data-avia-related-tooltip='Compartir en LinkedIn' rel=\"noopener\"><span class='avia_hidden_link_text'>Compartir en LinkedIn<\/span><\/a><\/li><li class='av-share-link av-social-link-mail' ><a  aria-label=\"Compartir por correo\" href='mailto:?subject=MIDESO%20Y%20CORE%20AYS%C3%89N%20logran%20hist%C3%B3rico%20acuerdo%20dirigido%20a%20personas%20mayores&#038;body=https:\/\/radiorevelacionfm.cl\/?p=55346' aria-hidden='false' data-av_icon='\ue805' data-av_iconfont='entypo-fontello' title='' data-avia-related-tooltip='Compartir por correo'><span class='avia_hidden_link_text'>Compartir por correo<\/span><\/a><\/li><\/ul><\/div><\/div>\n<div  style='height:50px' class='hr hr-invisible   avia-builder-el-8  el_after_av_social_share  el_before_av_comments_list '><span class='hr-inner ' ><span class='hr-inner-style'><\/span><\/span><\/div>\n<div  class='av-buildercomment  av-blog-meta-html-info-disabled av-blog-meta-tag-disabled  '><\/div>\n","protected":false},"excerpt":{"rendered":"","protected":false},"author":1,"featured_media":55347,"comment_status":"closed","ping_status":"closed","sticky":false,"template":"","format":"standard","meta":{"footnotes":""},"categories":[38],"tags":[],"class_list":["post-55346","post","type-post","status-publish","format-standard","has-post-thumbnail","hentry","category-regional"],"jetpack_featured_media_url":"https:\/\/radiorevelacionfm.cl\/wp-content\/uploads\/2025\/06\/acuerdo-1-1-1.jpeg","_links":{"self":[{"href":"https:\/\/radiorevelacionfm.cl\/index.php?rest_route=\/wp\/v2\/posts\/55346","targetHints":{"allow":["GET"]}}],"collection":[{"href":"https:\/\/radiorevelacionfm.cl\/index.php?rest_route=\/wp\/v2\/posts"}],"about":[{"href":"https:\/\/radiorevelacionfm.cl\/index.php?rest_route=\/wp\/v2\/types\/post"}],"author":[{"embeddable":true,"href":"https:\/\/radiorevelacionfm.cl\/index.php?rest_route=\/wp\/v2\/users\/1"}],"replies":[{"embeddable":true,"href":"https:\/\/radiorevelacionfm.cl\/index.php?rest_route=%2Fwp%2Fv2%2Fcomments&post=55346"}],"version-history":[{"count":2,"href":"https:\/\/radiorevelacionfm.cl\/index.php?rest_route=\/wp\/v2\/posts\/55346\/revisions"}],"predecessor-version":[{"id":55353,"href":"https:\/\/radiorevelacionfm.cl\/index.php?rest_route=\/wp\/v2\/posts\/55346\/revisions\/55353"}],"wp:featuredmedia":[{"embeddable":true,"href":"https:\/\/radiorevelacionfm.cl\/index.php?rest_route=\/wp\/v2\/media\/55347"}],"wp:attachment":[{"href":"https:\/\/radiorevelacionfm.cl\/index.php?rest_route=%2Fwp%2Fv2%2Fmedia&parent=55346"}],"wp:term":[{"taxonomy":"category","embeddable":true,"href":"https:\/\/radiorevelacionfm.cl\/index.php?rest_route=%2Fwp%2Fv2%2Fcategories&post=55346"},{"taxonomy":"post_tag","embeddable":true,"href":"https:\/\/radiorevelacionfm.cl\/index.php?rest_route=%2Fwp%2Fv2%2Ftags&post=55346"}],"curies":[{"name":"wp","href":"https:\/\/api.w.org\/{rel}","templated":true}]}}