{"id":55330,"date":"2025-06-17T11:29:04","date_gmt":"2025-06-17T14:29:04","guid":{"rendered":"https:\/\/radiorevelacionfm.cl\/?p=55330"},"modified":"2025-06-17T11:29:04","modified_gmt":"2025-06-17T14:29:04","slug":"sernameg-y-conadi-llaman-a-postular-a-la-xii-expo-feria-mujeres-emprendedoras-indigenas-2025","status":"publish","type":"post","link":"https:\/\/radiorevelacionfm.cl\/?p=55330","title":{"rendered":"SernamEG y Conadi llaman a postular a la XII Expo Feria Mujeres Emprendedoras Ind\u00edgenas 2025"},"content":{"rendered":"<div class=\"flex_column av_one_full  flex_column_div av-zero-column-padding first  avia-builder-el-0  el_before_av_one_full  avia-builder-el-first  \" style='border-radius:0px; '><div  class='avia-image-container  av-styling-    avia-builder-el-1  avia-builder-el-no-sibling  avia-align-center '  itemprop=\"image\" itemscope=\"itemscope\" itemtype=\"https:\/\/schema.org\/ImageObject\"  ><div class='avia-image-container-inner'><div class='avia-image-overlay-wrap'><img decoding=\"async\" class='wp-image-55331 avia-img-lazy-loading-not-55331 avia_image' src=\"https:\/\/radiorevelacionfm.cl\/wp-content\/uploads\/2025\/06\/GRAaFICA_EXPOFERIA-780x468-1.jpg\" alt='' title='GRAaFICA_EXPOFERIA-780x468 (1)' height=\"600\" width=\"1000\"  itemprop=\"thumbnailUrl\" srcset=\"https:\/\/radiorevelacionfm.cl\/wp-content\/uploads\/2025\/06\/GRAaFICA_EXPOFERIA-780x468-1.jpg 1000w, https:\/\/radiorevelacionfm.cl\/wp-content\/uploads\/2025\/06\/GRAaFICA_EXPOFERIA-780x468-1-300x180.jpg 300w, https:\/\/radiorevelacionfm.cl\/wp-content\/uploads\/2025\/06\/GRAaFICA_EXPOFERIA-780x468-1-768x461.jpg 768w, https:\/\/radiorevelacionfm.cl\/wp-content\/uploads\/2025\/06\/GRAaFICA_EXPOFERIA-780x468-1-705x423.jpg 705w, https:\/\/radiorevelacionfm.cl\/wp-content\/uploads\/2025\/06\/GRAaFICA_EXPOFERIA-780x468-1-450x270.jpg 450w, https:\/\/radiorevelacionfm.cl\/wp-content\/uploads\/2025\/06\/GRAaFICA_EXPOFERIA-780x468-1-600x360.jpg 600w\" sizes=\"(max-width: 1000px) 100vw, 1000px\" \/><\/div><\/div><\/div><\/div><div class=\"flex_column av_one_full  flex_column_div av-zero-column-padding first  avia-builder-el-2  el_after_av_one_full  el_before_av_one_full  column-top-margin\" style='border-radius:0px; '><section class=\"av_textblock_section \"  itemscope=\"itemscope\" itemtype=\"https:\/\/schema.org\/BlogPosting\" itemprop=\"blogPost\" ><div class='avia_textblock  '   itemprop=\"text\" ><p style=\"text-align: center;\"><span style=\"font-size: 18pt;\"><strong>SernamEG y Conadi llaman a postular a la XII Expo Feria Mujeres Emprendedoras Ind\u00edgenas 2025\u00a0<\/strong><\/span><\/p>\n<div id=\"gtx-trans\" style=\"position: absolute; left: -50px; top: 4.31534px;\">\n<div class=\"gtx-trans-icon\"><\/div>\n<\/div>\n<\/div><\/section><\/div><div class=\"flex_column av_one_full  flex_column_div av-zero-column-padding first  avia-builder-el-4  el_after_av_one_full  el_before_av_hr  column-top-margin\" style='border-radius:0px; '><section class=\"av_textblock_section \"  itemscope=\"itemscope\" itemtype=\"https:\/\/schema.org\/BlogPosting\" itemprop=\"blogPost\" ><div class='avia_textblock  '   itemprop=\"text\" ><p dir=\"ltr\" style=\"text-align: justify;\">El Servicio Nacional de la Mujer y la Equidad de G\u00e9nero (SernamEG) y la Corporaci\u00f3n Nacional de Desarrollo Ind\u00edgena (CONADI), extendieron la invitaci\u00f3n a postular a la XII Expo Feria Mujeres Emprendedoras Ind\u00edgenas 2025, que tendr\u00e1 lugar como todos los a\u00f1os en la ciudad de Santiago.<\/p>\n<p dir=\"ltr\" style=\"text-align: justify;\">Las interesadas en participar de esta instancia, que se llevar\u00e1 a cabo en la capital los d\u00edas 3, 4 y 5 de septiembre, pueden conocer las bases, requisitos y postular ingresando al sitio\u00a0<a href=\"http:\/\/sernameg.gob.cl\/\" target=\"_blank\" rel=\"noopener noreferrer\">sernameg.gob.cl<\/a>\u00a0o a\u00a0<a href=\"http:\/\/conadi.gob.cl\/\" target=\"_blank\" rel=\"noopener noreferrer\">conadi.gob.cl<\/a>\u00a0hasta el pr\u00f3ximo mi\u00e9rcoles 25 de junio. Tambi\u00e9n pueden hacerlo de forma presencial, descargando la ficha de postulaci\u00f3n y present\u00e1ndola en la Direcci\u00f3n Regional de SernamEG Ays\u00e9n, ubicada en calle Baquedano #257, Coyhaique.<\/p>\n<p dir=\"ltr\" style=\"text-align: justify;\">La convocatoria est\u00e1 dirigida a mujeres ind\u00edgenas mayores de 18 a\u00f1os, pertenecientes a uno de los 11 pueblos originarios reconocidos por ley (Mapuche, Aymara, Rapa Nui, Likan Antay, Quechua, Diaguita, Colla, Chango, Kawashkar, Yag\u00e1n, Selk&#8217;nam), que lideren emprendimientos en modalidad individual o colectiva.<\/p>\n<p dir=\"ltr\" style=\"text-align: justify;\">El a\u00f1o pasado las seleccionadas, Carolina Nitor Hern\u00e1ndez de la comuna de Cisnes, Yorka Cheuquian Gallardo de Coyhaique, y Margarita Rojas Fern\u00e1ndez de Ays\u00e9n, viajaron hasta Santiago para participar de la exposici\u00f3n en la Plaza de la Constituci\u00f3n, los d\u00edas 29, 30 y 31 de octubre.<\/p>\n<p dir=\"ltr\" style=\"text-align: justify;\">\u00abNuestra Expo Feria es un espacio que ha sido sumamente provechoso y enriquecedor para las mujeres de nuestra regi\u00f3n que han participado en ocasiones anteriores, ya que adem\u00e1s de otorgarles una gran vitrina nacional para mostrar sus productos, este evento tambi\u00e9n es una instancia de intercambio cultural. Se forman redes de emprendedoras, se comparten conocimientos y se reconoce el aporte de las mujeres ind\u00edgenas al desarrollo local, fortaleciendo de esta manera su autonom\u00eda econ\u00f3mica\u00bb, explic\u00f3 la directora regional del SernamEG, Patricia Baeza Cabezas.<\/p>\n<p dir=\"ltr\" style=\"text-align: justify;\"><span style=\"font-size: large;\">Modalidades de postulaci\u00f3n<\/span><\/p>\n<p dir=\"ltr\" style=\"text-align: justify;\">Las interesadas pueden postular por productos o emprendimientos que resalten la cultura ind\u00edgena mediante la producci\u00f3n directa de bienes con valor cultural, simb\u00f3lico o ancestral. Pueden ser microempresas, asociaciones, comunidades o cooperativas.<\/p>\n<p dir=\"ltr\" style=\"text-align: justify;\">O tambi\u00e9n pueden participar con servicios de turismo ind\u00edgena: Experiencias o servicios tur\u00edsticos dise\u00f1ados y gestionados desde una perspectiva cultural ind\u00edgena, con enfoque en el patrimonio, la sustentabilidad y la conexi\u00f3n con los territorios.<\/p>\n<\/div><\/section><\/div><div  style='height:50px' class='hr hr-invisible   avia-builder-el-6  el_after_av_one_full  el_before_av_social_share '><span class='hr-inner ' ><span class='hr-inner-style'><\/span><\/span><\/div><\/p>\n<div  class='av-social-sharing-box  avia-builder-el-7  el_after_av_hr  el_before_av_hr  '><div class='av-share-box'><h5 class='av-share-link-description av-no-toc '>Compartir esta noticia<\/h5><ul class='av-share-box-list noLightbox'><li class='av-share-link av-social-link-facebook' ><a target=\"_blank\" aria-label=\"Compartir en Facebook\" href='https:\/\/www.facebook.com\/sharer.php?u=https:\/\/radiorevelacionfm.cl\/?p=55330&#038;t=SernamEG%20y%20Conadi%20llaman%20a%20postular%20a%20la%20XII%20Expo%20Feria%20Mujeres%20Emprendedoras%20Ind%C3%ADgenas%202025' aria-hidden='false' data-av_icon='\ue8f3' data-av_iconfont='entypo-fontello' title='' data-avia-related-tooltip='Compartir en Facebook' rel=\"noopener\"><span class='avia_hidden_link_text'>Compartir en Facebook<\/span><\/a><\/li><li class='av-share-link av-social-link-twitter' ><a target=\"_blank\" aria-label=\"Compartir en Twitter\" href='https:\/\/twitter.com\/share?text=SernamEG%20y%20Conadi%20llaman%20a%20postular%20a%20la%20XII%20Expo%20Feria%20Mujeres%20Emprendedoras%20Ind%C3%ADgenas%202025&#038;url=https:\/\/radiorevelacionfm.cl\/?p=55330' aria-hidden='false' data-av_icon='\ue8f1' data-av_iconfont='entypo-fontello' title='' data-avia-related-tooltip='Compartir en Twitter' rel=\"noopener\"><span class='avia_hidden_link_text'>Compartir en Twitter<\/span><\/a><\/li><li class='av-share-link av-social-link-whatsapp' ><a target=\"_blank\" aria-label=\"Compartir en Whatsapp\" href='https:\/\/api.whatsapp.com\/send?text=https:\/\/radiorevelacionfm.cl\/?p=55330' aria-hidden='false' data-av_icon='\uf232' data-av_iconfont='entypo-fontello' title='' data-avia-related-tooltip='Compartir en Whatsapp' rel=\"noopener\"><span class='avia_hidden_link_text'>Compartir en Whatsapp<\/span><\/a><\/li><li class='av-share-link av-social-link-linkedin' ><a target=\"_blank\" aria-label=\"Compartir en LinkedIn\" href='https:\/\/linkedin.com\/shareArticle?mini=true&#038;title=SernamEG%20y%20Conadi%20llaman%20a%20postular%20a%20la%20XII%20Expo%20Feria%20Mujeres%20Emprendedoras%20Ind%C3%ADgenas%202025&#038;url=https:\/\/radiorevelacionfm.cl\/?p=55330' aria-hidden='false' data-av_icon='\ue8fc' data-av_iconfont='entypo-fontello' title='' data-avia-related-tooltip='Compartir en LinkedIn' rel=\"noopener\"><span class='avia_hidden_link_text'>Compartir en LinkedIn<\/span><\/a><\/li><li class='av-share-link av-social-link-mail' ><a  aria-label=\"Compartir por correo\" href='mailto:?subject=SernamEG%20y%20Conadi%20llaman%20a%20postular%20a%20la%20XII%20Expo%20Feria%20Mujeres%20Emprendedoras%20Ind%C3%ADgenas%202025&#038;body=https:\/\/radiorevelacionfm.cl\/?p=55330' aria-hidden='false' data-av_icon='\ue805' data-av_iconfont='entypo-fontello' title='' data-avia-related-tooltip='Compartir por correo'><span class='avia_hidden_link_text'>Compartir por correo<\/span><\/a><\/li><\/ul><\/div><\/div>\n<div  style='height:50px' class='hr hr-invisible   avia-builder-el-8  el_after_av_social_share  el_before_av_comments_list '><span class='hr-inner ' ><span class='hr-inner-style'><\/span><\/span><\/div>\n<div  class='av-buildercomment  av-blog-meta-html-info-disabled av-blog-meta-tag-disabled  '><\/div>\n","protected":false},"excerpt":{"rendered":"","protected":false},"author":1,"featured_media":55331,"comment_status":"closed","ping_status":"closed","sticky":false,"template":"","format":"standard","meta":{"footnotes":""},"categories":[63],"tags":[],"class_list":["post-55330","post","type-post","status-publish","format-standard","has-post-thumbnail","hentry","category-mujer-y-genero"],"jetpack_featured_media_url":"https:\/\/radiorevelacionfm.cl\/wp-content\/uploads\/2025\/06\/GRAaFICA_EXPOFERIA-780x468-1.jpg","_links":{"self":[{"href":"https:\/\/radiorevelacionfm.cl\/index.php?rest_route=\/wp\/v2\/posts\/55330","targetHints":{"allow":["GET"]}}],"collection":[{"href":"https:\/\/radiorevelacionfm.cl\/index.php?rest_route=\/wp\/v2\/posts"}],"about":[{"href":"https:\/\/radiorevelacionfm.cl\/index.php?rest_route=\/wp\/v2\/types\/post"}],"author":[{"embeddable":true,"href":"https:\/\/radiorevelacionfm.cl\/index.php?rest_route=\/wp\/v2\/users\/1"}],"replies":[{"embeddable":true,"href":"https:\/\/radiorevelacionfm.cl\/index.php?rest_route=%2Fwp%2Fv2%2Fcomments&post=55330"}],"version-history":[{"count":2,"href":"https:\/\/radiorevelacionfm.cl\/index.php?rest_route=\/wp\/v2\/posts\/55330\/revisions"}],"predecessor-version":[{"id":55352,"href":"https:\/\/radiorevelacionfm.cl\/index.php?rest_route=\/wp\/v2\/posts\/55330\/revisions\/55352"}],"wp:featuredmedia":[{"embeddable":true,"href":"https:\/\/radiorevelacionfm.cl\/index.php?rest_route=\/wp\/v2\/media\/55331"}],"wp:attachment":[{"href":"https:\/\/radiorevelacionfm.cl\/index.php?rest_route=%2Fwp%2Fv2%2Fmedia&parent=55330"}],"wp:term":[{"taxonomy":"category","embeddable":true,"href":"https:\/\/radiorevelacionfm.cl\/index.php?rest_route=%2Fwp%2Fv2%2Fcategories&post=55330"},{"taxonomy":"post_tag","embeddable":true,"href":"https:\/\/radiorevelacionfm.cl\/index.php?rest_route=%2Fwp%2Fv2%2Ftags&post=55330"}],"curies":[{"name":"wp","href":"https:\/\/api.w.org\/{rel}","templated":true}]}}