{"id":55326,"date":"2025-06-16T19:32:59","date_gmt":"2025-06-16T22:32:59","guid":{"rendered":"https:\/\/radiorevelacionfm.cl\/?p=55326"},"modified":"2025-06-16T19:32:59","modified_gmt":"2025-06-16T22:32:59","slug":"en-consulta-ciudadana-habitantes-de-mallin-grande-y-puerto-guadal-definen-caracteristicas-para-nuevo-subsidio-de-transporte","status":"publish","type":"post","link":"https:\/\/radiorevelacionfm.cl\/?p=55326","title":{"rendered":"En consulta ciudadana, habitantes de Mall\u00edn Grande y Puerto Guadal definen caracter\u00edsticas para nuevo subsidio de transporte"},"content":{"rendered":"<div class=\"flex_column av_one_full  flex_column_div av-zero-column-padding first  avia-builder-el-0  el_before_av_one_full  avia-builder-el-first  \" style='border-radius:0px; '><div  class='avia-image-container  av-styling-    avia-builder-el-1  avia-builder-el-no-sibling  avia-align-center '  itemprop=\"image\" itemscope=\"itemscope\" itemtype=\"https:\/\/schema.org\/ImageObject\"  ><div class='avia-image-container-inner'><div class='avia-image-overlay-wrap'><img decoding=\"async\" class='wp-image-55327 avia-img-lazy-loading-not-55327 avia_image' src=\"https:\/\/radiorevelacionfm.cl\/wp-content\/uploads\/2025\/06\/DSC_0090-3-1-1.jpg\" alt='' title='DSC_0090 (3) (1) (1)' height=\"600\" width=\"903\"  itemprop=\"thumbnailUrl\" srcset=\"https:\/\/radiorevelacionfm.cl\/wp-content\/uploads\/2025\/06\/DSC_0090-3-1-1.jpg 903w, https:\/\/radiorevelacionfm.cl\/wp-content\/uploads\/2025\/06\/DSC_0090-3-1-1-300x199.jpg 300w, https:\/\/radiorevelacionfm.cl\/wp-content\/uploads\/2025\/06\/DSC_0090-3-1-1-768x510.jpg 768w, https:\/\/radiorevelacionfm.cl\/wp-content\/uploads\/2025\/06\/DSC_0090-3-1-1-705x468.jpg 705w, https:\/\/radiorevelacionfm.cl\/wp-content\/uploads\/2025\/06\/DSC_0090-3-1-1-450x299.jpg 450w, https:\/\/radiorevelacionfm.cl\/wp-content\/uploads\/2025\/06\/DSC_0090-3-1-1-600x399.jpg 600w\" sizes=\"(max-width: 903px) 100vw, 903px\" \/><\/div><\/div><\/div><\/div><div class=\"flex_column av_one_full  flex_column_div av-zero-column-padding first  avia-builder-el-2  el_after_av_one_full  el_before_av_one_full  column-top-margin\" style='border-radius:0px; '><section class=\"av_textblock_section \"  itemscope=\"itemscope\" itemtype=\"https:\/\/schema.org\/BlogPosting\" itemprop=\"blogPost\" ><div class='avia_textblock  '   itemprop=\"text\" ><p style=\"text-align: center;\"><span style=\"font-size: 18pt;\"><b>En consulta ciudadana, habitantes de Mall\u00edn Grande y Puerto Guadal definen caracter\u00edsticas para nuevo subsidio de transporte<\/b><\/span><\/p>\n<div id=\"gtx-trans\" style=\"position: absolute; left: -50px; top: 4.31534px;\">\n<div class=\"gtx-trans-icon\"><\/div>\n<\/div>\n<\/div><\/section><\/div><div class=\"flex_column av_one_full  flex_column_div av-zero-column-padding first  avia-builder-el-4  el_after_av_one_full  el_before_av_hr  column-top-margin\" style='border-radius:0px; '><section class=\"av_textblock_section \"  itemscope=\"itemscope\" itemtype=\"https:\/\/schema.org\/BlogPosting\" itemprop=\"blogPost\" ><div class='avia_textblock  '   itemprop=\"text\" ><p style=\"font-weight: 400; text-align: justify;\"><em>En encuentros con la comunidad los vecinos pudieron manifestar sus preferencias en cuanto a horarios y frecuencias para una mejor conectividad hacia Chile Chico.<\/em><\/p>\n<p style=\"font-weight: 400; text-align: justify;\">Por requerimiento del municipio de Chile Chico, as\u00ed como de las juntas vecinales de Mall\u00edn Grande y Puerto Guadal, la seremi de Transportes y Telecomunicaciones de Ays\u00e9n realiz\u00f3 en terreno un catastro de necesidades de conectividad de ambas localidades. En esta oportunidad se abord\u00f3 en especial la conectividad hacia Chile Chico, cabecera comunal, instancia en la que vecinas y vecinos manifestaron la necesidad de un medio de transporte propio que se complemente con el actual servicio subvencionado existente desde Coyhaique a Chile Chico.<\/p>\n<p style=\"font-weight: 400; text-align: justify;\">El seremiTT Hans Zimmermann manifest\u00f3 que a trav\u00e9s del dise\u00f1o de un nuevo subsidio de transporte subvencionado en la ruta Puerto Guadal \u2013 Mall\u00edn Grande \u2013 Chile Chico se podr\u00e1 beneficiar a alrededor de 700 habitantes en ambos sectores rurales: \u201cEstos ejercicios son sumamente relevantes para construir el dise\u00f1o de estos servicios, las bases de licitaci\u00f3n y posteriormente implementar estos servicios que son tan solicitados por la comunidad el d\u00eda de hoy. El compromiso del Ministerio de Transporte y Telecomunicaciones es con reforzar la conectividad en las zonas aisladas de nuestra regi\u00f3n y en eso estamos trabajando, con una amplia convocatoria, con participaci\u00f3n de la Municipalidad de Chile Chico, en un trabajo conjunto que estamos llevando adelante para ir a atender las necesidades de conectividad de nuestros vecinos y vecinas de esta parte del Lago General Carrera\u201d.<\/p>\n<p style=\"font-weight: 400; text-align: justify;\">Desde el municipio local, el alcalde Ariel Keim apunt\u00f3 a que en Puerto Guadal una de las principales necesidades es generar un itinerario que permita ir y volver en la misma jornada, \u201centonces, complementario por supuesto a los subsidios que hoy d\u00eda ya est\u00e1n vigentes, como lo son aquellos subsidios que van desde y hacia Coyhaique, por ejemplo, esto permitir\u00eda en tener una conectividad diaria o una disponibilidad de conectividad diaria para cada uno de nuestros vecinos que requieran ir a Chile Chico, o que de Chile Chico requieran venir a Puerto Guadal, para distintas \u00edndoles o necesidades que tengan cada uno. As\u00ed que es una muy buena noticia, hoy d\u00eda se est\u00e1 dando el primer paso\u201d.<\/p>\n<p style=\"font-weight: 400; text-align: justify;\">Ambas localidades del interior de la comuna de Chile Chico valoraron la voluntad institucional para robustecer la oferta de transportes hacia la zona. Sergio Aldea, presidente de la junta de vecinos N\u00b07 de Mall\u00edn Grande explic\u00f3 que \u201choy d\u00eda tenemos unos buses que vienen de paso, desde Fachinal y el sector Furioso, que pasan por Mall\u00edn Grande los d\u00edas lunes y los d\u00edas mi\u00e9rcoles. Pero son buses de paso y a veces la gente no tiene los cupos y donde la principal raz\u00f3n del viaje de los vecinos es el tema salud, con visitas al hospital. Ahora ya est\u00e1 viendo plasmado que se est\u00e1 trabajando en el proyecto, as\u00ed que esperamos que despu\u00e9s de esta consulta ciudadana tengamos una buena respuesta y que nuestros vecinos tengan el servicio hacia Mall\u00edn Grande y Chile Chico\u201d<\/p>\n<p style=\"font-weight: 400; text-align: justify;\">Fernando Espinoza, representante de la AG Campesina de Puerto Guadal, destac\u00f3 el ejercicio de participaci\u00f3n que permitir\u00e1 abordar de mejor forma los requerimientos planteados en cada localidad consultada. \u201cCreo que es muy importante que la autoridad en s\u00ed, el Estado, se haga presente en estos lugares para que conozcan en terreno las necesidades que tenemos nosotros por ac\u00e1, que somos un pueblo muy chiquitito y necesitamos que las autoridades tomen las inquietudes de los ciudadanos que estamos ac\u00e1\u201d.<\/p>\n<p style=\"font-weight: 400; text-align: justify;\">Durante este periodo de Gobierno se han gestado otros procesos participativos destinados a generar nuevos recorridos terrestres de transporte subvencionado.\u00a0 Entre ellos se cuentan el servicio Puerto Tranquilo \u2013 Coyhaique, ya operativo desde inicios del presente mes; el servicio Puerto Chacabuco \u2013 Puerto Ays\u00e9n, pr\u00f3ximo a adjudicarse, y la ruta Villa Ma\u00f1ihuales \u2013 Coyhaique, cuyo llamado a licitaci\u00f3n se encuentra vigente.<\/p>\n<\/div><\/section><\/div><div  style='height:50px' class='hr hr-invisible   avia-builder-el-6  el_after_av_one_full  el_before_av_social_share '><span class='hr-inner ' ><span class='hr-inner-style'><\/span><\/span><\/div><\/p>\n<div  class='av-social-sharing-box  avia-builder-el-7  el_after_av_hr  el_before_av_hr  '><div class='av-share-box'><h5 class='av-share-link-description av-no-toc '>Compartir esta noticia<\/h5><ul class='av-share-box-list noLightbox'><li class='av-share-link av-social-link-facebook' ><a target=\"_blank\" aria-label=\"Compartir en Facebook\" href='https:\/\/www.facebook.com\/sharer.php?u=https:\/\/radiorevelacionfm.cl\/?p=55326&#038;t=En%20consulta%20ciudadana%2C%20habitantes%20de%20Mall%C3%ADn%20Grande%20y%20Puerto%20Guadal%20definen%20caracter%C3%ADsticas%20para%20nuevo%20subsidio%20de%20transporte' aria-hidden='false' data-av_icon='\ue8f3' data-av_iconfont='entypo-fontello' title='' data-avia-related-tooltip='Compartir en Facebook' rel=\"noopener\"><span class='avia_hidden_link_text'>Compartir en Facebook<\/span><\/a><\/li><li class='av-share-link av-social-link-twitter' ><a target=\"_blank\" aria-label=\"Compartir en Twitter\" href='https:\/\/twitter.com\/share?text=En%20consulta%20ciudadana%2C%20habitantes%20de%20Mall%C3%ADn%20Grande%20y%20Puerto%20Guadal%20definen%20caracter%C3%ADsticas%20para%20nuevo%20subsidio%20de%20transporte&#038;url=https:\/\/radiorevelacionfm.cl\/?p=55326' aria-hidden='false' data-av_icon='\ue8f1' data-av_iconfont='entypo-fontello' title='' data-avia-related-tooltip='Compartir en Twitter' rel=\"noopener\"><span class='avia_hidden_link_text'>Compartir en Twitter<\/span><\/a><\/li><li class='av-share-link av-social-link-whatsapp' ><a target=\"_blank\" aria-label=\"Compartir en Whatsapp\" href='https:\/\/api.whatsapp.com\/send?text=https:\/\/radiorevelacionfm.cl\/?p=55326' aria-hidden='false' data-av_icon='\uf232' data-av_iconfont='entypo-fontello' title='' data-avia-related-tooltip='Compartir en Whatsapp' rel=\"noopener\"><span class='avia_hidden_link_text'>Compartir en Whatsapp<\/span><\/a><\/li><li class='av-share-link av-social-link-linkedin' ><a target=\"_blank\" aria-label=\"Compartir en LinkedIn\" href='https:\/\/linkedin.com\/shareArticle?mini=true&#038;title=En%20consulta%20ciudadana%2C%20habitantes%20de%20Mall%C3%ADn%20Grande%20y%20Puerto%20Guadal%20definen%20caracter%C3%ADsticas%20para%20nuevo%20subsidio%20de%20transporte&#038;url=https:\/\/radiorevelacionfm.cl\/?p=55326' aria-hidden='false' data-av_icon='\ue8fc' data-av_iconfont='entypo-fontello' title='' data-avia-related-tooltip='Compartir en LinkedIn' rel=\"noopener\"><span class='avia_hidden_link_text'>Compartir en LinkedIn<\/span><\/a><\/li><li class='av-share-link av-social-link-mail' ><a  aria-label=\"Compartir por correo\" href='mailto:?subject=En%20consulta%20ciudadana%2C%20habitantes%20de%20Mall%C3%ADn%20Grande%20y%20Puerto%20Guadal%20definen%20caracter%C3%ADsticas%20para%20nuevo%20subsidio%20de%20transporte&#038;body=https:\/\/radiorevelacionfm.cl\/?p=55326' aria-hidden='false' data-av_icon='\ue805' data-av_iconfont='entypo-fontello' title='' data-avia-related-tooltip='Compartir por correo'><span class='avia_hidden_link_text'>Compartir por correo<\/span><\/a><\/li><\/ul><\/div><\/div>\n<div  style='height:50px' class='hr hr-invisible   avia-builder-el-8  el_after_av_social_share  el_before_av_comments_list '><span class='hr-inner ' ><span class='hr-inner-style'><\/span><\/span><\/div>\n<div  class='av-buildercomment  av-blog-meta-html-info-disabled av-blog-meta-tag-disabled  '><\/div>\n","protected":false},"excerpt":{"rendered":"","protected":false},"author":1,"featured_media":55327,"comment_status":"closed","ping_status":"closed","sticky":false,"template":"","format":"standard","meta":{"footnotes":""},"categories":[59],"tags":[],"class_list":["post-55326","post","type-post","status-publish","format-standard","has-post-thumbnail","hentry","category-transporte"],"jetpack_featured_media_url":"https:\/\/radiorevelacionfm.cl\/wp-content\/uploads\/2025\/06\/DSC_0090-3-1-1.jpg","_links":{"self":[{"href":"https:\/\/radiorevelacionfm.cl\/index.php?rest_route=\/wp\/v2\/posts\/55326","targetHints":{"allow":["GET"]}}],"collection":[{"href":"https:\/\/radiorevelacionfm.cl\/index.php?rest_route=\/wp\/v2\/posts"}],"about":[{"href":"https:\/\/radiorevelacionfm.cl\/index.php?rest_route=\/wp\/v2\/types\/post"}],"author":[{"embeddable":true,"href":"https:\/\/radiorevelacionfm.cl\/index.php?rest_route=\/wp\/v2\/users\/1"}],"replies":[{"embeddable":true,"href":"https:\/\/radiorevelacionfm.cl\/index.php?rest_route=%2Fwp%2Fv2%2Fcomments&post=55326"}],"version-history":[{"count":2,"href":"https:\/\/radiorevelacionfm.cl\/index.php?rest_route=\/wp\/v2\/posts\/55326\/revisions"}],"predecessor-version":[{"id":55329,"href":"https:\/\/radiorevelacionfm.cl\/index.php?rest_route=\/wp\/v2\/posts\/55326\/revisions\/55329"}],"wp:featuredmedia":[{"embeddable":true,"href":"https:\/\/radiorevelacionfm.cl\/index.php?rest_route=\/wp\/v2\/media\/55327"}],"wp:attachment":[{"href":"https:\/\/radiorevelacionfm.cl\/index.php?rest_route=%2Fwp%2Fv2%2Fmedia&parent=55326"}],"wp:term":[{"taxonomy":"category","embeddable":true,"href":"https:\/\/radiorevelacionfm.cl\/index.php?rest_route=%2Fwp%2Fv2%2Fcategories&post=55326"},{"taxonomy":"post_tag","embeddable":true,"href":"https:\/\/radiorevelacionfm.cl\/index.php?rest_route=%2Fwp%2Fv2%2Ftags&post=55326"}],"curies":[{"name":"wp","href":"https:\/\/api.w.org\/{rel}","templated":true}]}}