{"id":55322,"date":"2025-06-17T11:08:56","date_gmt":"2025-06-17T14:08:56","guid":{"rendered":"https:\/\/radiorevelacionfm.cl\/?p=55322"},"modified":"2025-06-17T11:08:56","modified_gmt":"2025-06-17T14:08:56","slug":"diputada-marcia-raphael-pide-al-ministro-de-bienes-nacionales-medidas-frente-al-aumento-de-los-arriendos-de-inmuebles-fiscales-en-aysen","status":"publish","type":"post","link":"https:\/\/radiorevelacionfm.cl\/?p=55322","title":{"rendered":"Diputada Marcia Raphael pide al ministro de Bienes Nacionales medidas frente al aumento de los arriendos de inmuebles fiscales en Ays\u00e9n"},"content":{"rendered":"<div class=\"flex_column av_one_full  flex_column_div av-zero-column-padding first  avia-builder-el-0  el_before_av_one_full  avia-builder-el-first  \" style='border-radius:0px; '><div  class='avia-image-container  av-styling-    avia-builder-el-1  avia-builder-el-no-sibling  avia-align-center '  itemprop=\"image\" itemscope=\"itemscope\" itemtype=\"https:\/\/schema.org\/ImageObject\"  ><div class='avia-image-container-inner'><div class='avia-image-overlay-wrap'><img decoding=\"async\" class='wp-image-55323 avia-img-lazy-loading-not-55323 avia_image' src=\"https:\/\/radiorevelacionfm.cl\/wp-content\/uploads\/2025\/06\/Foto-con-ministro-bbnn-1-1.jpeg\" alt='' title='Foto con ministro bbnn (1) (1)' height=\"600\" width=\"800\"  itemprop=\"thumbnailUrl\" srcset=\"https:\/\/radiorevelacionfm.cl\/wp-content\/uploads\/2025\/06\/Foto-con-ministro-bbnn-1-1.jpeg 800w, https:\/\/radiorevelacionfm.cl\/wp-content\/uploads\/2025\/06\/Foto-con-ministro-bbnn-1-1-300x225.jpeg 300w, https:\/\/radiorevelacionfm.cl\/wp-content\/uploads\/2025\/06\/Foto-con-ministro-bbnn-1-1-768x576.jpeg 768w, https:\/\/radiorevelacionfm.cl\/wp-content\/uploads\/2025\/06\/Foto-con-ministro-bbnn-1-1-705x529.jpeg 705w, https:\/\/radiorevelacionfm.cl\/wp-content\/uploads\/2025\/06\/Foto-con-ministro-bbnn-1-1-450x338.jpeg 450w, https:\/\/radiorevelacionfm.cl\/wp-content\/uploads\/2025\/06\/Foto-con-ministro-bbnn-1-1-600x450.jpeg 600w\" sizes=\"(max-width: 800px) 100vw, 800px\" \/><\/div><\/div><\/div><\/div><div class=\"flex_column av_one_full  flex_column_div av-zero-column-padding first  avia-builder-el-2  el_after_av_one_full  el_before_av_one_full  column-top-margin\" style='border-radius:0px; '><section class=\"av_textblock_section \"  itemscope=\"itemscope\" itemtype=\"https:\/\/schema.org\/BlogPosting\" itemprop=\"blogPost\" ><div class='avia_textblock  '   itemprop=\"text\" ><p style=\"text-align: center;\"><span style=\"font-size: 18pt;\"><strong>Diputada Marcia Raphael pide al ministro de Bienes Nacionales medidas frente al aumento de los arriendos de inmuebles fiscales en Ays\u00e9n<\/strong><\/span><\/p>\n<div id=\"gtx-trans\" style=\"position: absolute; left: -50px; top: 4.31534px;\">\n<div class=\"gtx-trans-icon\"><\/div>\n<\/div>\n<\/div><\/section><\/div><div class=\"flex_column av_one_full  flex_column_div av-zero-column-padding first  avia-builder-el-4  el_after_av_one_full  el_before_av_hr  column-top-margin\" style='border-radius:0px; '><section class=\"av_textblock_section \"  itemscope=\"itemscope\" itemtype=\"https:\/\/schema.org\/BlogPosting\" itemprop=\"blogPost\" ><div class='avia_textblock  '   itemprop=\"text\" ><p style=\"text-align: justify;\">En el contexto del sostenido aumento en los valores del mercado del suelo en la regi\u00f3n de Ays\u00e9n, la diputada Marcia Raphael se reuni\u00f3\u00a0con el ministro de Bienes Nacionales, Francisco Figueroa, para abordar la problem\u00e1tica del incremento en los arriendos de inmuebles fiscales. Esta situaci\u00f3n ha generado serias dificultades para los campesinos, quienes dependen de estos terrenos para el desarrollo de sus actividades productivas.<\/p>\n<p style=\"text-align: justify;\">Durante el encuentro, la diputada Raphael expuso las dificultades que enfrentan los arrendatarios de campos fiscales ante los altos costos de arriendo, que a menudo no son compatibles con la baja productividad y dificultades de acceso de los terrenos. \u201cNos reunimos con el ministro le hicimos saber las dificultades que tienen los campesinos de la regi\u00f3n de Ays\u00e9n respecto a los campos que tienen y el alto valor del arriendo que fija el Estado\u201d destac\u00f3 Raphael, subrayando la urgencia de buscar soluciones que permitan mejorar las condiciones de vida de quienes habitan y trabajan en estas tierras.<\/p>\n<p style=\"text-align: justify;\">La parlamentaria enfatiz\u00f3 \u201cla necesidad de establecer un marco que contemple una reducci\u00f3n significativa en los costos de arriendo, dada la dificultad de acceso que tienen y su baja productividad; no tiene ninguna relaci\u00f3n con el valor de los arriendos\u201d. Esta disparidad ha llevado a que muchos campesinos vivan en condiciones precarias, dificultando su capacidad para trabajar la tierra, que finalmente se traduce en ver c\u00f3mo a fin de mes logran pagar tan alto costo.<\/p>\n<p style=\"text-align: justify;\">Entre las alternativas discutidas, se mencion\u00f3 un programa reciente lanzado por INDAP que podr\u00eda facilitar a los arrendatarios obtener una reducci\u00f3n de hasta el 50% en el costo del arriendo fiscal. El ministro Figueroa se comprometi\u00f3 a brindar celeridad a esta medida y a explorar otras opciones, como la entrega gratuita de t\u00edtulos de propiedad, lo que representar\u00eda un avance fundamental para aquellos que han habitado hist\u00f3ricamente estos terrenos.<\/p>\n<p style=\"text-align: justify;\">Francisco Figueroa, adem\u00e1s, expres\u00f3 su disposici\u00f3n a colaborar en este proceso, afirmando: \u201cEstuvimos con la diputada Marcia Raphael, analizando la situaci\u00f3n de los arrendatarios de predios fiscales en la regi\u00f3n de Ays\u00e9n. Ellos muchas veces hacen patria, desarrollan actividades s\u00faper relevantes para su regi\u00f3n y para su familia, y se enfrentan a obst\u00e1culos como el alto precio que tiene hoy d\u00eda la tierra en nuestro pa\u00eds\u201d.<\/p>\n<p style=\"text-align: justify;\">El ministro tambi\u00e9n mencion\u00f3 que, en conjunto con INDAP, ya se han implementado algunas medidas orientadas a reducir los precios de arriendo y que se est\u00e1n evaluando situaciones espec\u00edficas que podr\u00edan requerir pol\u00edticas excepcionales para atender a casos extremos donde los costos actuales resultan insostenibles para los campesinos.<\/p>\n<p style=\"text-align: justify;\">Este encuentro se desarroll\u00f3 con el objetivo de encontrar soluciones efectivas que contribuyan al bienestar de las familias y la productividad en la regi\u00f3n de Ays\u00e9n.<\/p>\n<\/div><\/section><\/div><div  style='height:50px' class='hr hr-invisible   avia-builder-el-6  el_after_av_one_full  el_before_av_social_share '><span class='hr-inner ' ><span class='hr-inner-style'><\/span><\/span><\/div><\/p>\n<div  class='av-social-sharing-box  avia-builder-el-7  el_after_av_hr  el_before_av_hr  '><div class='av-share-box'><h5 class='av-share-link-description av-no-toc '>Compartir esta noticia<\/h5><ul class='av-share-box-list noLightbox'><li class='av-share-link av-social-link-facebook' ><a target=\"_blank\" aria-label=\"Compartir en Facebook\" href='https:\/\/www.facebook.com\/sharer.php?u=https:\/\/radiorevelacionfm.cl\/?p=55322&#038;t=Diputada%20Marcia%20Raphael%20pide%20al%20ministro%20de%20Bienes%20Nacionales%20medidas%20frente%20al%20aumento%20de%20los%20arriendos%20de%20inmuebles%20fiscales%20en%20Ays%C3%A9n' aria-hidden='false' data-av_icon='\ue8f3' data-av_iconfont='entypo-fontello' title='' data-avia-related-tooltip='Compartir en Facebook' rel=\"noopener\"><span class='avia_hidden_link_text'>Compartir en Facebook<\/span><\/a><\/li><li class='av-share-link av-social-link-twitter' ><a target=\"_blank\" aria-label=\"Compartir en Twitter\" href='https:\/\/twitter.com\/share?text=Diputada%20Marcia%20Raphael%20pide%20al%20ministro%20de%20Bienes%20Nacionales%20medidas%20frente%20al%20aumento%20de%20los%20arriendos%20de%20inmuebles%20fiscales%20en%20Ays%C3%A9n&#038;url=https:\/\/radiorevelacionfm.cl\/?p=55322' aria-hidden='false' data-av_icon='\ue8f1' data-av_iconfont='entypo-fontello' title='' data-avia-related-tooltip='Compartir en Twitter' rel=\"noopener\"><span class='avia_hidden_link_text'>Compartir en Twitter<\/span><\/a><\/li><li class='av-share-link av-social-link-whatsapp' ><a target=\"_blank\" aria-label=\"Compartir en Whatsapp\" href='https:\/\/api.whatsapp.com\/send?text=https:\/\/radiorevelacionfm.cl\/?p=55322' aria-hidden='false' data-av_icon='\uf232' data-av_iconfont='entypo-fontello' title='' data-avia-related-tooltip='Compartir en Whatsapp' rel=\"noopener\"><span class='avia_hidden_link_text'>Compartir en Whatsapp<\/span><\/a><\/li><li class='av-share-link av-social-link-linkedin' ><a target=\"_blank\" aria-label=\"Compartir en LinkedIn\" href='https:\/\/linkedin.com\/shareArticle?mini=true&#038;title=Diputada%20Marcia%20Raphael%20pide%20al%20ministro%20de%20Bienes%20Nacionales%20medidas%20frente%20al%20aumento%20de%20los%20arriendos%20de%20inmuebles%20fiscales%20en%20Ays%C3%A9n&#038;url=https:\/\/radiorevelacionfm.cl\/?p=55322' aria-hidden='false' data-av_icon='\ue8fc' data-av_iconfont='entypo-fontello' title='' data-avia-related-tooltip='Compartir en LinkedIn' rel=\"noopener\"><span class='avia_hidden_link_text'>Compartir en LinkedIn<\/span><\/a><\/li><li class='av-share-link av-social-link-mail' ><a  aria-label=\"Compartir por correo\" href='mailto:?subject=Diputada%20Marcia%20Raphael%20pide%20al%20ministro%20de%20Bienes%20Nacionales%20medidas%20frente%20al%20aumento%20de%20los%20arriendos%20de%20inmuebles%20fiscales%20en%20Ays%C3%A9n&#038;body=https:\/\/radiorevelacionfm.cl\/?p=55322' aria-hidden='false' data-av_icon='\ue805' data-av_iconfont='entypo-fontello' title='' data-avia-related-tooltip='Compartir por correo'><span class='avia_hidden_link_text'>Compartir por correo<\/span><\/a><\/li><\/ul><\/div><\/div>\n<div  style='height:50px' class='hr hr-invisible   avia-builder-el-8  el_after_av_social_share  el_before_av_comments_list '><span class='hr-inner ' ><span class='hr-inner-style'><\/span><\/span><\/div>\n<div  class='av-buildercomment  av-blog-meta-html-info-disabled av-blog-meta-tag-disabled  '><\/div>\n","protected":false},"excerpt":{"rendered":"","protected":false},"author":1,"featured_media":55323,"comment_status":"closed","ping_status":"closed","sticky":false,"template":"","format":"standard","meta":{"footnotes":""},"categories":[35],"tags":[],"class_list":["post-55322","post","type-post","status-publish","format-standard","has-post-thumbnail","hentry","category-politica"],"jetpack_featured_media_url":"https:\/\/radiorevelacionfm.cl\/wp-content\/uploads\/2025\/06\/Foto-con-ministro-bbnn-1-1.jpeg","_links":{"self":[{"href":"https:\/\/radiorevelacionfm.cl\/index.php?rest_route=\/wp\/v2\/posts\/55322","targetHints":{"allow":["GET"]}}],"collection":[{"href":"https:\/\/radiorevelacionfm.cl\/index.php?rest_route=\/wp\/v2\/posts"}],"about":[{"href":"https:\/\/radiorevelacionfm.cl\/index.php?rest_route=\/wp\/v2\/types\/post"}],"author":[{"embeddable":true,"href":"https:\/\/radiorevelacionfm.cl\/index.php?rest_route=\/wp\/v2\/users\/1"}],"replies":[{"embeddable":true,"href":"https:\/\/radiorevelacionfm.cl\/index.php?rest_route=%2Fwp%2Fv2%2Fcomments&post=55322"}],"version-history":[{"count":2,"href":"https:\/\/radiorevelacionfm.cl\/index.php?rest_route=\/wp\/v2\/posts\/55322\/revisions"}],"predecessor-version":[{"id":55345,"href":"https:\/\/radiorevelacionfm.cl\/index.php?rest_route=\/wp\/v2\/posts\/55322\/revisions\/55345"}],"wp:featuredmedia":[{"embeddable":true,"href":"https:\/\/radiorevelacionfm.cl\/index.php?rest_route=\/wp\/v2\/media\/55323"}],"wp:attachment":[{"href":"https:\/\/radiorevelacionfm.cl\/index.php?rest_route=%2Fwp%2Fv2%2Fmedia&parent=55322"}],"wp:term":[{"taxonomy":"category","embeddable":true,"href":"https:\/\/radiorevelacionfm.cl\/index.php?rest_route=%2Fwp%2Fv2%2Fcategories&post=55322"},{"taxonomy":"post_tag","embeddable":true,"href":"https:\/\/radiorevelacionfm.cl\/index.php?rest_route=%2Fwp%2Fv2%2Ftags&post=55322"}],"curies":[{"name":"wp","href":"https:\/\/api.w.org\/{rel}","templated":true}]}}