{"id":5532,"date":"2021-06-23T10:26:49","date_gmt":"2021-06-23T13:26:49","guid":{"rendered":"https:\/\/radiorevelacionfm.cl\/?p=5532"},"modified":"2021-06-23T10:26:49","modified_gmt":"2021-06-23T13:26:49","slug":"empresa-de-aysen-participa-en-reconocida-feria-en-londres-sobre-moda-y-textiles-sustentables","status":"publish","type":"post","link":"https:\/\/radiorevelacionfm.cl\/?p=5532","title":{"rendered":"Empresa de Ays\u00e9n participa en reconocida Feria en Londres sobre moda y textiles sustentables"},"content":{"rendered":"<div class=\"flex_column av_one_full  flex_column_div av-zero-column-padding first  avia-builder-el-0  el_before_av_one_full  avia-builder-el-first  \" style='border-radius:0px; '><div  class='avia-image-container  av-styling-    avia-builder-el-1  avia-builder-el-no-sibling  avia-align-center '  itemprop=\"image\" itemscope=\"itemscope\" itemtype=\"https:\/\/schema.org\/ImageObject\"  ><div class='avia-image-container-inner'><div class='avia-image-overlay-wrap'><img decoding=\"async\" class='wp-image-0 avia-img-lazy-loading-not-0 avia_image' src=\"https:\/\/radiorevelacionfm.cl\/wp-content\/uploads\/2021\/06\/fw-londres-1_optimized.jpg\" alt='' title=''   itemprop=\"thumbnailUrl\"  \/><\/div><\/div><\/div><\/div><div class=\"flex_column av_one_full  flex_column_div av-zero-column-padding first  avia-builder-el-2  el_after_av_one_full  el_before_av_one_full  column-top-margin\" style='border-radius:0px; '><section class=\"av_textblock_section \"  itemscope=\"itemscope\" itemtype=\"https:\/\/schema.org\/BlogPosting\" itemprop=\"blogPost\" ><div class='avia_textblock  '   itemprop=\"text\" ><p style=\"text-align: center;\"><strong><span style=\"font-size: 18pt;\">Empresa de Ays\u00e9n participa en reconocida Feria en Londres sobre moda y textiles sustentables<\/span><\/strong><\/p>\n<div id=\"gtx-trans\" style=\"position: absolute; left: -50px; top: 4.31534px;\">\n<div class=\"gtx-trans-icon\"><\/div>\n<\/div>\n<\/div><\/section><\/div><div class=\"flex_column av_one_full  flex_column_div av-zero-column-padding first  avia-builder-el-4  el_after_av_one_full  el_before_av_hr  column-top-margin\" style='border-radius:0px; '><section class=\"av_textblock_section \"  itemscope=\"itemscope\" itemtype=\"https:\/\/schema.org\/BlogPosting\" itemprop=\"blogPost\" ><div class='avia_textblock  '   itemprop=\"text\" ><p style=\"font-weight: 400; text-align: justify;\">La empresa regional Friendly Wool participar\u00e1 en\u00a0<a href=\"https:\/\/www.futurefabricsvirtualexpo.com\/events\" data-saferedirecturl=\"https:\/\/www.google.com\/url?q=https:\/\/www.futurefabricsvirtualexpo.com\/events&amp;source=gmail&amp;ust=1624483422701000&amp;usg=AFQjCNECF9nZSuu7cSOB5F3kAYKLTpNoaw\">Future Fabrics Expo 9\u00bd<\/a>, feria internacional que se desarrolla en Londres\u00a0y\u00a0que se ha convertido en el escaparate m\u00e1s grande de telas y materiales de todo el mundo disponibles comercialmente, y que se dedica a la soluci\u00f3n de insumos innovadores y sostenibles para la industria de la moda.<\/p>\n<p style=\"font-weight: 400; text-align: justify;\">Future Fabrics Expo 9\u00bd\u00a0es un destino clave de abastecimiento sustentable para dise\u00f1adores y marcas, que ofrece una exhibici\u00f3n presencial de miles de materiales, conocimiento de sustentabilidad, informaci\u00f3n de proveedores, consejos y eventos de networking. La exposici\u00f3n presenta m\u00e1s de cinco mil telas y materiales disponibles comercialmente de m\u00e1s de 150 proveedores que ofrecen soluciones innovadoras con un bajo impacto ambiental.<\/p>\n<p style=\"font-weight: 400; text-align: justify;\">Paulina Retamal, una de las socias fundadoras de\u00a0<a href=\"https:\/\/www.friendlywool.com\/\" data-saferedirecturl=\"https:\/\/www.google.com\/url?q=https:\/\/www.friendlywool.com\/&amp;source=gmail&amp;ust=1624483422701000&amp;usg=AFQjCNGauR9B3OcoHbQ23_AFdJlOss6TWg\">Friendly Wool<\/a>, empresa regional que se dedica a la producci\u00f3n e hilado de lana natural de ovejas criadas en la regi\u00f3n, y que han ganado diferentes fondos a trav\u00e9s de Corfo y ProChile, explic\u00f3 que \u201cgracias a nuestra certificaci\u00f3n internacional Wildlife Friendly, se nos mencion\u00f3 como una alternativa para exponer nuestros productos. Despu\u00e9s de reuniones con los organizadores fuimos invitadas formalmente a participar. Enviamos muestras de nuestro trabajo, las que se encuentran en Londres desde el 3 de junio. Estamos felices ya que este es un paso m\u00e1s en llevar a nuevos mercados internacionales un producto de calidad premium y con certificaci\u00f3n de trazabilidad \u00fanica en Chile. Llevamos lana desde nuestra Regi\u00f3n de Ays\u00e9n al mundo\u201d.<\/p>\n<p style=\"font-weight: 400; text-align: justify;\"><a href=\"https:\/\/www.instagram.com\/friendly_wool\/\" data-saferedirecturl=\"https:\/\/www.google.com\/url?q=https:\/\/www.instagram.com\/friendly_wool\/&amp;source=gmail&amp;ust=1624483422701000&amp;usg=AFQjCNFUuqitVItP-RDf_T1o44YgD2wgqw\">Friendly Wool<\/a>\u00a0es una empresa regional tiene como prop\u00f3sito potenciar a la lana de la Patagonia chilena, agregando el valor de la producci\u00f3n amigable con el medio ambiente, asegurando la sustentabilidad de la producci\u00f3n y medio ambiente con sello de trazabilidad local, criterios que les ha permitido ser reconocidas con la certificaci\u00f3n internacional\u00a0<a href=\"https:\/\/wildlifefriendly.org\/\" data-saferedirecturl=\"https:\/\/www.google.com\/url?q=https:\/\/wildlifefriendly.org\/&amp;source=gmail&amp;ust=1624483422701000&amp;usg=AFQjCNGDx76chnAKTiT0Am9_71PCCESBaw\">Wildlife Friendly<\/a>, pues sus productos no contienen agentes contaminantes ni industrializados. Promueven el respeto por el medioambiente, la protecci\u00f3n de la fauna nativa, las buenas pr\u00e1cticas ganaderas y de cuidado animal, el comercio justo y la puesta en valor de tradiciones y t\u00e9cnicas ancestrales.<\/p>\n<p style=\"font-weight: 400; text-align: justify;\">La empresa ha sido apoyada por Corfo en dos oportunidades. En el a\u00f1o 2018, a trav\u00e9s del Programa Regional de Apoyo al Emprendimiento pudieron realizar, entre otras cosas, prospecci\u00f3n comercial. Este a\u00f1o, a trav\u00e9s del Programa PAR Impulsa Empresarias, pudieron inyectar recursos y comprar equipamiento para continuar con el desarrollo y ventas de la empresa.<\/p>\n<p style=\"font-weight: 400; text-align: justify;\"><strong>FUTURE FABRICS EXPO<\/strong><\/p>\n<p style=\"font-weight: 400; text-align: justify;\"><a href=\"https:\/\/thesustainableangle.org\/\" data-saferedirecturl=\"https:\/\/www.google.com\/url?q=https:\/\/thesustainableangle.org\/&amp;source=gmail&amp;ust=1624483422701000&amp;usg=AFQjCNFk6h0ujwGr4o8o24GxYJHSriZ0Zw\">The Sustainable Angle<\/a>\u00a0es una organizaci\u00f3n sin fines de lucro y fundadores de\u00a0<a href=\"https:\/\/www.futurefabricsvirtualexpo.com\/events\" data-saferedirecturl=\"https:\/\/www.google.com\/url?q=https:\/\/www.futurefabricsvirtualexpo.com\/events&amp;source=gmail&amp;ust=1624483422701000&amp;usg=AFQjCNECF9nZSuu7cSOB5F3kAYKLTpNoaw\">Future Fabrics Expo<\/a>, plataforma de b\u00fasqueda y abastecimiento en l\u00ednea que tiene como objetivo presentar una amplia gama de textiles sostenibles a compradores y dise\u00f1adores de telas, a f\u00e1bricas y proveedores internacionales, permitiendo el contacto directo con sus fabricantes. Los tejidos se pueden buscar por categor\u00edas, desde el tipo de fibra y el precio, hasta la certificaci\u00f3n y la procedencia, permitiendo una visi\u00f3n diversa de telas sostenibles de alta calidad, desde mezclilla de algod\u00f3n org\u00e1nico, celulosa sint\u00e9tica, lana de bajo impacto y sedas sostenibles, hasta mezclas de lino y algod\u00f3n org\u00e1nico, cuero de bajo impacto y calidades de algod\u00f3n org\u00e1nico tejido y de punto.\u00a0Este trabajo es respaldado por el\u00a0<a href=\"https:\/\/www.kering.com\/en\/\" data-saferedirecturl=\"https:\/\/www.google.com\/url?q=https:\/\/www.kering.com\/en\/&amp;source=gmail&amp;ust=1624483422701000&amp;usg=AFQjCNEDuIZLrZnBivW0ZGfd8rguwHy81Q\">Grupo Kering<\/a>, que est\u00e1 detr\u00e1s de firmas tan reconocidas como Gucci, Saint Laurent, Bottega Veneta, Balenciaga, Alexander McQueen, Brioni, Boucheron, Pomellato, Dodo, Qeelin, Ulysse. Nardin, Girard-Perregaux y Kering Eyewear.<\/p>\n<\/div><\/section><\/div><div  style='height:50px' class='hr hr-invisible   avia-builder-el-6  el_after_av_one_full  el_before_av_social_share '><span class='hr-inner ' ><span class='hr-inner-style'><\/span><\/span><\/div><\/p>\n<div  class='av-social-sharing-box  avia-builder-el-7  el_after_av_hr  el_before_av_hr  '><div class='av-share-box'><h5 class='av-share-link-description av-no-toc '>Compartir esta noticia<\/h5><ul class='av-share-box-list noLightbox'><li class='av-share-link av-social-link-facebook' ><a target=\"_blank\" aria-label=\"Compartir en Facebook\" href='https:\/\/www.facebook.com\/sharer.php?u=https:\/\/radiorevelacionfm.cl\/?p=5532&#038;t=Empresa%20de%20Ays%C3%A9n%20participa%20en%20reconocida%20Feria%20en%20Londres%20sobre%20moda%20y%20textiles%20sustentables' aria-hidden='false' data-av_icon='\ue8f3' data-av_iconfont='entypo-fontello' title='' data-avia-related-tooltip='Compartir en Facebook' rel=\"noopener\"><span class='avia_hidden_link_text'>Compartir en Facebook<\/span><\/a><\/li><li class='av-share-link av-social-link-twitter' ><a target=\"_blank\" aria-label=\"Compartir en Twitter\" href='https:\/\/twitter.com\/share?text=Empresa%20de%20Ays%C3%A9n%20participa%20en%20reconocida%20Feria%20en%20Londres%20sobre%20moda%20y%20textiles%20sustentables&#038;url=https:\/\/radiorevelacionfm.cl\/?p=5532' aria-hidden='false' data-av_icon='\ue8f1' data-av_iconfont='entypo-fontello' title='' data-avia-related-tooltip='Compartir en Twitter' rel=\"noopener\"><span class='avia_hidden_link_text'>Compartir en Twitter<\/span><\/a><\/li><li class='av-share-link av-social-link-whatsapp' ><a target=\"_blank\" aria-label=\"Compartir en Whatsapp\" href='https:\/\/api.whatsapp.com\/send?text=https:\/\/radiorevelacionfm.cl\/?p=5532' aria-hidden='false' data-av_icon='\uf232' data-av_iconfont='entypo-fontello' title='' data-avia-related-tooltip='Compartir en Whatsapp' rel=\"noopener\"><span class='avia_hidden_link_text'>Compartir en Whatsapp<\/span><\/a><\/li><li class='av-share-link av-social-link-linkedin' ><a target=\"_blank\" aria-label=\"Compartir en LinkedIn\" href='https:\/\/linkedin.com\/shareArticle?mini=true&#038;title=Empresa%20de%20Ays%C3%A9n%20participa%20en%20reconocida%20Feria%20en%20Londres%20sobre%20moda%20y%20textiles%20sustentables&#038;url=https:\/\/radiorevelacionfm.cl\/?p=5532' aria-hidden='false' data-av_icon='\ue8fc' data-av_iconfont='entypo-fontello' title='' data-avia-related-tooltip='Compartir en LinkedIn' rel=\"noopener\"><span class='avia_hidden_link_text'>Compartir en LinkedIn<\/span><\/a><\/li><li class='av-share-link av-social-link-mail' ><a  aria-label=\"Compartir por correo\" href='mailto:?subject=Empresa%20de%20Ays%C3%A9n%20participa%20en%20reconocida%20Feria%20en%20Londres%20sobre%20moda%20y%20textiles%20sustentables&#038;body=https:\/\/radiorevelacionfm.cl\/?p=5532' aria-hidden='false' data-av_icon='\ue805' data-av_iconfont='entypo-fontello' title='' data-avia-related-tooltip='Compartir por correo'><span class='avia_hidden_link_text'>Compartir por correo<\/span><\/a><\/li><\/ul><\/div><\/div>\n<div  style='height:50px' class='hr hr-invisible   avia-builder-el-8  el_after_av_social_share  el_before_av_comments_list '><span class='hr-inner ' ><span class='hr-inner-style'><\/span><\/span><\/div>\n<div  class='av-buildercomment  av-blog-meta-html-info-disabled av-blog-meta-tag-disabled  '><\/div>\n","protected":false},"excerpt":{"rendered":"","protected":false},"author":1,"featured_media":0,"comment_status":"open","ping_status":"open","sticky":false,"template":"","format":"standard","meta":{"footnotes":""},"categories":[45],"tags":[],"class_list":["post-5532","post","type-post","status-publish","format-standard","hentry","category-comercio"],"jetpack_featured_media_url":"","_links":{"self":[{"href":"https:\/\/radiorevelacionfm.cl\/index.php?rest_route=\/wp\/v2\/posts\/5532","targetHints":{"allow":["GET"]}}],"collection":[{"href":"https:\/\/radiorevelacionfm.cl\/index.php?rest_route=\/wp\/v2\/posts"}],"about":[{"href":"https:\/\/radiorevelacionfm.cl\/index.php?rest_route=\/wp\/v2\/types\/post"}],"author":[{"embeddable":true,"href":"https:\/\/radiorevelacionfm.cl\/index.php?rest_route=\/wp\/v2\/users\/1"}],"replies":[{"embeddable":true,"href":"https:\/\/radiorevelacionfm.cl\/index.php?rest_route=%2Fwp%2Fv2%2Fcomments&post=5532"}],"version-history":[{"count":1,"href":"https:\/\/radiorevelacionfm.cl\/index.php?rest_route=\/wp\/v2\/posts\/5532\/revisions"}],"predecessor-version":[{"id":5534,"href":"https:\/\/radiorevelacionfm.cl\/index.php?rest_route=\/wp\/v2\/posts\/5532\/revisions\/5534"}],"wp:attachment":[{"href":"https:\/\/radiorevelacionfm.cl\/index.php?rest_route=%2Fwp%2Fv2%2Fmedia&parent=5532"}],"wp:term":[{"taxonomy":"category","embeddable":true,"href":"https:\/\/radiorevelacionfm.cl\/index.php?rest_route=%2Fwp%2Fv2%2Fcategories&post=5532"},{"taxonomy":"post_tag","embeddable":true,"href":"https:\/\/radiorevelacionfm.cl\/index.php?rest_route=%2Fwp%2Fv2%2Ftags&post=5532"}],"curies":[{"name":"wp","href":"https:\/\/api.w.org\/{rel}","templated":true}]}}