{"id":55318,"date":"2025-06-16T18:08:26","date_gmt":"2025-06-16T21:08:26","guid":{"rendered":"https:\/\/radiorevelacionfm.cl\/?p=55318"},"modified":"2025-06-16T18:08:26","modified_gmt":"2025-06-16T21:08:26","slug":"se-inicio-juicio-oral-por-homicidio-ocurrido-en-salon-de-eventos-de-coyhaique","status":"publish","type":"post","link":"https:\/\/radiorevelacionfm.cl\/?p=55318","title":{"rendered":"Se inici\u00f3 juicio oral por homicidio ocurrido en sal\u00f3n de eventos de Coyhaique"},"content":{"rendered":"<div class=\"flex_column av_one_full  flex_column_div av-zero-column-padding first  avia-builder-el-0  el_before_av_one_full  avia-builder-el-first  \" style='border-radius:0px; '><div  class='avia-image-container  av-styling-    avia-builder-el-1  avia-builder-el-no-sibling  avia-align-center '  itemprop=\"image\" itemscope=\"itemscope\" itemtype=\"https:\/\/schema.org\/ImageObject\"  ><div class='avia-image-container-inner'><div class='avia-image-overlay-wrap'><img decoding=\"async\" class='wp-image-55319 avia-img-lazy-loading-not-55319 avia_image' src=\"https:\/\/radiorevelacionfm.cl\/wp-content\/uploads\/2025\/06\/1-2025-06-16t174734_optimized.655-1.jpg\" alt='' title='1---2025-06-16t174734_optimized.655-(1)' height=\"600\" width=\"900\"  itemprop=\"thumbnailUrl\" srcset=\"https:\/\/radiorevelacionfm.cl\/wp-content\/uploads\/2025\/06\/1-2025-06-16t174734_optimized.655-1.jpg 900w, https:\/\/radiorevelacionfm.cl\/wp-content\/uploads\/2025\/06\/1-2025-06-16t174734_optimized.655-1-300x200.jpg 300w, https:\/\/radiorevelacionfm.cl\/wp-content\/uploads\/2025\/06\/1-2025-06-16t174734_optimized.655-1-768x512.jpg 768w, https:\/\/radiorevelacionfm.cl\/wp-content\/uploads\/2025\/06\/1-2025-06-16t174734_optimized.655-1-705x470.jpg 705w, https:\/\/radiorevelacionfm.cl\/wp-content\/uploads\/2025\/06\/1-2025-06-16t174734_optimized.655-1-450x300.jpg 450w, https:\/\/radiorevelacionfm.cl\/wp-content\/uploads\/2025\/06\/1-2025-06-16t174734_optimized.655-1-600x400.jpg 600w\" sizes=\"(max-width: 900px) 100vw, 900px\" \/><\/div><\/div><\/div><\/div><div class=\"flex_column av_one_full  flex_column_div av-zero-column-padding first  avia-builder-el-2  el_after_av_one_full  el_before_av_one_full  column-top-margin\" style='border-radius:0px; '><section class=\"av_textblock_section \"  itemscope=\"itemscope\" itemtype=\"https:\/\/schema.org\/BlogPosting\" itemprop=\"blogPost\" ><div class='avia_textblock  '   itemprop=\"text\" ><p style=\"text-align: center;\"><span style=\"font-size: 18pt;\"><b><span lang=\"ES\">Se inici\u00f3 juicio oral por homicidio ocurrido en sal\u00f3n de eventos de Coyhaique<\/span><\/b><\/span><\/p>\n<div id=\"gtx-trans\" style=\"position: absolute; left: -50px; top: 4.31534px;\">\n<div class=\"gtx-trans-icon\"><\/div>\n<\/div>\n<\/div><\/section><\/div><div class=\"flex_column av_one_full  flex_column_div av-zero-column-padding first  avia-builder-el-4  el_after_av_one_full  el_before_av_hr  column-top-margin\" style='border-radius:0px; '><section class=\"av_textblock_section \"  itemscope=\"itemscope\" itemtype=\"https:\/\/schema.org\/BlogPosting\" itemprop=\"blogPost\" ><div class='avia_textblock  '   itemprop=\"text\" ><p class=\"v1MsoNormal\" style=\"text-align: justify;\"><i><span lang=\"ES\">La Fiscal\u00eda est\u00e1 en condiciones de presentar m\u00e1s de 7 testigos y peritos, sumado a otros 26 medios de pruebas recabados en la investigaci\u00f3n conjunta de la Fiscal\u00eda Local de Coyhaique y la Brigada de Homicidios y el Laboratorio de Criminal\u00edstica de la PDI.<\/span><\/i><\/p>\n<p class=\"v1MsoNormal\" style=\"text-align: justify;\"><span lang=\"ES\">\u00a0<\/span><span lang=\"ES\">Este lunes se inici\u00f3 el juicio oral en contra de dos imputados de 33 y 43 a\u00f1os, ambos actualmente recluidos en el Centro de Cumplimiento Penitenciario de Coyhaique, por el delito de homicidio calificado. La v\u00edctima recibi\u00f3 27 pu\u00f1aladas y falleci\u00f3 por un shock hemorr\u00e1gico a consecuencia de las m\u00faltiples heridas cortantes.<\/span><\/p>\n<p class=\"v1MsoNormal\" style=\"text-align: justify;\"><span lang=\"ES\">Seg\u00fan expuso en los alegatos de apertura del juicio oral el fiscal adjunto (s), Mat\u00edas Manzano, los hechos son constitutivos del delito de homicidio calificado, por alevos\u00eda, en tanto que la pena solicitada para ambos imputados es de presidio perpetuo.<\/span><\/p>\n<p class=\"v1MsoNormal\" style=\"text-align: justify;\"><span lang=\"ES\">\u00a0<\/span><\/p>\n<p class=\"v1MsoNormal\" style=\"text-align: justify;\"><span lang=\"ES\">HECHOS<\/span><\/p>\n<p class=\"v1MsoNormal\" style=\"text-align: justify;\"><span lang=\"ES\">De acuerdo a la acusaci\u00f3n efectuada por la Fiscal\u00eda, el 4 de mayo de 2024, alrededor de las 02:30 horas, los imputados se encontraban\u00a0compartiendo bebidas alcoh\u00f3licas al interior de un sal\u00f3n de eventos\u00a0ubicado en avenida Baquedano de Coyhaique.<\/span><\/p>\n<p class=\"v1MsoNormal\" style=\"text-align: justify;\"><span lang=\"ES\">En el mismo\u00a0lugar, en la mesa contigua, se encontraba la v\u00edctima, quien comenz\u00f3 a realizar gestos obscenos y a insultar a los imputados. En dichas circunstancias uno de los imputados se par\u00f3 de su asiento, sac\u00f3 un\u00a0cuchillo que portaba al cinto y atac\u00f3 a la v\u00edctima, quien retrocedi\u00f3.<\/span><\/p>\n<p class=\"v1MsoNormal\" style=\"text-align: justify;\"><span lang=\"ES\">El segundo\u00a0\u00a0imputado tambi\u00e9n se para, persigue a la v\u00edctima y se le arroja encima,\u00a0sujet\u00e1ndolo, instancia en que el primero de los acusados lo apu\u00f1ala en reiteradas ocasiones con el\u00a0cuchillo\u00a0que\u00a0portaba,\u00a0estando\u00a0la\u00a0v\u00edctima\u00a0imposibilitada\u00a0de\u00a0defenderse\u00a0al\u00a0ser\u00a0sujetado\u00a0por el coimputado. En un momento la v\u00edctima, lesionada, logra ponerse de pie tratando de darse a la\u00a0fuga,\u00a0pero\u00a0es\u00a0sujetado\u00a0por\u00a0el imputado,\u00a0quien\u00a0lo\u00a0sigue\u00a0apu\u00f1alando.<\/span><\/p>\n<p class=\"v1MsoNormal\" style=\"text-align: justify;\"><span lang=\"ES\">Terceras\u00a0personas intentaron acercarse para que termine la agresi\u00f3n, pero el coimputado\u00a0los\u00a0alej\u00f3.<\/span><\/p>\n<p class=\"v1MsoNormal\" style=\"text-align: justify;\"><span lang=\"ES\">\u00a0<\/span><\/p>\n<p class=\"v1MsoNormal\" style=\"text-align: justify;\"><span lang=\"ES\">PERITOS Y MEDIOS DE PRUEBA<\/span><\/p>\n<p class=\"v1MsoNormal\" style=\"text-align: justify;\"><span lang=\"ES\">En este caso, donde los imputados son defendidos por un defensor penal p\u00fablico, la Fiscal\u00eda est\u00e1 en condiciones de presentar m\u00e1s de 7 testigos y peritos, sumado a otros 26 medios de pruebas recabados como parte de una investigaci\u00f3n conjunta entre la Fiscal\u00eda Local de Coyhaique y la Brigada de Homicidios y el Laboratorio de Criminal\u00edstica de la PDI.<\/span><\/p>\n<p class=\"v1MsoNormal\" style=\"text-align: justify;\"><span lang=\"ES\">Se estima que el juicio en el Tribunal de Juicio Oral en Lo Penal de Coyhaique, podr\u00eda durar una semana como m\u00ednimo, donde las partes involucradas presentar\u00e1n sus argumentos.\u00a0<\/span><\/p>\n<\/div><\/section><\/div><div  style='height:50px' class='hr hr-invisible   avia-builder-el-6  el_after_av_one_full  el_before_av_social_share '><span class='hr-inner ' ><span class='hr-inner-style'><\/span><\/span><\/div><\/p>\n<div  class='av-social-sharing-box  avia-builder-el-7  el_after_av_hr  el_before_av_hr  '><div class='av-share-box'><h5 class='av-share-link-description av-no-toc '>Compartir esta noticia<\/h5><ul class='av-share-box-list noLightbox'><li class='av-share-link av-social-link-facebook' ><a target=\"_blank\" aria-label=\"Compartir en Facebook\" href='https:\/\/www.facebook.com\/sharer.php?u=https:\/\/radiorevelacionfm.cl\/?p=55318&#038;t=Se%20inici%C3%B3%20juicio%20oral%20por%20homicidio%20ocurrido%20en%20sal%C3%B3n%20de%20eventos%20de%20Coyhaique' aria-hidden='false' data-av_icon='\ue8f3' data-av_iconfont='entypo-fontello' title='' data-avia-related-tooltip='Compartir en Facebook' rel=\"noopener\"><span class='avia_hidden_link_text'>Compartir en Facebook<\/span><\/a><\/li><li class='av-share-link av-social-link-twitter' ><a target=\"_blank\" aria-label=\"Compartir en Twitter\" href='https:\/\/twitter.com\/share?text=Se%20inici%C3%B3%20juicio%20oral%20por%20homicidio%20ocurrido%20en%20sal%C3%B3n%20de%20eventos%20de%20Coyhaique&#038;url=https:\/\/radiorevelacionfm.cl\/?p=55318' aria-hidden='false' data-av_icon='\ue8f1' data-av_iconfont='entypo-fontello' title='' data-avia-related-tooltip='Compartir en Twitter' rel=\"noopener\"><span class='avia_hidden_link_text'>Compartir en Twitter<\/span><\/a><\/li><li class='av-share-link av-social-link-whatsapp' ><a target=\"_blank\" aria-label=\"Compartir en Whatsapp\" href='https:\/\/api.whatsapp.com\/send?text=https:\/\/radiorevelacionfm.cl\/?p=55318' aria-hidden='false' data-av_icon='\uf232' data-av_iconfont='entypo-fontello' title='' data-avia-related-tooltip='Compartir en Whatsapp' rel=\"noopener\"><span class='avia_hidden_link_text'>Compartir en Whatsapp<\/span><\/a><\/li><li class='av-share-link av-social-link-linkedin' ><a target=\"_blank\" aria-label=\"Compartir en LinkedIn\" href='https:\/\/linkedin.com\/shareArticle?mini=true&#038;title=Se%20inici%C3%B3%20juicio%20oral%20por%20homicidio%20ocurrido%20en%20sal%C3%B3n%20de%20eventos%20de%20Coyhaique&#038;url=https:\/\/radiorevelacionfm.cl\/?p=55318' aria-hidden='false' data-av_icon='\ue8fc' data-av_iconfont='entypo-fontello' title='' data-avia-related-tooltip='Compartir en LinkedIn' rel=\"noopener\"><span class='avia_hidden_link_text'>Compartir en LinkedIn<\/span><\/a><\/li><li class='av-share-link av-social-link-mail' ><a  aria-label=\"Compartir por correo\" href='mailto:?subject=Se%20inici%C3%B3%20juicio%20oral%20por%20homicidio%20ocurrido%20en%20sal%C3%B3n%20de%20eventos%20de%20Coyhaique&#038;body=https:\/\/radiorevelacionfm.cl\/?p=55318' aria-hidden='false' data-av_icon='\ue805' data-av_iconfont='entypo-fontello' title='' data-avia-related-tooltip='Compartir por correo'><span class='avia_hidden_link_text'>Compartir por correo<\/span><\/a><\/li><\/ul><\/div><\/div>\n<div  style='height:50px' class='hr hr-invisible   avia-builder-el-8  el_after_av_social_share  el_before_av_comments_list '><span class='hr-inner ' ><span class='hr-inner-style'><\/span><\/span><\/div>\n<div  class='av-buildercomment  av-blog-meta-html-info-disabled av-blog-meta-tag-disabled  '><\/div>\n","protected":false},"excerpt":{"rendered":"","protected":false},"author":1,"featured_media":55319,"comment_status":"closed","ping_status":"closed","sticky":false,"template":"","format":"standard","meta":{"footnotes":""},"categories":[36],"tags":[],"class_list":["post-55318","post","type-post","status-publish","format-standard","has-post-thumbnail","hentry","category-policial"],"jetpack_featured_media_url":"https:\/\/radiorevelacionfm.cl\/wp-content\/uploads\/2025\/06\/1-2025-06-16t174734_optimized.655-1.jpg","_links":{"self":[{"href":"https:\/\/radiorevelacionfm.cl\/index.php?rest_route=\/wp\/v2\/posts\/55318","targetHints":{"allow":["GET"]}}],"collection":[{"href":"https:\/\/radiorevelacionfm.cl\/index.php?rest_route=\/wp\/v2\/posts"}],"about":[{"href":"https:\/\/radiorevelacionfm.cl\/index.php?rest_route=\/wp\/v2\/types\/post"}],"author":[{"embeddable":true,"href":"https:\/\/radiorevelacionfm.cl\/index.php?rest_route=\/wp\/v2\/users\/1"}],"replies":[{"embeddable":true,"href":"https:\/\/radiorevelacionfm.cl\/index.php?rest_route=%2Fwp%2Fv2%2Fcomments&post=55318"}],"version-history":[{"count":2,"href":"https:\/\/radiorevelacionfm.cl\/index.php?rest_route=\/wp\/v2\/posts\/55318\/revisions"}],"predecessor-version":[{"id":55321,"href":"https:\/\/radiorevelacionfm.cl\/index.php?rest_route=\/wp\/v2\/posts\/55318\/revisions\/55321"}],"wp:featuredmedia":[{"embeddable":true,"href":"https:\/\/radiorevelacionfm.cl\/index.php?rest_route=\/wp\/v2\/media\/55319"}],"wp:attachment":[{"href":"https:\/\/radiorevelacionfm.cl\/index.php?rest_route=%2Fwp%2Fv2%2Fmedia&parent=55318"}],"wp:term":[{"taxonomy":"category","embeddable":true,"href":"https:\/\/radiorevelacionfm.cl\/index.php?rest_route=%2Fwp%2Fv2%2Fcategories&post=55318"},{"taxonomy":"post_tag","embeddable":true,"href":"https:\/\/radiorevelacionfm.cl\/index.php?rest_route=%2Fwp%2Fv2%2Ftags&post=55318"}],"curies":[{"name":"wp","href":"https:\/\/api.w.org\/{rel}","templated":true}]}}