{"id":55315,"date":"2025-06-17T10:31:58","date_gmt":"2025-06-17T13:31:58","guid":{"rendered":"https:\/\/radiorevelacionfm.cl\/?p=55315"},"modified":"2025-06-17T10:31:58","modified_gmt":"2025-06-17T13:31:58","slug":"sernac-desarrolla-taller-de-educacion-financiera-a-estudiantes-del-liceo-josefina-aguirre-montenegro","status":"publish","type":"post","link":"https:\/\/radiorevelacionfm.cl\/?p=55315","title":{"rendered":"SERNAC desarrolla taller de educaci\u00f3n financiera a estudiantes del Liceo Josefina Aguirre Montenegro"},"content":{"rendered":"<div class=\"flex_column av_one_full  flex_column_div av-zero-column-padding first  avia-builder-el-0  el_before_av_one_full  avia-builder-el-first  \" style='border-radius:0px; '><div  class='avia-image-container  av-styling-    avia-builder-el-1  avia-builder-el-no-sibling  avia-align-center '  itemprop=\"image\" itemscope=\"itemscope\" itemtype=\"https:\/\/schema.org\/ImageObject\"  ><div class='avia-image-container-inner'><div class='avia-image-overlay-wrap'><img decoding=\"async\" class='wp-image-55316 avia-img-lazy-loading-not-55316 avia_image' src=\"https:\/\/radiorevelacionfm.cl\/wp-content\/uploads\/2025\/06\/Taller-3\u00b0medio-josefina-1-1.jpg\" alt='' title='Taller 3\u00b0medio josefina (1) (1)' height=\"600\" width=\"800\"  itemprop=\"thumbnailUrl\" srcset=\"https:\/\/radiorevelacionfm.cl\/wp-content\/uploads\/2025\/06\/Taller-3\u00b0medio-josefina-1-1.jpg 800w, https:\/\/radiorevelacionfm.cl\/wp-content\/uploads\/2025\/06\/Taller-3\u00b0medio-josefina-1-1-300x225.jpg 300w, https:\/\/radiorevelacionfm.cl\/wp-content\/uploads\/2025\/06\/Taller-3\u00b0medio-josefina-1-1-768x576.jpg 768w, https:\/\/radiorevelacionfm.cl\/wp-content\/uploads\/2025\/06\/Taller-3\u00b0medio-josefina-1-1-705x529.jpg 705w, https:\/\/radiorevelacionfm.cl\/wp-content\/uploads\/2025\/06\/Taller-3\u00b0medio-josefina-1-1-450x338.jpg 450w, https:\/\/radiorevelacionfm.cl\/wp-content\/uploads\/2025\/06\/Taller-3\u00b0medio-josefina-1-1-600x450.jpg 600w\" sizes=\"(max-width: 800px) 100vw, 800px\" \/><\/div><\/div><\/div><\/div><div class=\"flex_column av_one_full  flex_column_div av-zero-column-padding first  avia-builder-el-2  el_after_av_one_full  el_before_av_one_full  column-top-margin\" style='border-radius:0px; '><section class=\"av_textblock_section \"  itemscope=\"itemscope\" itemtype=\"https:\/\/schema.org\/BlogPosting\" itemprop=\"blogPost\" ><div class='avia_textblock  '   itemprop=\"text\" ><p style=\"text-align: center;\"><span style=\"font-size: 18pt;\"><strong>SERNAC desarrolla taller de educaci\u00f3n financiera a estudiantes del Liceo Josefina Aguirre Montenegro<\/strong><\/span><\/p>\n<div id=\"gtx-trans\" style=\"position: absolute; left: -50px; top: 4.31534px;\">\n<div class=\"gtx-trans-icon\"><\/div>\n<\/div>\n<\/div><\/section><\/div><div class=\"flex_column av_one_full  flex_column_div av-zero-column-padding first  avia-builder-el-4  el_after_av_one_full  el_before_av_hr  column-top-margin\" style='border-radius:0px; '><section class=\"av_textblock_section \"  itemscope=\"itemscope\" itemtype=\"https:\/\/schema.org\/BlogPosting\" itemprop=\"blogPost\" ><div class='avia_textblock  '   itemprop=\"text\" ><p style=\"text-align: justify;\"><em>El curso est\u00e1\u00a0orientado\u00a0a desarrollar competencias de consumo responsable en el \u00e1mbito financiero, con la finalidad de contribuir en la formaci\u00f3n de ciudadanos responsables.<\/em><\/p>\n<p style=\"text-align: justify;\"><em>\u201cComo SERNAC creemos que\u00a0la Educaci\u00f3n Financiera es parte de la formaci\u00f3n ciudadana\u201d, declar\u00f3 la Directora Regional del SERNAC, Sandra Espinoza.<\/em><\/p>\n<p style=\"text-align: justify;\">El SERNAC de Regi\u00f3n de Ays\u00e9n realiz\u00f3 un taller sobre Educaci\u00f3n Financiera a estudiantes del Liceo Josefina Aguirre Montenegro, en la ciudad de Coyhaique.<\/p>\n<p style=\"text-align: justify;\">La iniciativa permiti\u00f3 que los alumnos de tercero medio del establecimiento participaran de un espacio, donde aprendieron conceptos b\u00e1sicos para su desarrollo como futuros consumidores informados y responsables.<\/p>\n<p style=\"text-align: justify;\">El curso estuvo orientado\u00a0a desarrollar competencias de consumo responsable en el \u00e1mbito financiero, con la finalidad de contribuir en la formaci\u00f3n de ciudadanos responsables e informados respecto del funcionamiento del mercado y las instituciones financieras, est\u00e9n alfabetizados financieramente y con competencias para desenvolverse en forma eficiente en el mercado para mejorar su calidad de vida.<\/p>\n<p style=\"text-align: justify;\">\u201cComo SERNAC creemos que\u00a0la Educaci\u00f3n Financiera es parte de la formaci\u00f3n ciudadana, y como tal, nos permite comprender el sistema en que vivimos y nuestro lugar en la sociedad\u201d, declar\u00f3 la Directora Regional del organismo, Sandra Espinoza.<\/p>\n<\/div><\/section><\/div><div  style='height:50px' class='hr hr-invisible   avia-builder-el-6  el_after_av_one_full  el_before_av_social_share '><span class='hr-inner ' ><span class='hr-inner-style'><\/span><\/span><\/div><\/p>\n<div  class='av-social-sharing-box  avia-builder-el-7  el_after_av_hr  el_before_av_hr  '><div class='av-share-box'><h5 class='av-share-link-description av-no-toc '>Compartir esta noticia<\/h5><ul class='av-share-box-list noLightbox'><li class='av-share-link av-social-link-facebook' ><a target=\"_blank\" aria-label=\"Compartir en Facebook\" href='https:\/\/www.facebook.com\/sharer.php?u=https:\/\/radiorevelacionfm.cl\/?p=55315&#038;t=SERNAC%20desarrolla%20taller%20de%20educaci%C3%B3n%20financiera%20a%20estudiantes%20del%20Liceo%20Josefina%20Aguirre%20Montenegro' aria-hidden='false' data-av_icon='\ue8f3' data-av_iconfont='entypo-fontello' title='' data-avia-related-tooltip='Compartir en Facebook' rel=\"noopener\"><span class='avia_hidden_link_text'>Compartir en Facebook<\/span><\/a><\/li><li class='av-share-link av-social-link-twitter' ><a target=\"_blank\" aria-label=\"Compartir en Twitter\" href='https:\/\/twitter.com\/share?text=SERNAC%20desarrolla%20taller%20de%20educaci%C3%B3n%20financiera%20a%20estudiantes%20del%20Liceo%20Josefina%20Aguirre%20Montenegro&#038;url=https:\/\/radiorevelacionfm.cl\/?p=55315' aria-hidden='false' data-av_icon='\ue8f1' data-av_iconfont='entypo-fontello' title='' data-avia-related-tooltip='Compartir en Twitter' rel=\"noopener\"><span class='avia_hidden_link_text'>Compartir en Twitter<\/span><\/a><\/li><li class='av-share-link av-social-link-whatsapp' ><a target=\"_blank\" aria-label=\"Compartir en Whatsapp\" href='https:\/\/api.whatsapp.com\/send?text=https:\/\/radiorevelacionfm.cl\/?p=55315' aria-hidden='false' data-av_icon='\uf232' data-av_iconfont='entypo-fontello' title='' data-avia-related-tooltip='Compartir en Whatsapp' rel=\"noopener\"><span class='avia_hidden_link_text'>Compartir en Whatsapp<\/span><\/a><\/li><li class='av-share-link av-social-link-linkedin' ><a target=\"_blank\" aria-label=\"Compartir en LinkedIn\" href='https:\/\/linkedin.com\/shareArticle?mini=true&#038;title=SERNAC%20desarrolla%20taller%20de%20educaci%C3%B3n%20financiera%20a%20estudiantes%20del%20Liceo%20Josefina%20Aguirre%20Montenegro&#038;url=https:\/\/radiorevelacionfm.cl\/?p=55315' aria-hidden='false' data-av_icon='\ue8fc' data-av_iconfont='entypo-fontello' title='' data-avia-related-tooltip='Compartir en LinkedIn' rel=\"noopener\"><span class='avia_hidden_link_text'>Compartir en LinkedIn<\/span><\/a><\/li><li class='av-share-link av-social-link-mail' ><a  aria-label=\"Compartir por correo\" href='mailto:?subject=SERNAC%20desarrolla%20taller%20de%20educaci%C3%B3n%20financiera%20a%20estudiantes%20del%20Liceo%20Josefina%20Aguirre%20Montenegro&#038;body=https:\/\/radiorevelacionfm.cl\/?p=55315' aria-hidden='false' data-av_icon='\ue805' data-av_iconfont='entypo-fontello' title='' data-avia-related-tooltip='Compartir por correo'><span class='avia_hidden_link_text'>Compartir por correo<\/span><\/a><\/li><\/ul><\/div><\/div>\n<div  style='height:50px' class='hr hr-invisible   avia-builder-el-8  el_after_av_social_share  el_before_av_comments_list '><span class='hr-inner ' ><span class='hr-inner-style'><\/span><\/span><\/div>\n<div  class='av-buildercomment  av-blog-meta-html-info-disabled av-blog-meta-tag-disabled  '><\/div>\n","protected":false},"excerpt":{"rendered":"","protected":false},"author":1,"featured_media":55316,"comment_status":"closed","ping_status":"closed","sticky":false,"template":"","format":"standard","meta":{"footnotes":""},"categories":[45,49],"tags":[],"class_list":["post-55315","post","type-post","status-publish","format-standard","has-post-thumbnail","hentry","category-comercio","category-educacion"],"jetpack_featured_media_url":"https:\/\/radiorevelacionfm.cl\/wp-content\/uploads\/2025\/06\/Taller-3\u00b0medio-josefina-1-1.jpg","_links":{"self":[{"href":"https:\/\/radiorevelacionfm.cl\/index.php?rest_route=\/wp\/v2\/posts\/55315","targetHints":{"allow":["GET"]}}],"collection":[{"href":"https:\/\/radiorevelacionfm.cl\/index.php?rest_route=\/wp\/v2\/posts"}],"about":[{"href":"https:\/\/radiorevelacionfm.cl\/index.php?rest_route=\/wp\/v2\/types\/post"}],"author":[{"embeddable":true,"href":"https:\/\/radiorevelacionfm.cl\/index.php?rest_route=\/wp\/v2\/users\/1"}],"replies":[{"embeddable":true,"href":"https:\/\/radiorevelacionfm.cl\/index.php?rest_route=%2Fwp%2Fv2%2Fcomments&post=55315"}],"version-history":[{"count":2,"href":"https:\/\/radiorevelacionfm.cl\/index.php?rest_route=\/wp\/v2\/posts\/55315\/revisions"}],"predecessor-version":[{"id":55344,"href":"https:\/\/radiorevelacionfm.cl\/index.php?rest_route=\/wp\/v2\/posts\/55315\/revisions\/55344"}],"wp:featuredmedia":[{"embeddable":true,"href":"https:\/\/radiorevelacionfm.cl\/index.php?rest_route=\/wp\/v2\/media\/55316"}],"wp:attachment":[{"href":"https:\/\/radiorevelacionfm.cl\/index.php?rest_route=%2Fwp%2Fv2%2Fmedia&parent=55315"}],"wp:term":[{"taxonomy":"category","embeddable":true,"href":"https:\/\/radiorevelacionfm.cl\/index.php?rest_route=%2Fwp%2Fv2%2Fcategories&post=55315"},{"taxonomy":"post_tag","embeddable":true,"href":"https:\/\/radiorevelacionfm.cl\/index.php?rest_route=%2Fwp%2Fv2%2Ftags&post=55315"}],"curies":[{"name":"wp","href":"https:\/\/api.w.org\/{rel}","templated":true}]}}