{"id":55312,"date":"2025-06-16T20:22:16","date_gmt":"2025-06-16T23:22:16","guid":{"rendered":"https:\/\/radiorevelacionfm.cl\/?p=55312"},"modified":"2025-06-16T20:22:16","modified_gmt":"2025-06-16T23:22:16","slug":"encuentro-educativo-reune-a-equipos-pace-y-red-futuro-tecnico-para-fortalecer-trayectorias-estudiantiles-en-la-region","status":"publish","type":"post","link":"https:\/\/radiorevelacionfm.cl\/?p=55312","title":{"rendered":"Encuentro educativo re\u00fane a equipos PACE y Red Futuro T\u00e9cnico para fortalecer trayectorias estudiantiles en la regi\u00f3n"},"content":{"rendered":"<div class=\"flex_column av_one_full  flex_column_div av-zero-column-padding first  avia-builder-el-0  el_before_av_one_full  avia-builder-el-first  \" style='border-radius:0px; '><div  class='avia-image-container  av-styling-    avia-builder-el-1  avia-builder-el-no-sibling  avia-align-center '  itemprop=\"image\" itemscope=\"itemscope\" itemtype=\"https:\/\/schema.org\/ImageObject\"  ><div class='avia-image-container-inner'><div class='avia-image-overlay-wrap'><img decoding=\"async\" class='wp-image-55313 avia-img-lazy-loading-not-55313 avia_image' src=\"https:\/\/radiorevelacionfm.cl\/wp-content\/uploads\/2025\/06\/paces3-1-1.jpeg\" alt='' title='paces3 (1) (1)' height=\"600\" width=\"800\"  itemprop=\"thumbnailUrl\" srcset=\"https:\/\/radiorevelacionfm.cl\/wp-content\/uploads\/2025\/06\/paces3-1-1.jpeg 800w, https:\/\/radiorevelacionfm.cl\/wp-content\/uploads\/2025\/06\/paces3-1-1-300x225.jpeg 300w, https:\/\/radiorevelacionfm.cl\/wp-content\/uploads\/2025\/06\/paces3-1-1-768x576.jpeg 768w, https:\/\/radiorevelacionfm.cl\/wp-content\/uploads\/2025\/06\/paces3-1-1-705x529.jpeg 705w, https:\/\/radiorevelacionfm.cl\/wp-content\/uploads\/2025\/06\/paces3-1-1-450x338.jpeg 450w, https:\/\/radiorevelacionfm.cl\/wp-content\/uploads\/2025\/06\/paces3-1-1-600x450.jpeg 600w\" sizes=\"(max-width: 800px) 100vw, 800px\" \/><\/div><\/div><\/div><\/div><div class=\"flex_column av_one_full  flex_column_div av-zero-column-padding first  avia-builder-el-2  el_after_av_one_full  el_before_av_one_full  column-top-margin\" style='border-radius:0px; '><section class=\"av_textblock_section \"  itemscope=\"itemscope\" itemtype=\"https:\/\/schema.org\/BlogPosting\" itemprop=\"blogPost\" ><div class='avia_textblock  '   itemprop=\"text\" ><h3 dir=\"ltr\" style=\"text-align: center;\"><strong><span style=\"font-size: 18pt;\">Encuentro educativo re\u00fane a equipos PACE y Red Futuro T\u00e9cnico para fortalecer trayectorias estudiantiles en la regi\u00f3n\u00a0<\/span><\/strong><\/h3>\n<div id=\"gtx-trans\" style=\"position: absolute; left: -50px; top: 4.31534px;\">\n<div class=\"gtx-trans-icon\"><\/div>\n<\/div>\n<\/div><\/section><\/div><div class=\"flex_column av_one_full  flex_column_div av-zero-column-padding first  avia-builder-el-4  el_after_av_one_full  el_before_av_hr  column-top-margin\" style='border-radius:0px; '><section class=\"av_textblock_section \"  itemscope=\"itemscope\" itemtype=\"https:\/\/schema.org\/BlogPosting\" itemprop=\"blogPost\" ><div class='avia_textblock  '   itemprop=\"text\" ><div>\n<p dir=\"ltr\" style=\"text-align: justify;\"><em>Fueron dos jornadas, donde se potenci\u00f3 el trabajo colaborativo y el intercambio de experiencias entre representantes de toda la Regi\u00f3n de Ays\u00e9n.<\/em><\/p>\n<p dir=\"ltr\" style=\"text-align: justify;\">La Universidad de Ays\u00e9n, Red Futuro T\u00e9cnico y la Universidad Austral de Chile, Campus Patagonia, fueron anfitrionas de dos jornadas de di\u00e1logo y colaboraci\u00f3n que reunieron a equipos de orientaci\u00f3n, convivencia escolar y programas de acompa\u00f1amiento de 12 establecimientos educacionales de la regi\u00f3n.<\/p>\n<p dir=\"ltr\" style=\"text-align: justify;\">Durante el evento se compartieron experiencias, estrategias y desaf\u00edos comunes entre los equipos equipos de acompa\u00f1amiento y comunidades escolares de todo el territorio, con el objetivo de consolidar una red colaborativa, que ya se hab\u00eda comenzado a articular el a\u00f1o pasado en un encuentro similar, con el prop\u00f3sito de mejorar la inclusi\u00f3n y continuidad educativa de estudiantes de ense\u00f1anza media, tanto de modalidad humanista- cient\u00edfica como t\u00e9cnico-profesional.<\/p>\n<p dir=\"ltr\" style=\"text-align: justify;\">\u00abSe arm\u00f3 una comunidad de aprendizaje que la idea es que perdure en el tiempo\u00bb, afirm\u00f3 David V\u00e1squez Oyarce, Coordinador Ejecutivo del Programa PACE de la Universidad de Ays\u00e9n, quien valor\u00f3 la instancia como un espacio profundamente enriquecedor. \u00abDurante el encuentro se compartieron pr\u00e1cticas exitosas entre comunidades regionales que podr\u00edan ser replicadas, con el objetivo de atender mejor a nuestros estudiantes y proyectar estos encuentros como espacios permanentes de colaboraci\u00f3n\u00bb, agreg\u00f3.<\/p>\n<p dir=\"ltr\" style=\"text-align: justify;\">\u00abFue una jornada muy linda y enriquecedora\u00bb, destac\u00f3 Johana Mart\u00ednez Manosalva, Coordinadora del componente de Preparaci\u00f3n de Ense\u00f1anza Media del Programa PACE, Campus Patagonia de la Universidad Austral de Chile, al referirse al nivel de participaci\u00f3n de docentes, orientadores y equipos PIE. \u00abEl intercambio de estrategias y soluciones concretas para los desaf\u00edos de inclusi\u00f3n educativa en distintas comunidades fue sumamente valioso, sobre todo considerando que es un reto transversal desde la educaci\u00f3n b\u00e1sica hasta la superior\u00bb, coment\u00f3.<\/p>\n<p dir=\"ltr\" style=\"text-align: justify;\">Desde la Red Futuro T\u00e9cnico, Andrea Zinker, jefa de proyecto para las regiones de Los Lagos, Ays\u00e9n y Magallanes, subray\u00f3 la importancia del trabajo articulado: \u00abEstos equipos de acompa\u00f1amiento son fundamentales para las trayectorias formativas y laborales del estudiantado t\u00e9cnico profesional\u00bb. Adem\u00e1s, celebr\u00f3 que incluso algunos de los establecimientos m\u00e1s alejados hayan podido participar activamente. \u00abEn una regi\u00f3n diversa y compleja como Ays\u00e9n, garantizar el acceso equitativo a la formaci\u00f3n y al conocimiento es una de nuestras principales metas\u00bb, concluy\u00f3.<\/p>\n<p dir=\"ltr\" style=\"text-align: justify;\">\u00abFue un espacio activo, muy participativo, que permiti\u00f3 compartir experiencias exitosas y desaf\u00edos reales\u00bb, relat\u00f3 Dina Casanova Paredes, orientadora del Liceo Altos del Mackay, quien valor\u00f3 la oportunidad de analizar en conjunto las barreras y oportunidades que enfrentan los liceos TP, especialmente en el acompa\u00f1amiento hacia la educaci\u00f3n superior. Tambi\u00e9n destac\u00f3 que estas instancias refuerzan el compromiso de las universidades con el trabajo en terreno y el rol clave de las orientadoras y orientadores.<\/p>\n<p dir=\"ltr\" style=\"text-align: justify;\">Desde el Liceo de Melinka, Karen Mora Gabreira, profesora de Matem\u00e1tica y encargada del Programa PACE, se\u00f1al\u00f3 que: \u00abA pesar del aislamiento geogr\u00e1fico, estamos implementando estrategias similares a las de otros establecimientos\u00bb. A\u00f1adi\u00f3 que estas jornadas permiten perfeccionar el trabajo docente y comprender que las pol\u00edticas educativas del Ministerio requieren del compromiso colectivo de toda la comunidad escolar: \u00abTodos somos responsables de su implementaci\u00f3n y ejecuci\u00f3n\u00bb, puntualiz\u00f3.<\/p>\n<p dir=\"ltr\" style=\"text-align: justify;\">Las jornadas se consolidaron como un hito de articulaci\u00f3n territorial y fortalecimiento de redes entre programas institucionales, establecimientos educacionales y actores claves del sistema educativo en Ays\u00e9n. La colaboraci\u00f3n, el intercambio de buenas pr\u00e1cticas y el reconocimiento del trabajo en contextos diversos sentaron las bases para seguir avanzando en una educaci\u00f3n m\u00e1s inclusiva, equitativa y con sentido de comunidad.<\/p>\n<\/div>\n<div style=\"text-align: justify;\"><\/div>\n<div style=\"text-align: justify;\"><\/div>\n<\/div><\/section><\/div><div  style='height:50px' class='hr hr-invisible   avia-builder-el-6  el_after_av_one_full  el_before_av_social_share '><span class='hr-inner ' ><span class='hr-inner-style'><\/span><\/span><\/div><\/p>\n<div  class='av-social-sharing-box  avia-builder-el-7  el_after_av_hr  el_before_av_hr  '><div class='av-share-box'><h5 class='av-share-link-description av-no-toc '>Compartir esta noticia<\/h5><ul class='av-share-box-list noLightbox'><li class='av-share-link av-social-link-facebook' ><a target=\"_blank\" aria-label=\"Compartir en Facebook\" href='https:\/\/www.facebook.com\/sharer.php?u=https:\/\/radiorevelacionfm.cl\/?p=55312&#038;t=Encuentro%20educativo%20re%C3%BAne%20a%20equipos%20PACE%20y%20Red%20Futuro%20T%C3%A9cnico%20para%20fortalecer%20trayectorias%20estudiantiles%20en%20la%20regi%C3%B3n' aria-hidden='false' data-av_icon='\ue8f3' data-av_iconfont='entypo-fontello' title='' data-avia-related-tooltip='Compartir en Facebook' rel=\"noopener\"><span class='avia_hidden_link_text'>Compartir en Facebook<\/span><\/a><\/li><li class='av-share-link av-social-link-twitter' ><a target=\"_blank\" aria-label=\"Compartir en Twitter\" href='https:\/\/twitter.com\/share?text=Encuentro%20educativo%20re%C3%BAne%20a%20equipos%20PACE%20y%20Red%20Futuro%20T%C3%A9cnico%20para%20fortalecer%20trayectorias%20estudiantiles%20en%20la%20regi%C3%B3n&#038;url=https:\/\/radiorevelacionfm.cl\/?p=55312' aria-hidden='false' data-av_icon='\ue8f1' data-av_iconfont='entypo-fontello' title='' data-avia-related-tooltip='Compartir en Twitter' rel=\"noopener\"><span class='avia_hidden_link_text'>Compartir en Twitter<\/span><\/a><\/li><li class='av-share-link av-social-link-whatsapp' ><a target=\"_blank\" aria-label=\"Compartir en Whatsapp\" href='https:\/\/api.whatsapp.com\/send?text=https:\/\/radiorevelacionfm.cl\/?p=55312' aria-hidden='false' data-av_icon='\uf232' data-av_iconfont='entypo-fontello' title='' data-avia-related-tooltip='Compartir en Whatsapp' rel=\"noopener\"><span class='avia_hidden_link_text'>Compartir en Whatsapp<\/span><\/a><\/li><li class='av-share-link av-social-link-linkedin' ><a target=\"_blank\" aria-label=\"Compartir en LinkedIn\" href='https:\/\/linkedin.com\/shareArticle?mini=true&#038;title=Encuentro%20educativo%20re%C3%BAne%20a%20equipos%20PACE%20y%20Red%20Futuro%20T%C3%A9cnico%20para%20fortalecer%20trayectorias%20estudiantiles%20en%20la%20regi%C3%B3n&#038;url=https:\/\/radiorevelacionfm.cl\/?p=55312' aria-hidden='false' data-av_icon='\ue8fc' data-av_iconfont='entypo-fontello' title='' data-avia-related-tooltip='Compartir en LinkedIn' rel=\"noopener\"><span class='avia_hidden_link_text'>Compartir en LinkedIn<\/span><\/a><\/li><li class='av-share-link av-social-link-mail' ><a  aria-label=\"Compartir por correo\" href='mailto:?subject=Encuentro%20educativo%20re%C3%BAne%20a%20equipos%20PACE%20y%20Red%20Futuro%20T%C3%A9cnico%20para%20fortalecer%20trayectorias%20estudiantiles%20en%20la%20regi%C3%B3n&#038;body=https:\/\/radiorevelacionfm.cl\/?p=55312' aria-hidden='false' data-av_icon='\ue805' data-av_iconfont='entypo-fontello' title='' data-avia-related-tooltip='Compartir por correo'><span class='avia_hidden_link_text'>Compartir por correo<\/span><\/a><\/li><\/ul><\/div><\/div>\n<div  style='height:50px' class='hr hr-invisible   avia-builder-el-8  el_after_av_social_share  el_before_av_comments_list '><span class='hr-inner ' ><span class='hr-inner-style'><\/span><\/span><\/div>\n<div  class='av-buildercomment  av-blog-meta-html-info-disabled av-blog-meta-tag-disabled  '><\/div>\n","protected":false},"excerpt":{"rendered":"","protected":false},"author":1,"featured_media":55313,"comment_status":"closed","ping_status":"closed","sticky":false,"template":"","format":"standard","meta":{"footnotes":""},"categories":[49],"tags":[],"class_list":["post-55312","post","type-post","status-publish","format-standard","has-post-thumbnail","hentry","category-educacion"],"jetpack_featured_media_url":"https:\/\/radiorevelacionfm.cl\/wp-content\/uploads\/2025\/06\/paces3-1-1.jpeg","_links":{"self":[{"href":"https:\/\/radiorevelacionfm.cl\/index.php?rest_route=\/wp\/v2\/posts\/55312","targetHints":{"allow":["GET"]}}],"collection":[{"href":"https:\/\/radiorevelacionfm.cl\/index.php?rest_route=\/wp\/v2\/posts"}],"about":[{"href":"https:\/\/radiorevelacionfm.cl\/index.php?rest_route=\/wp\/v2\/types\/post"}],"author":[{"embeddable":true,"href":"https:\/\/radiorevelacionfm.cl\/index.php?rest_route=\/wp\/v2\/users\/1"}],"replies":[{"embeddable":true,"href":"https:\/\/radiorevelacionfm.cl\/index.php?rest_route=%2Fwp%2Fv2%2Fcomments&post=55312"}],"version-history":[{"count":2,"href":"https:\/\/radiorevelacionfm.cl\/index.php?rest_route=\/wp\/v2\/posts\/55312\/revisions"}],"predecessor-version":[{"id":55335,"href":"https:\/\/radiorevelacionfm.cl\/index.php?rest_route=\/wp\/v2\/posts\/55312\/revisions\/55335"}],"wp:featuredmedia":[{"embeddable":true,"href":"https:\/\/radiorevelacionfm.cl\/index.php?rest_route=\/wp\/v2\/media\/55313"}],"wp:attachment":[{"href":"https:\/\/radiorevelacionfm.cl\/index.php?rest_route=%2Fwp%2Fv2%2Fmedia&parent=55312"}],"wp:term":[{"taxonomy":"category","embeddable":true,"href":"https:\/\/radiorevelacionfm.cl\/index.php?rest_route=%2Fwp%2Fv2%2Fcategories&post=55312"},{"taxonomy":"post_tag","embeddable":true,"href":"https:\/\/radiorevelacionfm.cl\/index.php?rest_route=%2Fwp%2Fv2%2Ftags&post=55312"}],"curies":[{"name":"wp","href":"https:\/\/api.w.org\/{rel}","templated":true}]}}