{"id":55308,"date":"2025-06-16T17:32:11","date_gmt":"2025-06-16T20:32:11","guid":{"rendered":"https:\/\/radiorevelacionfm.cl\/?p=55308"},"modified":"2025-06-17T20:00:33","modified_gmt":"2025-06-17T23:00:33","slug":"asume-nueva-directora-s-del-hospital-regional-coyhaique","status":"publish","type":"post","link":"https:\/\/radiorevelacionfm.cl\/?p=55308","title":{"rendered":"Asume nueva directora (s) del Hospital Regional Coyhaique"},"content":{"rendered":"<div class=\"flex_column av_one_full  flex_column_div av-zero-column-padding first  avia-builder-el-0  el_before_av_one_full  avia-builder-el-first  \" style='border-radius:0px; '><div  class='avia-image-container  av-styling-    avia-builder-el-1  avia-builder-el-no-sibling  avia-align-center '  itemprop=\"image\" itemscope=\"itemscope\" itemtype=\"https:\/\/schema.org\/ImageObject\"  ><div class='avia-image-container-inner'><div class='avia-image-overlay-wrap'><img decoding=\"async\" class='wp-image-55375 avia-img-lazy-loading-not-55375 avia_image' src=\"https:\/\/radiorevelacionfm.cl\/wp-content\/uploads\/2025\/06\/Nueva-Directora-Hospital-1-1.jpg\" alt='' title='Nueva Directora Hospital (1) (1)' height=\"600\" width=\"834\"  itemprop=\"thumbnailUrl\" srcset=\"https:\/\/radiorevelacionfm.cl\/wp-content\/uploads\/2025\/06\/Nueva-Directora-Hospital-1-1.jpg 834w, https:\/\/radiorevelacionfm.cl\/wp-content\/uploads\/2025\/06\/Nueva-Directora-Hospital-1-1-300x216.jpg 300w, https:\/\/radiorevelacionfm.cl\/wp-content\/uploads\/2025\/06\/Nueva-Directora-Hospital-1-1-768x553.jpg 768w, https:\/\/radiorevelacionfm.cl\/wp-content\/uploads\/2025\/06\/Nueva-Directora-Hospital-1-1-705x507.jpg 705w, https:\/\/radiorevelacionfm.cl\/wp-content\/uploads\/2025\/06\/Nueva-Directora-Hospital-1-1-450x324.jpg 450w, https:\/\/radiorevelacionfm.cl\/wp-content\/uploads\/2025\/06\/Nueva-Directora-Hospital-1-1-600x432.jpg 600w\" sizes=\"(max-width: 834px) 100vw, 834px\" \/><\/div><\/div><\/div><\/div><div class=\"flex_column av_one_full  flex_column_div av-zero-column-padding first  avia-builder-el-2  el_after_av_one_full  el_before_av_one_full  column-top-margin\" style='border-radius:0px; '><section class=\"av_textblock_section \"  itemscope=\"itemscope\" itemtype=\"https:\/\/schema.org\/BlogPosting\" itemprop=\"blogPost\" ><div class='avia_textblock  '   itemprop=\"text\" ><p style=\"text-align: center;\"><span style=\"font-size: 18pt;\"><strong>Asume nueva directora (s) del Hospital Regional Coyhaique<\/strong><\/span><\/p>\n<div id=\"gtx-trans\" style=\"position: absolute; left: -50px; top: 4.31534px;\">\n<div class=\"gtx-trans-icon\"><\/div>\n<\/div>\n<\/div><\/section><\/div><\/p>\n<div class=\"flex_column av_one_full  flex_column_div av-zero-column-padding first  avia-builder-el-4  el_after_av_one_full  el_before_av_hr  column-top-margin\" style='border-radius:0px; '><section class=\"av_textblock_section \"  itemscope=\"itemscope\" itemtype=\"https:\/\/schema.org\/BlogPosting\" itemprop=\"blogPost\" ><div class='avia_textblock  '   itemprop=\"text\" ><p style=\"text-align: justify;\"><em>Se trata de Victoria Pinto Henr\u00edquez, odont\u00f3loga y salubrista con m\u00e1s de 30 a\u00f1os de trayectoria en la salud p\u00fablica, quien hasta principios del a\u00f1o 2025 se desempe\u00f1\u00f3 como directora del Hospital del Salvador en Santiago.<\/em><\/p>\n<p style=\"text-align: justify;\"><strong>\u00a0<\/strong>Este lunes 16 de junio asumi\u00f3 la subrogancia del Hospital Regional Coyhaique la Dra. Victoria Pinto Henr\u00edquez, profesional con vasta experiencia en la gesti\u00f3n de instituciones de alta complejidad, donde ha liderado equipos multidisciplinarios, avanzando as\u00ed en una cultura organizacional colaborativa, en pro de la eficiencia hospitalaria.<\/p>\n<p style=\"text-align: justify;\">Odont\u00f3loga de la Universidad Federal de Rio de Janeiro, la profesional cuenta con una maestr\u00eda en Odontolog\u00eda Social y un magister en Salud P\u00fablica, adem\u00e1s de una serie de post\u00edtulos asociados a la gesti\u00f3n e innovaci\u00f3n en salud.<\/p>\n<p style=\"text-align: justify;\">En lo que respecta a su experiencia laboral, Pinto Henr\u00edquez se desempe\u00f1\u00f3 durante cinco a\u00f1os como directora del Hospital del Salvador (Santiago), cargo que ostent\u00f3 hasta febrero de 2025. Anterior a este nombramiento, la profesional ejerci\u00f3 una serie de funciones como jefatura dentro de dicho establecimiento, tales como Gesti\u00f3n de Pacientes, Servicio de Atenci\u00f3n a las Personas, Coordinaci\u00f3n y Gesti\u00f3n Hospitalaria, y Formaci\u00f3n y Relaci\u00f3n Asistencial Docente, entre otros cargos.<\/p>\n<p style=\"text-align: justify;\">Su trayectoria, marcada por m\u00e1s de tres d\u00e9cadas al servicio de la salud p\u00fablica en el pa\u00eds, tambi\u00e9n incluye al Servicio de Salud Metropolitano Oriente (SSMO), Junta Nacional de Auxilio Escolar y Becas (JUNAEB), y la Municipalidad de San Ram\u00f3n.<\/p>\n<p style=\"text-align: justify;\">\u201cQueremos implementar estrategias y metodolog\u00edas de trabajo que han funcionado desde otros \u00e1mbitos, y que vistos desde la mirada m\u00e1s externa, permitan hacer algunas modificaciones en \u00e1reas de gesti\u00f3n del hospital\u201d, indic\u00f3 la directora (s) del HRC.<\/p>\n<p style=\"text-align: justify;\">En ese contexto, la nueva directora (s) del \u00fanico hospital de alta complejidad de la regi\u00f3n, hizo hincapi\u00e9 en la importancia de generar y potenciar procesos identitarios con las y los funcionarios del recinto, \u201cque los haga sentirse muy orgullosos de ser parte de esta red de salud, que tiene un tremendo potencial. Hoy me siento parte de esto, en t\u00e9rminos de poder hacer cosas que hagan que la atenci\u00f3n llegue a las personas de manera m\u00e1s oportuna\u201d, puntualiz\u00f3, agregando que \u201chay muchos desaf\u00edos por delante, es dif\u00edcil centrarme en uno, pero fundamentalmente, potenciar esta red y hacer que el Hospital Regional Coyhaique sea el mejor hospital de Chile\u201d.<\/p>\n<p style=\"text-align: justify;\">Por su parte, Juan Pablo Bravo, director del Servicio de Salud Ays\u00e9n, destac\u00f3 la trayectoria de la nueva lideresa del HRC, quien durante su primera jornada de trabajo se reuni\u00f3 con diversos actores atingentes a la realidad hospitalaria, con el fin de ir conociendo en profundidad no s\u00f3lo el quehacer asistencial, sino tambi\u00e9n la identidad propia de la regi\u00f3n de Ays\u00e9n y sus habitantes.<\/p>\n<p style=\"text-align: justify;\">\u201cConf\u00edo plenamente en que va a dar el impulso que necesita el hospital. Hoy nos reunimos con la comunidad, colegios profesionales, asociaciones gremiales, equipo directivo, jefes de servicios y el Consejo de Desarrollo Hospitalario del HRC. Los d\u00edas que vienen, seguir\u00e1 trabajando en conjunto con los usuarios y funcionarios para generar las planificaciones y ejecutar los proyectos que est\u00e1n en camino para el Hospital Regional Coyhaique\u201d, precis\u00f3 el director del Servicio de Salud Ays\u00e9n.<\/p>\n<\/div><\/section><\/div>\n<div  style='height:50px' class='hr hr-invisible   avia-builder-el-6  el_after_av_one_full  el_before_av_social_share '><span class='hr-inner ' ><span class='hr-inner-style'><\/span><\/span><\/div>\n<div  class='av-social-sharing-box  avia-builder-el-7  el_after_av_hr  el_before_av_hr  '><div class='av-share-box'><h5 class='av-share-link-description av-no-toc '>Compartir esta noticia<\/h5><ul class='av-share-box-list noLightbox'><li class='av-share-link av-social-link-facebook' ><a target=\"_blank\" aria-label=\"Compartir en Facebook\" href='https:\/\/www.facebook.com\/sharer.php?u=https:\/\/radiorevelacionfm.cl\/?p=55308&#038;t=Asume%20nueva%20directora%20%28s%29%20del%20Hospital%20Regional%20Coyhaique' aria-hidden='false' data-av_icon='\ue8f3' data-av_iconfont='entypo-fontello' title='' data-avia-related-tooltip='Compartir en Facebook' rel=\"noopener\"><span class='avia_hidden_link_text'>Compartir en Facebook<\/span><\/a><\/li><li class='av-share-link av-social-link-twitter' ><a target=\"_blank\" aria-label=\"Compartir en Twitter\" href='https:\/\/twitter.com\/share?text=Asume%20nueva%20directora%20%28s%29%20del%20Hospital%20Regional%20Coyhaique&#038;url=https:\/\/radiorevelacionfm.cl\/?p=55308' aria-hidden='false' data-av_icon='\ue8f1' data-av_iconfont='entypo-fontello' title='' data-avia-related-tooltip='Compartir en Twitter' rel=\"noopener\"><span class='avia_hidden_link_text'>Compartir en Twitter<\/span><\/a><\/li><li class='av-share-link av-social-link-whatsapp' ><a target=\"_blank\" aria-label=\"Compartir en Whatsapp\" href='https:\/\/api.whatsapp.com\/send?text=https:\/\/radiorevelacionfm.cl\/?p=55308' aria-hidden='false' data-av_icon='\uf232' data-av_iconfont='entypo-fontello' title='' data-avia-related-tooltip='Compartir en Whatsapp' rel=\"noopener\"><span class='avia_hidden_link_text'>Compartir en Whatsapp<\/span><\/a><\/li><li class='av-share-link av-social-link-linkedin' ><a target=\"_blank\" aria-label=\"Compartir en LinkedIn\" href='https:\/\/linkedin.com\/shareArticle?mini=true&#038;title=Asume%20nueva%20directora%20%28s%29%20del%20Hospital%20Regional%20Coyhaique&#038;url=https:\/\/radiorevelacionfm.cl\/?p=55308' aria-hidden='false' data-av_icon='\ue8fc' data-av_iconfont='entypo-fontello' title='' data-avia-related-tooltip='Compartir en LinkedIn' rel=\"noopener\"><span class='avia_hidden_link_text'>Compartir en LinkedIn<\/span><\/a><\/li><li class='av-share-link av-social-link-mail' ><a  aria-label=\"Compartir por correo\" href='mailto:?subject=Asume%20nueva%20directora%20%28s%29%20del%20Hospital%20Regional%20Coyhaique&#038;body=https:\/\/radiorevelacionfm.cl\/?p=55308' aria-hidden='false' data-av_icon='\ue805' data-av_iconfont='entypo-fontello' title='' data-avia-related-tooltip='Compartir por correo'><span class='avia_hidden_link_text'>Compartir por correo<\/span><\/a><\/li><\/ul><\/div><\/div>\n<div  style='height:50px' class='hr hr-invisible   avia-builder-el-8  el_after_av_social_share  el_before_av_comments_list '><span class='hr-inner ' ><span class='hr-inner-style'><\/span><\/span><\/div>\n<div  class='av-buildercomment  av-blog-meta-html-info-disabled av-blog-meta-tag-disabled  '><\/div>\n","protected":false},"excerpt":{"rendered":"","protected":false},"author":1,"featured_media":55375,"comment_status":"closed","ping_status":"closed","sticky":false,"template":"","format":"standard","meta":{"footnotes":""},"categories":[46],"tags":[],"class_list":["post-55308","post","type-post","status-publish","format-standard","has-post-thumbnail","hentry","category-salud"],"jetpack_featured_media_url":"https:\/\/radiorevelacionfm.cl\/wp-content\/uploads\/2025\/06\/Nueva-Directora-Hospital-1-1.jpg","_links":{"self":[{"href":"https:\/\/radiorevelacionfm.cl\/index.php?rest_route=\/wp\/v2\/posts\/55308","targetHints":{"allow":["GET"]}}],"collection":[{"href":"https:\/\/radiorevelacionfm.cl\/index.php?rest_route=\/wp\/v2\/posts"}],"about":[{"href":"https:\/\/radiorevelacionfm.cl\/index.php?rest_route=\/wp\/v2\/types\/post"}],"author":[{"embeddable":true,"href":"https:\/\/radiorevelacionfm.cl\/index.php?rest_route=\/wp\/v2\/users\/1"}],"replies":[{"embeddable":true,"href":"https:\/\/radiorevelacionfm.cl\/index.php?rest_route=%2Fwp%2Fv2%2Fcomments&post=55308"}],"version-history":[{"count":3,"href":"https:\/\/radiorevelacionfm.cl\/index.php?rest_route=\/wp\/v2\/posts\/55308\/revisions"}],"predecessor-version":[{"id":55374,"href":"https:\/\/radiorevelacionfm.cl\/index.php?rest_route=\/wp\/v2\/posts\/55308\/revisions\/55374"}],"wp:featuredmedia":[{"embeddable":true,"href":"https:\/\/radiorevelacionfm.cl\/index.php?rest_route=\/wp\/v2\/media\/55375"}],"wp:attachment":[{"href":"https:\/\/radiorevelacionfm.cl\/index.php?rest_route=%2Fwp%2Fv2%2Fmedia&parent=55308"}],"wp:term":[{"taxonomy":"category","embeddable":true,"href":"https:\/\/radiorevelacionfm.cl\/index.php?rest_route=%2Fwp%2Fv2%2Fcategories&post=55308"},{"taxonomy":"post_tag","embeddable":true,"href":"https:\/\/radiorevelacionfm.cl\/index.php?rest_route=%2Fwp%2Fv2%2Ftags&post=55308"}],"curies":[{"name":"wp","href":"https:\/\/api.w.org\/{rel}","templated":true}]}}