{"id":55305,"date":"2025-06-16T20:00:43","date_gmt":"2025-06-16T23:00:43","guid":{"rendered":"https:\/\/radiorevelacionfm.cl\/?p=55305"},"modified":"2025-06-16T20:00:43","modified_gmt":"2025-06-16T23:00:43","slug":"mas-de-100-ninos-asistieron-a-las-clinicas-deportivas-que-realizo-manuel-herrera-en-puerto-aysen-encuentros-deportivos-despertaron-gran-interes-de-la-comunidad","status":"publish","type":"post","link":"https:\/\/radiorevelacionfm.cl\/?p=55305","title":{"rendered":"M\u00e1s de 100 ni\u00f1os asistieron a las cl\u00ednicas deportivas que realiz\u00f3 Manuel Herrera en Puerto Ays\u00e9n: Encuentros deportivos despertaron gran inter\u00e9s de la comunidad"},"content":{"rendered":"<div class=\"flex_column av_one_full  flex_column_div av-zero-column-padding first  avia-builder-el-0  el_before_av_one_full  avia-builder-el-first  \" style='border-radius:0px; '><div  class='avia-image-container  av-styling-    avia-builder-el-1  avia-builder-el-no-sibling  avia-align-center '  itemprop=\"image\" itemscope=\"itemscope\" itemtype=\"https:\/\/schema.org\/ImageObject\"  ><div class='avia-image-container-inner'><div class='avia-image-overlay-wrap'><img decoding=\"async\" class='wp-image-55306 avia-img-lazy-loading-not-55306 avia_image' src=\"https:\/\/radiorevelacionfm.cl\/wp-content\/uploads\/2025\/06\/IMG_0071-1.jpg\" alt='' title='IMG_0071 (1)' height=\"600\" width=\"900\"  itemprop=\"thumbnailUrl\" srcset=\"https:\/\/radiorevelacionfm.cl\/wp-content\/uploads\/2025\/06\/IMG_0071-1.jpg 900w, https:\/\/radiorevelacionfm.cl\/wp-content\/uploads\/2025\/06\/IMG_0071-1-300x200.jpg 300w, https:\/\/radiorevelacionfm.cl\/wp-content\/uploads\/2025\/06\/IMG_0071-1-768x512.jpg 768w, https:\/\/radiorevelacionfm.cl\/wp-content\/uploads\/2025\/06\/IMG_0071-1-705x470.jpg 705w, https:\/\/radiorevelacionfm.cl\/wp-content\/uploads\/2025\/06\/IMG_0071-1-450x300.jpg 450w, https:\/\/radiorevelacionfm.cl\/wp-content\/uploads\/2025\/06\/IMG_0071-1-600x400.jpg 600w\" sizes=\"(max-width: 900px) 100vw, 900px\" \/><\/div><\/div><\/div><\/div><div class=\"flex_column av_one_full  flex_column_div av-zero-column-padding first  avia-builder-el-2  el_after_av_one_full  el_before_av_one_full  column-top-margin\" style='border-radius:0px; '><section class=\"av_textblock_section \"  itemscope=\"itemscope\" itemtype=\"https:\/\/schema.org\/BlogPosting\" itemprop=\"blogPost\" ><div class='avia_textblock  '   itemprop=\"text\" ><p style=\"text-align: center;\"><strong><span style=\"font-size: 18pt;\">M\u00e1s de 100 ni\u00f1os asistieron a las cl\u00ednicas deportivas que realiz\u00f3 Manuel Herrera en Puerto Ays\u00e9n: Encuentros deportivos despertaron gran inter\u00e9s de la comunidad<\/span><\/strong><\/p>\n<div id=\"gtx-trans\" style=\"position: absolute; left: -50px; top: 4.31534px;\">\n<div class=\"gtx-trans-icon\"><\/div>\n<\/div>\n<\/div><\/section><\/div><div class=\"flex_column av_one_full  flex_column_div av-zero-column-padding first  avia-builder-el-4  el_after_av_one_full  el_before_av_hr  column-top-margin\" style='border-radius:0px; '><section class=\"av_textblock_section \"  itemscope=\"itemscope\" itemtype=\"https:\/\/schema.org\/BlogPosting\" itemprop=\"blogPost\" ><div class='avia_textblock  '   itemprop=\"text\" ><p style=\"text-align: justify;\">Este viernes 13 y s\u00e1bado 14 de junio el exseleccionado nacional de b\u00e1squetbol, Manuel Herrera, estuvo presente en Puerto Ays\u00e9n realizando cl\u00ednicas deportivas. De ellas, participaron m\u00e1s de 100 ni\u00f1os, pudiendo realizar diversos ejercicios y disfrutando de la instancia deportiva que se hizo en el Polideportivo 21 de abril.<\/p>\n<p style=\"text-align: justify;\">La primera jornada de cl\u00ednicas se efectu\u00f3 el viernes durante la ma\u00f1ana, a la que asistieron ni\u00f1os de 9 a 12 a\u00f1os, acompa\u00f1ados -la mayor\u00eda- de sus profesores. Uno de los docentes que concurri\u00f3 a esta instancia dio sus impresiones. Mauricio Leal, profesor de educaci\u00f3n f\u00edsica de Liceo Ma\u00f1ihuales, viaj\u00f3 desde esa conocida localidad junto a sus alumnos para ser part\u00edcipe de la cl\u00ednica y agradeci\u00f3 la presencia del exseleccionado.<\/p>\n<p style=\"text-align: justify;\">\u201cComo don Manuel es experto en el tema, uno igual aprende de este tipo de ejercicios que \u00e9l realiza. Aparte de profesor de educaci\u00f3n f\u00edsica, igual hago el taller de baloncesto, as\u00ed que es s\u00faper importante estas instancias porque los ni\u00f1os aprenden y los profesores nos llenamos de la experiencia\u201d, sostuvo al respecto.<\/p>\n<p style=\"text-align: justify;\">Ese mismo d\u00eda, pero en la tarde, se realiz\u00f3 una capacitaci\u00f3n para futuros entrenadores, a quienes les explic\u00f3 fundamentos del baloncesto, entre otras cosas. El s\u00e1bado, en tanto, se concret\u00f3 la segunda jornada de cl\u00ednicas deportivas, para jugadores U15 y U17. Cerca de 40 fueron part\u00edcipes de ello.<\/p>\n<p style=\"text-align: justify;\">El exseleccionado nacional Manuel Herrera manifest\u00f3 su alegr\u00eda tras la realizaci\u00f3n de las cl\u00ednicas y la capacitaci\u00f3n. \u201cLas dos cl\u00ednicas que hice con los chicos de 9 a 12 a\u00f1os y los de U15 y U17, tuvieron una muy buena presencia, trabajaron muy bien y se cumpli\u00f3 el objetivo de tratar de incentivarlos y motivarlos para que sigan<\/p>\n<p style=\"text-align: justify;\">practicando este deporte\u201d, dijo.<\/p>\n<p style=\"text-align: justify;\">\u201cAs\u00ed que es muy grato haber estado ac\u00e1 y muy contento porque se cumplieron todas las metas que nos propusimos\u201d, agreg\u00f3. Herrera adem\u00e1s recibi\u00f3 un reconocimiento de parte de la Corporaci\u00f3n de Deportes de la Municipalidad de Ays\u00e9n y un poler\u00f3n del club EMBA, que le entreg\u00f3 Alejandro Bahamonde, gerente general de Empresas Bahamonde.<\/p>\n<p style=\"text-align: justify;\">Cabe precisar que el s\u00e1bado durante la tarde se llevaron a cabo varios encuentros deportivos. Jugaron el club Ma\u00f1ihuales y BFA en categor\u00eda damas, que dej\u00f3 un marcador de 44-36, a favor de Ma\u00f1ihuales. Un partido que llam\u00f3 la atenci\u00f3n fue el de la selecci\u00f3n de Ays\u00e9n -donde jug\u00f3 Manuel Herrera- versus la de Coyhaique, que termin\u00f3 55-41, resultado que favoreci\u00f3 a Ays\u00e9n.<\/p>\n<p style=\"text-align: justify;\">El cierre estuvo a cargo de club EMBA que enfrent\u00f3 a la filial de Colo Colo en Coyhaique, gan\u00e1ndole por 69 a 42. Esta instancia sirvi\u00f3 para dar a conocer al equipo deportivo de b\u00e1squetbol que form\u00f3 Empresas Bahamonde. Su director t\u00e9cnico habl\u00f3 tras el encuentro. \u201cNos sirvi\u00f3 cualquier cantidad que haya venido el profe (Manuel Herrera), nos entreg\u00f3 bastantes conceptos que en realidad yo no manejaba y pudimos aplicarlo en el partido en bastantes oportunidades, as\u00ed que fue de mucho apoyo para para m\u00ed en especial por el equipo y para la comunidad aysenina, que los profes se nutrieron de nuevas t\u00e9cnicas y t\u00e1cticas para el baloncesto\u201d, dijo.<\/p>\n<\/div><\/section><\/div><div  style='height:50px' class='hr hr-invisible   avia-builder-el-6  el_after_av_one_full  el_before_av_social_share '><span class='hr-inner ' ><span class='hr-inner-style'><\/span><\/span><\/div><\/p>\n<div  class='av-social-sharing-box  avia-builder-el-7  el_after_av_hr  el_before_av_hr  '><div class='av-share-box'><h5 class='av-share-link-description av-no-toc '>Compartir esta noticia<\/h5><ul class='av-share-box-list noLightbox'><li class='av-share-link av-social-link-facebook' ><a target=\"_blank\" aria-label=\"Compartir en Facebook\" href='https:\/\/www.facebook.com\/sharer.php?u=https:\/\/radiorevelacionfm.cl\/?p=55305&#038;t=M%C3%A1s%20de%20100%20ni%C3%B1os%20asistieron%20a%20las%20cl%C3%ADnicas%20deportivas%20que%20realiz%C3%B3%20Manuel%20Herrera%20en%20Puerto%20Ays%C3%A9n%3A%20Encuentros%20deportivos%20despertaron%20gran%20inter%C3%A9s%20de%20la%20comunidad' aria-hidden='false' data-av_icon='\ue8f3' data-av_iconfont='entypo-fontello' title='' data-avia-related-tooltip='Compartir en Facebook' rel=\"noopener\"><span class='avia_hidden_link_text'>Compartir en Facebook<\/span><\/a><\/li><li class='av-share-link av-social-link-twitter' ><a target=\"_blank\" aria-label=\"Compartir en Twitter\" href='https:\/\/twitter.com\/share?text=M%C3%A1s%20de%20100%20ni%C3%B1os%20asistieron%20a%20las%20cl%C3%ADnicas%20deportivas%20que%20realiz%C3%B3%20Manuel%20Herrera%20en%20Puerto%20Ays%C3%A9n%3A%20Encuentros%20deportivos%20despertaron%20gran%20inter%C3%A9s%20de%20la%20comunidad&#038;url=https:\/\/radiorevelacionfm.cl\/?p=55305' aria-hidden='false' data-av_icon='\ue8f1' data-av_iconfont='entypo-fontello' title='' data-avia-related-tooltip='Compartir en Twitter' rel=\"noopener\"><span class='avia_hidden_link_text'>Compartir en Twitter<\/span><\/a><\/li><li class='av-share-link av-social-link-whatsapp' ><a target=\"_blank\" aria-label=\"Compartir en Whatsapp\" href='https:\/\/api.whatsapp.com\/send?text=https:\/\/radiorevelacionfm.cl\/?p=55305' aria-hidden='false' data-av_icon='\uf232' data-av_iconfont='entypo-fontello' title='' data-avia-related-tooltip='Compartir en Whatsapp' rel=\"noopener\"><span class='avia_hidden_link_text'>Compartir en Whatsapp<\/span><\/a><\/li><li class='av-share-link av-social-link-linkedin' ><a target=\"_blank\" aria-label=\"Compartir en LinkedIn\" href='https:\/\/linkedin.com\/shareArticle?mini=true&#038;title=M%C3%A1s%20de%20100%20ni%C3%B1os%20asistieron%20a%20las%20cl%C3%ADnicas%20deportivas%20que%20realiz%C3%B3%20Manuel%20Herrera%20en%20Puerto%20Ays%C3%A9n%3A%20Encuentros%20deportivos%20despertaron%20gran%20inter%C3%A9s%20de%20la%20comunidad&#038;url=https:\/\/radiorevelacionfm.cl\/?p=55305' aria-hidden='false' data-av_icon='\ue8fc' data-av_iconfont='entypo-fontello' title='' data-avia-related-tooltip='Compartir en LinkedIn' rel=\"noopener\"><span class='avia_hidden_link_text'>Compartir en LinkedIn<\/span><\/a><\/li><li class='av-share-link av-social-link-mail' ><a  aria-label=\"Compartir por correo\" href='mailto:?subject=M%C3%A1s%20de%20100%20ni%C3%B1os%20asistieron%20a%20las%20cl%C3%ADnicas%20deportivas%20que%20realiz%C3%B3%20Manuel%20Herrera%20en%20Puerto%20Ays%C3%A9n%3A%20Encuentros%20deportivos%20despertaron%20gran%20inter%C3%A9s%20de%20la%20comunidad&#038;body=https:\/\/radiorevelacionfm.cl\/?p=55305' aria-hidden='false' data-av_icon='\ue805' data-av_iconfont='entypo-fontello' title='' data-avia-related-tooltip='Compartir por correo'><span class='avia_hidden_link_text'>Compartir por correo<\/span><\/a><\/li><\/ul><\/div><\/div>\n<div  style='height:50px' class='hr hr-invisible   avia-builder-el-8  el_after_av_social_share  el_before_av_comments_list '><span class='hr-inner ' ><span class='hr-inner-style'><\/span><\/span><\/div>\n<div  class='av-buildercomment  av-blog-meta-html-info-disabled av-blog-meta-tag-disabled  '><\/div>\n","protected":false},"excerpt":{"rendered":"","protected":false},"author":1,"featured_media":55306,"comment_status":"closed","ping_status":"closed","sticky":false,"template":"","format":"standard","meta":{"footnotes":""},"categories":[40],"tags":[],"class_list":["post-55305","post","type-post","status-publish","format-standard","has-post-thumbnail","hentry","category-deportes"],"jetpack_featured_media_url":"https:\/\/radiorevelacionfm.cl\/wp-content\/uploads\/2025\/06\/IMG_0071-1.jpg","_links":{"self":[{"href":"https:\/\/radiorevelacionfm.cl\/index.php?rest_route=\/wp\/v2\/posts\/55305","targetHints":{"allow":["GET"]}}],"collection":[{"href":"https:\/\/radiorevelacionfm.cl\/index.php?rest_route=\/wp\/v2\/posts"}],"about":[{"href":"https:\/\/radiorevelacionfm.cl\/index.php?rest_route=\/wp\/v2\/types\/post"}],"author":[{"embeddable":true,"href":"https:\/\/radiorevelacionfm.cl\/index.php?rest_route=\/wp\/v2\/users\/1"}],"replies":[{"embeddable":true,"href":"https:\/\/radiorevelacionfm.cl\/index.php?rest_route=%2Fwp%2Fv2%2Fcomments&post=55305"}],"version-history":[{"count":2,"href":"https:\/\/radiorevelacionfm.cl\/index.php?rest_route=\/wp\/v2\/posts\/55305\/revisions"}],"predecessor-version":[{"id":55334,"href":"https:\/\/radiorevelacionfm.cl\/index.php?rest_route=\/wp\/v2\/posts\/55305\/revisions\/55334"}],"wp:featuredmedia":[{"embeddable":true,"href":"https:\/\/radiorevelacionfm.cl\/index.php?rest_route=\/wp\/v2\/media\/55306"}],"wp:attachment":[{"href":"https:\/\/radiorevelacionfm.cl\/index.php?rest_route=%2Fwp%2Fv2%2Fmedia&parent=55305"}],"wp:term":[{"taxonomy":"category","embeddable":true,"href":"https:\/\/radiorevelacionfm.cl\/index.php?rest_route=%2Fwp%2Fv2%2Fcategories&post=55305"},{"taxonomy":"post_tag","embeddable":true,"href":"https:\/\/radiorevelacionfm.cl\/index.php?rest_route=%2Fwp%2Fv2%2Ftags&post=55305"}],"curies":[{"name":"wp","href":"https:\/\/api.w.org\/{rel}","templated":true}]}}