{"id":55299,"date":"2025-06-16T18:37:10","date_gmt":"2025-06-16T21:37:10","guid":{"rendered":"https:\/\/radiorevelacionfm.cl\/?p=55299"},"modified":"2025-06-16T18:37:10","modified_gmt":"2025-06-16T21:37:10","slug":"sandoval-valoro-avances-en-algunos-tramos-de-la-carretera-austral-si-bien-reitero-que-gobierno-no-cumplira-compromiso-de-140-km-de-pavimentos","status":"publish","type":"post","link":"https:\/\/radiorevelacionfm.cl\/?p=55299","title":{"rendered":"Sandoval valor\u00f3 avances en algunos tramos de la Carretera Austral, si bien reiter\u00f3 que Gobierno no cumplir\u00e1 compromiso de 140 km de pavimentos"},"content":{"rendered":"<div class=\"flex_column av_one_full  flex_column_div av-zero-column-padding first  avia-builder-el-0  el_before_av_one_full  avia-builder-el-first  \" style='border-radius:0px; '><div  class='avia-image-container  av-styling-    avia-builder-el-1  avia-builder-el-no-sibling  avia-align-center '  itemprop=\"image\" itemscope=\"itemscope\" itemtype=\"https:\/\/schema.org\/ImageObject\"  ><div class='avia-image-container-inner'><div class='avia-image-overlay-wrap'><img decoding=\"async\" class='wp-image-55300 avia-img-lazy-loading-not-55300 avia_image' src=\"https:\/\/radiorevelacionfm.cl\/wp-content\/uploads\/2025\/06\/pavimentacion_optimized.jpg\" alt='' title='pavimentacion_optimized' height=\"600\" width=\"800\"  itemprop=\"thumbnailUrl\" srcset=\"https:\/\/radiorevelacionfm.cl\/wp-content\/uploads\/2025\/06\/pavimentacion_optimized.jpg 800w, https:\/\/radiorevelacionfm.cl\/wp-content\/uploads\/2025\/06\/pavimentacion_optimized-300x225.jpg 300w, https:\/\/radiorevelacionfm.cl\/wp-content\/uploads\/2025\/06\/pavimentacion_optimized-768x576.jpg 768w, https:\/\/radiorevelacionfm.cl\/wp-content\/uploads\/2025\/06\/pavimentacion_optimized-705x529.jpg 705w, https:\/\/radiorevelacionfm.cl\/wp-content\/uploads\/2025\/06\/pavimentacion_optimized-450x338.jpg 450w, https:\/\/radiorevelacionfm.cl\/wp-content\/uploads\/2025\/06\/pavimentacion_optimized-600x450.jpg 600w\" sizes=\"(max-width: 800px) 100vw, 800px\" \/><\/div><\/div><\/div><\/div><div class=\"flex_column av_one_full  flex_column_div av-zero-column-padding first  avia-builder-el-2  el_after_av_one_full  el_before_av_one_full  column-top-margin\" style='border-radius:0px; '><section class=\"av_textblock_section \"  itemscope=\"itemscope\" itemtype=\"https:\/\/schema.org\/BlogPosting\" itemprop=\"blogPost\" ><div class='avia_textblock  '   itemprop=\"text\" ><p style=\"text-align: center;\"><span style=\"font-size: 18pt;\"><strong>Sandoval valor\u00f3 avances en algunos tramos de la Carretera Austral, si bien reiter\u00f3 que Gobierno no cumplir\u00e1 compromiso de 140 km de pavimentos <\/strong><\/span><\/p>\n<div id=\"gtx-trans\" style=\"position: absolute; left: -50px; top: 4.31534px;\">\n<div class=\"gtx-trans-icon\"><\/div>\n<\/div>\n<\/div><\/section><\/div><div class=\"flex_column av_one_full  flex_column_div av-zero-column-padding first  avia-builder-el-4  el_after_av_one_full  el_before_av_hr  column-top-margin\" style='border-radius:0px; '><section class=\"av_textblock_section \"  itemscope=\"itemscope\" itemtype=\"https:\/\/schema.org\/BlogPosting\" itemprop=\"blogPost\" ><div class='avia_textblock  '   itemprop=\"text\" ><p style=\"text-align: justify;\"><strong><em>Parlamentario se reuni\u00f3 en \u00faltimos d\u00edas con seremi del MOP, Paloma Jara, donde analizaron cartera de proyectos de conectividad a nivel regional <\/em><\/strong><\/p>\n<p style=\"text-align: justify;\">El senador David Sandoval reiter\u00f3 que el Gobierno no cumplir\u00e1 su compromiso de pavimentar 140 kil\u00f3metros de la Carretera Austral, si bien valor\u00f3 el avance que se ha tenido en algunos tramos de la ruta. Esto, luego de una reciente reuni\u00f3n que sostuvo con la seremi del MOP en Ays\u00e9n, Paloma Jara con quien analizaron la cartera de proyectos que en materia de conectividad tiene en ejecuci\u00f3n y se proyecta realizar a nivel regional.<\/p>\n<p style=\"text-align: justify;\">Para Sandoval \u201clos caminos es la causa fundamental del mayor atraso que tenemos nosotros\u201d en la regi\u00f3n, para lo cual es clave la pavimentaci\u00f3n de la ruta 7, destacando que por lo menos se pueda avanzar en algunas licitaciones, reposiciones y adjudicaciones. \u201cEst\u00e1 claro que el Gobierno no va a cumplir el pavimentar los 140 kil\u00f3metros. (Pero) nos alegramos tambi\u00e9n de la adjudicaci\u00f3n del proyecto de pavimentaci\u00f3n de los 17 kil\u00f3metros del puente de Chacabuco al Manzano, o (la reposici\u00f3n de) los puentes Rosselot y Palena\u201d, indic\u00f3, resaltando tambi\u00e9n la Recomendaci\u00f3n Satisfactoria que permitir\u00e1 avanzar en la adjudicaci\u00f3n del contrato por 16,2 km. de pavimentos del tramo Acceso Bah\u00eda Murta \u2013 Puente El Belga, en la comuna de R\u00edo Ib\u00e1\u00f1ez.<\/p>\n<p style=\"text-align: justify;\">A su juicio, \u201cesas son las obras que nosotros necesitamos en la regi\u00f3n\u201d, porque ellas significar\u00e1n actividad econ\u00f3mica y mejoramiento de la conectividad, tema que tambi\u00e9n abord\u00f3 en otra reuni\u00f3n sostenida recientemente con la C\u00e1mara Chilena de la Construcci\u00f3n (CCHC), filial Coyhaique.<\/p>\n<p style=\"text-align: justify;\">Por lo mismo, el parlamentario enfatiz\u00f3 en que, si se hubiese avanzado en las promesas de esta administraci\u00f3n como las de gobiernos anteriores con la pavimentaci\u00f3n de la ruta 7, \u201cya tendr\u00edamos la carretera con doble pista desde La Junta hasta Puerto Yungay\u201d.<\/p>\n<p style=\"text-align: justify;\">Y es por lo mismo que destac\u00f3 el rol que tiene el Gobierno Regional en esta materia, pues record\u00f3 que las gestiones que realiz\u00f3 en 2023 con el entonces ministro de Obras P\u00fablicas, Juan Carlos Garc\u00eda, permiti\u00f3 liberar a la regi\u00f3n de utilizar sus propios recursos para avanzar en pavimentos de la Carretera Austral. \u201cEsto nace a consecuencia de que ning\u00fan Gobierno Regional, desde Arica hasta Puerto Montt pone un peso en la ruta 5. Entonces nosotros dec\u00edamos, por qu\u00e9 la regi\u00f3n de Ays\u00e9n tiene que poner recursos en esta ruta estructurante. Entonces, al liberarla de esos recursos, lo que se buscaba tambi\u00e9n es que la regi\u00f3n hiciera otro convenio de programaci\u00f3n con el MOP para atender las redes regionales\u201d, puntualiz\u00f3.<\/p>\n<p style=\"text-align: justify;\">Sobre esto \u00faltimo, dijo que se podr\u00eda avanzar por ejemplo en pavimentar La Junta a Lago Verde, seguir con la pavimentaci\u00f3n de Puerto Guadal al Mait\u00e9n o mejorar est\u00e1ndar de caminos internos como hacia Lago Atravesado. \u201cEsa es la idea tambi\u00e9n, no perder esa br\u00fajula\u201d, concluy\u00f3.<\/p>\n<\/div><\/section><\/div><div  style='height:50px' class='hr hr-invisible   avia-builder-el-6  el_after_av_one_full  el_before_av_social_share '><span class='hr-inner ' ><span class='hr-inner-style'><\/span><\/span><\/div><\/p>\n<div  class='av-social-sharing-box  avia-builder-el-7  el_after_av_hr  el_before_av_hr  '><div class='av-share-box'><h5 class='av-share-link-description av-no-toc '>Compartir esta noticia<\/h5><ul class='av-share-box-list noLightbox'><li class='av-share-link av-social-link-facebook' ><a target=\"_blank\" aria-label=\"Compartir en Facebook\" href='https:\/\/www.facebook.com\/sharer.php?u=https:\/\/radiorevelacionfm.cl\/?p=55299&#038;t=Sandoval%20valor%C3%B3%20avances%20en%20algunos%20tramos%20de%20la%20Carretera%20Austral%2C%20si%20bien%20reiter%C3%B3%20que%20Gobierno%20no%20cumplir%C3%A1%20compromiso%20de%20140%20km%20de%20pavimentos' aria-hidden='false' data-av_icon='\ue8f3' data-av_iconfont='entypo-fontello' title='' data-avia-related-tooltip='Compartir en Facebook' rel=\"noopener\"><span class='avia_hidden_link_text'>Compartir en Facebook<\/span><\/a><\/li><li class='av-share-link av-social-link-twitter' ><a target=\"_blank\" aria-label=\"Compartir en Twitter\" href='https:\/\/twitter.com\/share?text=Sandoval%20valor%C3%B3%20avances%20en%20algunos%20tramos%20de%20la%20Carretera%20Austral%2C%20si%20bien%20reiter%C3%B3%20que%20Gobierno%20no%20cumplir%C3%A1%20compromiso%20de%20140%20km%20de%20pavimentos&#038;url=https:\/\/radiorevelacionfm.cl\/?p=55299' aria-hidden='false' data-av_icon='\ue8f1' data-av_iconfont='entypo-fontello' title='' data-avia-related-tooltip='Compartir en Twitter' rel=\"noopener\"><span class='avia_hidden_link_text'>Compartir en Twitter<\/span><\/a><\/li><li class='av-share-link av-social-link-whatsapp' ><a target=\"_blank\" aria-label=\"Compartir en Whatsapp\" href='https:\/\/api.whatsapp.com\/send?text=https:\/\/radiorevelacionfm.cl\/?p=55299' aria-hidden='false' data-av_icon='\uf232' data-av_iconfont='entypo-fontello' title='' data-avia-related-tooltip='Compartir en Whatsapp' rel=\"noopener\"><span class='avia_hidden_link_text'>Compartir en Whatsapp<\/span><\/a><\/li><li class='av-share-link av-social-link-linkedin' ><a target=\"_blank\" aria-label=\"Compartir en LinkedIn\" href='https:\/\/linkedin.com\/shareArticle?mini=true&#038;title=Sandoval%20valor%C3%B3%20avances%20en%20algunos%20tramos%20de%20la%20Carretera%20Austral%2C%20si%20bien%20reiter%C3%B3%20que%20Gobierno%20no%20cumplir%C3%A1%20compromiso%20de%20140%20km%20de%20pavimentos&#038;url=https:\/\/radiorevelacionfm.cl\/?p=55299' aria-hidden='false' data-av_icon='\ue8fc' data-av_iconfont='entypo-fontello' title='' data-avia-related-tooltip='Compartir en LinkedIn' rel=\"noopener\"><span class='avia_hidden_link_text'>Compartir en LinkedIn<\/span><\/a><\/li><li class='av-share-link av-social-link-mail' ><a  aria-label=\"Compartir por correo\" href='mailto:?subject=Sandoval%20valor%C3%B3%20avances%20en%20algunos%20tramos%20de%20la%20Carretera%20Austral%2C%20si%20bien%20reiter%C3%B3%20que%20Gobierno%20no%20cumplir%C3%A1%20compromiso%20de%20140%20km%20de%20pavimentos&#038;body=https:\/\/radiorevelacionfm.cl\/?p=55299' aria-hidden='false' data-av_icon='\ue805' data-av_iconfont='entypo-fontello' title='' data-avia-related-tooltip='Compartir por correo'><span class='avia_hidden_link_text'>Compartir por correo<\/span><\/a><\/li><\/ul><\/div><\/div>\n<div  style='height:50px' class='hr hr-invisible   avia-builder-el-8  el_after_av_social_share  el_before_av_comments_list '><span class='hr-inner ' ><span class='hr-inner-style'><\/span><\/span><\/div>\n<div  class='av-buildercomment  av-blog-meta-html-info-disabled av-blog-meta-tag-disabled  '><\/div>\n","protected":false},"excerpt":{"rendered":"","protected":false},"author":1,"featured_media":55300,"comment_status":"closed","ping_status":"closed","sticky":false,"template":"","format":"standard","meta":{"footnotes":""},"categories":[35],"tags":[],"class_list":["post-55299","post","type-post","status-publish","format-standard","has-post-thumbnail","hentry","category-politica"],"jetpack_featured_media_url":"https:\/\/radiorevelacionfm.cl\/wp-content\/uploads\/2025\/06\/pavimentacion_optimized.jpg","_links":{"self":[{"href":"https:\/\/radiorevelacionfm.cl\/index.php?rest_route=\/wp\/v2\/posts\/55299","targetHints":{"allow":["GET"]}}],"collection":[{"href":"https:\/\/radiorevelacionfm.cl\/index.php?rest_route=\/wp\/v2\/posts"}],"about":[{"href":"https:\/\/radiorevelacionfm.cl\/index.php?rest_route=\/wp\/v2\/types\/post"}],"author":[{"embeddable":true,"href":"https:\/\/radiorevelacionfm.cl\/index.php?rest_route=\/wp\/v2\/users\/1"}],"replies":[{"embeddable":true,"href":"https:\/\/radiorevelacionfm.cl\/index.php?rest_route=%2Fwp%2Fv2%2Fcomments&post=55299"}],"version-history":[{"count":2,"href":"https:\/\/radiorevelacionfm.cl\/index.php?rest_route=\/wp\/v2\/posts\/55299\/revisions"}],"predecessor-version":[{"id":55325,"href":"https:\/\/radiorevelacionfm.cl\/index.php?rest_route=\/wp\/v2\/posts\/55299\/revisions\/55325"}],"wp:featuredmedia":[{"embeddable":true,"href":"https:\/\/radiorevelacionfm.cl\/index.php?rest_route=\/wp\/v2\/media\/55300"}],"wp:attachment":[{"href":"https:\/\/radiorevelacionfm.cl\/index.php?rest_route=%2Fwp%2Fv2%2Fmedia&parent=55299"}],"wp:term":[{"taxonomy":"category","embeddable":true,"href":"https:\/\/radiorevelacionfm.cl\/index.php?rest_route=%2Fwp%2Fv2%2Fcategories&post=55299"},{"taxonomy":"post_tag","embeddable":true,"href":"https:\/\/radiorevelacionfm.cl\/index.php?rest_route=%2Fwp%2Fv2%2Ftags&post=55299"}],"curies":[{"name":"wp","href":"https:\/\/api.w.org\/{rel}","templated":true}]}}